{"id":893,"date":"2017-04-21T14:39:45","date_gmt":"2017-04-21T12:39:45","guid":{"rendered":"http:\/\/agora.xtec.cat\/inslaserrasabadell\/?p=893"},"modified":"2017-04-21T14:40:02","modified_gmt":"2017-04-21T12:40:02","slug":"els-guanyadors-del-concurs-de-sant-jordi","status":"publish","type":"post","link":"https:\/\/agora.xtec.cat\/inslaserrasabadell\/general\/els-guanyadors-del-concurs-de-sant-jordi\/","title":{"rendered":"Els guanyadors del concurs de Sant Jordi"},"content":{"rendered":"<p><em>Article creat i editat per Esther Font (La Veu de La Serra) <\/em><\/p>\n<p>Com pr\u00e8viament vam anunciar, a l\u2019Institut La Serra vam organitzar un concurs de Sant Jordi en el que es podia participar amb quatre modalitats.<\/p>\n<p>Hi havia un secci\u00f3 de literatura (narraci\u00f3 i poesia) i una altra de fotografia (matem\u00e0tiques i angl\u00e9s).<\/p>\n<p>Els guanyadors s\u00f3n els seg\u00fcents:<\/p>\n<p>En la modalitat de narraci\u00f3, el segon premi ha sigut per l\u2019Achraf Ben Kerta de 1r A amb el seu conte \u201cEls fantasmes del futbol\u201d i el primer premi ha sigut per l\u2019Aida P\u00e9rez de 1r B amb el seu conte \u201cEl pozo\u201d. Aquesta secci\u00f3 consistia en inventar-se un conte o relat curt i el tema havia d\u2019estar relacionat amb la por.<\/p>\n<p>En la modalitat de poesia, la guanyadora ha sigut Mamasa Dukuray de 2n amb la seva poesia \u201cSola\u201d. Aquesta modalitat consistia en crear una poesia, tamb\u00e9 relacionada amb la por.<\/p>\n<figure id=\"attachment_905\" aria-describedby=\"caption-attachment-905\" style=\"width: 355px\" class=\"wp-caption alignright\"><a href=\"http:\/\/agora.xtec.cat\/inslaserrasabadell\/wp-content\/uploads\/usu1513\/2017\/04\/IMG-20170421-WA0004.jpg\"><img loading=\"lazy\" decoding=\"async\" class=\"wp-image-905\" src=\"http:\/\/agora.xtec.cat\/inslaserrasabadell\/wp-content\/uploads\/usu1513\/2017\/04\/IMG-20170421-WA0004-1024x768.jpg\" alt=\"IMG-20170421-WA0004\" width=\"355\" height=\"266\" srcset=\"https:\/\/agora.xtec.cat\/inslaserrasabadell\/wp-content\/uploads\/usu1513\/2017\/04\/IMG-20170421-WA0004-1024x768.jpg 1024w, https:\/\/agora.xtec.cat\/inslaserrasabadell\/wp-content\/uploads\/usu1513\/2017\/04\/IMG-20170421-WA0004-300x225.jpg 300w, https:\/\/agora.xtec.cat\/inslaserrasabadell\/wp-content\/uploads\/usu1513\/2017\/04\/IMG-20170421-WA0004-768x576.jpg 768w, https:\/\/agora.xtec.cat\/inslaserrasabadell\/wp-content\/uploads\/usu1513\/2017\/04\/IMG-20170421-WA0004-200x150.jpg 200w, https:\/\/agora.xtec.cat\/inslaserrasabadell\/wp-content\/uploads\/usu1513\/2017\/04\/IMG-20170421-WA0004.jpg 1600w\" sizes=\"auto, (max-width: 355px) 100vw, 355px\" \/><\/a><figcaption id=\"caption-attachment-905\" class=\"wp-caption-text\">Guanyadors i guanyadores del concurs.<\/figcaption><\/figure>\n<p>En la modalitat de fotografia matem\u00e0tica, la guanyadora ha sigut la Marilia Dos Anjos de 1r B amb la fotografia \u201c138\u00ba de autoestima\u201d. En aquesta modalitat havien de fer una foto en la que es pogu\u00e9s apreciar alguna cosa relacionada amb les matem\u00e0tiques.<\/p>\n<p>En la modalitat de \u201cPictures and words\u201d, la guanyadora ha sigut l\u2019Esther Font de 3r A amb la seva foto \u201cA little part of world\u201d. En aquesta modalitat havien de fer una foto que tingu\u00e9s relaci\u00f3 amb la curiositat i posar-hi una descripci\u00f3 en angl\u00e8s.<\/p>\n<p>Aquets premis s\u2019han repartit en un acte en la biblioteca del centre. En breu podreu llegir les obres i veure les fotografies guanyadores.<\/p>\n<figure id=\"attachment_898\" aria-describedby=\"caption-attachment-898\" style=\"width: 359px\" class=\"wp-caption alignnone\"><a href=\"http:\/\/agora.xtec.cat\/inslaserrasabadell\/wp-content\/uploads\/usu1513\/2017\/04\/IMG-20170421-WA0003.jpg\"><img loading=\"lazy\" decoding=\"async\" class=\"wp-image-898\" src=\"http:\/\/agora.xtec.cat\/inslaserrasabadell\/wp-content\/uploads\/usu1513\/2017\/04\/IMG-20170421-WA0003-1024x768.jpg\" alt=\"IMG-20170421-WA0003\" width=\"359\" height=\"269\" srcset=\"https:\/\/agora.xtec.cat\/inslaserrasabadell\/wp-content\/uploads\/usu1513\/2017\/04\/IMG-20170421-WA0003-1024x768.jpg 1024w, https:\/\/agora.xtec.cat\/inslaserrasabadell\/wp-content\/uploads\/usu1513\/2017\/04\/IMG-20170421-WA0003-300x225.jpg 300w, https:\/\/agora.xtec.cat\/inslaserrasabadell\/wp-content\/uploads\/usu1513\/2017\/04\/IMG-20170421-WA0003-768x576.jpg 768w, https:\/\/agora.xtec.cat\/inslaserrasabadell\/wp-content\/uploads\/usu1513\/2017\/04\/IMG-20170421-WA0003-200x150.jpg 200w, https:\/\/agora.xtec.cat\/inslaserrasabadell\/wp-content\/uploads\/usu1513\/2017\/04\/IMG-20170421-WA0003.jpg 1600w\" sizes=\"auto, (max-width: 359px) 100vw, 359px\" \/><\/a><figcaption id=\"caption-attachment-898\" class=\"wp-caption-text\">Tots els participants del concurs.<\/figcaption><\/figure>\n","protected":false},"excerpt":{"rendered":"<p>Article creat i editat per Esther Font (La Veu de La Serra) Com pr\u00e8viament vam anunciar, a l\u2019Institut La Serra vam organitzar un concurs de Sant Jordi en el que es podia participar amb quatre modalitats. Hi havia un secci\u00f3 de literatura (narraci\u00f3 i poesia) i una altra de fotografia (matem\u00e0tiques i angl\u00e9s). Els guanyadors [&hellip;]<\/p>\n","protected":false},"author":4,"featured_media":898,"comment_status":"open","ping_status":"open","sticky":false,"template":"","format":"standard","meta":{"_bbp_topic_count":0,"_bbp_reply_count":0,"_bbp_total_topic_count":0,"_bbp_total_reply_count":0,"_bbp_voice_count":0,"_bbp_anonymous_reply_count":0,"_bbp_topic_count_hidden":0,"_bbp_reply_count_hidden":0,"_bbp_forum_subforum_count":0,"site-sidebar-layout":"default","site-content-layout":"","ast-site-content-layout":"","site-content-style":"default","site-sidebar-style":"default","ast-global-header-display":"","ast-banner-title-visibility":"","ast-main-header-display":"","ast-hfb-above-header-display":"","ast-hfb-below-header-display":"","ast-hfb-mobile-header-display":"","site-post-title":"","ast-breadcrumbs-content":"","ast-featured-img":"","footer-sml-layout":"","theme-transparent-header-meta":"","adv-header-id-meta":"","stick-header-meta":"","header-above-stick-meta":"","header-main-stick-meta":"","header-below-stick-meta":"","astra-migrate-meta-layouts":"default","ast-page-background-enabled":"default","ast-page-background-meta":{"desktop":{"background-color":"var(--ast-global-color-4)","background-image":"","background-repeat":"repeat","background-position":"center center","background-size":"auto","background-attachment":"scroll","background-type":"","background-media":"","overlay-type":"","overlay-color":"","overlay-opacity":"","overlay-gradient":""},"tablet":{"background-color":"","background-image":"","background-repeat":"repeat","background-position":"center center","background-size":"auto","background-attachment":"scroll","background-type":"","background-media":"","overlay-type":"","overlay-color":"","overlay-opacity":"","overlay-gradient":""},"mobile":{"background-color":"","background-image":"","background-repeat":"repeat","background-position":"center center","background-size":"auto","background-attachment":"scroll","background-type":"","background-media":"","overlay-type":"","overlay-color":"","overlay-opacity":"","overlay-gradient":""}},"ast-content-background-meta":{"desktop":{"background-color":"var(--ast-global-color-5)","background-image":"","background-repeat":"repeat","background-position":"center center","background-size":"auto","background-attachment":"scroll","background-type":"","background-media":"","overlay-type":"","overlay-color":"","overlay-opacity":"","overlay-gradient":""},"tablet":{"background-color":"var(--ast-global-color-5)","background-image":"","background-repeat":"repeat","background-position":"center center","background-size":"auto","background-attachment":"scroll","background-type":"","background-media":"","overlay-type":"","overlay-color":"","overlay-opacity":"","overlay-gradient":""},"mobile":{"background-color":"var(--ast-global-color-5)","background-image":"","background-repeat":"repeat","background-position":"center center","background-size":"auto","background-attachment":"scroll","background-type":"","background-media":"","overlay-type":"","overlay-color":"","overlay-opacity":"","overlay-gradient":""}},"footnotes":""},"categories":[4,120,6,3,1,121,29],"tags":[],"class_list":["post-893","post","type-post","status-publish","format-standard","has-post-thumbnail","hentry","category-eso-1","category-eso-2","category-eso-3","category-eso","category-general","category-veuserra","category-portada"],"post_mailing_queue_ids":[],"_links":{"self":[{"href":"https:\/\/agora.xtec.cat\/inslaserrasabadell\/wp-json\/wp\/v2\/posts\/893","targetHints":{"allow":["GET"]}}],"collection":[{"href":"https:\/\/agora.xtec.cat\/inslaserrasabadell\/wp-json\/wp\/v2\/posts"}],"about":[{"href":"https:\/\/agora.xtec.cat\/inslaserrasabadell\/wp-json\/wp\/v2\/types\/post"}],"author":[{"embeddable":true,"href":"https:\/\/agora.xtec.cat\/inslaserrasabadell\/wp-json\/wp\/v2\/users\/4"}],"replies":[{"embeddable":true,"href":"https:\/\/agora.xtec.cat\/inslaserrasabadell\/wp-json\/wp\/v2\/comments?post=893"}],"version-history":[{"count":1,"href":"https:\/\/agora.xtec.cat\/inslaserrasabadell\/wp-json\/wp\/v2\/posts\/893\/revisions"}],"predecessor-version":[{"id":907,"href":"https:\/\/agora.xtec.cat\/inslaserrasabadell\/wp-json\/wp\/v2\/posts\/893\/revisions\/907"}],"wp:featuredmedia":[{"embeddable":true,"href":"https:\/\/agora.xtec.cat\/inslaserrasabadell\/wp-json\/wp\/v2\/media\/898"}],"wp:attachment":[{"href":"https:\/\/agora.xtec.cat\/inslaserrasabadell\/wp-json\/wp\/v2\/media?parent=893"}],"wp:term":[{"taxonomy":"category","embeddable":true,"href":"https:\/\/agora.xtec.cat\/inslaserrasabadell\/wp-json\/wp\/v2\/categories?post=893"},{"taxonomy":"post_tag","embeddable":true,"href":"https:\/\/agora.xtec.cat\/inslaserrasabadell\/wp-json\/wp\/v2\/tags?post=893"}],"curies":[{"name":"wp","href":"https:\/\/api.w.org\/{rel}","templated":true}]}}