{"id":829,"date":"2017-03-31T14:23:48","date_gmt":"2017-03-31T12:23:48","guid":{"rendered":"http:\/\/agora.xtec.cat\/inslaserrasabadell\/?p=829"},"modified":"2017-03-31T17:46:37","modified_gmt":"2017-03-31T15:46:37","slug":"el-col%c2%b7lapse-al-tauli-revoluciona-els-carrers","status":"publish","type":"post","link":"https:\/\/agora.xtec.cat\/inslaserrasabadell\/general\/el-col%c2%b7lapse-al-tauli-revoluciona-els-carrers\/","title":{"rendered":"El col\u00b7lapse al Taul\u00ed revoluciona els carrers (reportatge de 3r d&#8217;ESO)"},"content":{"rendered":"<p><em>Article creat i editat per Esther Font (La Veu de La Serra)\u00a0 <\/em><\/p>\n<p><strong>Avui estrenem una nova secci\u00f3 en la que penjarem els treballs d&#8217;alguns alumnes. En aquest cas, l&#8217;assignatura de castell\u00e0 demanava un reportatge que tingui a veure amb Sabadell, sigui recent i d&#8217;inter\u00e8s p\u00fablic.\u00a0 <\/strong><\/p>\n<p>Un grup de persones davant de l&#8217;Hospital Parc Taul\u00ed amb pancartes i altaveus es manifesten davant la situaci\u00f3 que es viu dia a dia al Taul\u00ed.<br \/>\n\u00c9s dijous a la tarda i es manifesten contra el col\u00b7lapse d&#8217;urg\u00e8ncies. Expressen la seva indignaci\u00f3 davant la situaci\u00f3. Al Taul\u00ed porten molt temps amb urg\u00e8ncies col\u00b7lapsades per falta de llits i aix\u00f2 fa que molts dels pacients que arriben a urg\u00e8ncies hagin de ser atesos als passadissos.<br \/>\nVan comen\u00e7ar a manifestar-se a les 18:00 hores. L&#8217;ambient al principi no era molt motivador, per\u00f2 conforme caminaven, s&#8217;anaven creixent, trencant el silenci amb frases com &#8220;a urg\u00e8ncia se li acaba la paci\u00e8ncia&#8221; &#8220;al Taul\u00ed li falten 300 Llits&#8221; &#8220;sanidad para adelante y recortes para atr\u00e1s&#8221; &#8221; com volem la sanitat? P\u00fablica i de qualitat &#8220;&#8221; tranquil Com\u00edn t&#8217;atendrem a passadis &#8220;&#8230;<\/p>\n<p><em><a href=\"http:\/\/agora.xtec.cat\/inslaserrasabadell\/wp-content\/uploads\/usu1513\/2017\/03\/gente-con-globos.jpg\"><img loading=\"lazy\" decoding=\"async\" class=\"wp-image-833 alignleft\" src=\"http:\/\/agora.xtec.cat\/inslaserrasabadell\/wp-content\/uploads\/usu1513\/2017\/03\/gente-con-globos-1024x768.jpg\" alt=\"gente con globos\" width=\"275\" height=\"206\" srcset=\"https:\/\/agora.xtec.cat\/inslaserrasabadell\/wp-content\/uploads\/usu1513\/2017\/03\/gente-con-globos-1024x768.jpg 1024w, https:\/\/agora.xtec.cat\/inslaserrasabadell\/wp-content\/uploads\/usu1513\/2017\/03\/gente-con-globos-300x225.jpg 300w, https:\/\/agora.xtec.cat\/inslaserrasabadell\/wp-content\/uploads\/usu1513\/2017\/03\/gente-con-globos-768x576.jpg 768w, https:\/\/agora.xtec.cat\/inslaserrasabadell\/wp-content\/uploads\/usu1513\/2017\/03\/gente-con-globos-200x150.jpg 200w, https:\/\/agora.xtec.cat\/inslaserrasabadell\/wp-content\/uploads\/usu1513\/2017\/03\/gente-con-globos.jpg 1600w\" sizes=\"auto, (max-width: 275px) 100vw, 275px\" \/><\/a><a href=\"http:\/\/agora.xtec.cat\/inslaserrasabadell\/wp-content\/uploads\/usu1513\/2017\/03\/pancarta-con-gente-1.jpg\"><img loading=\"lazy\" decoding=\"async\" class=\"wp-image-835 alignleft\" src=\"http:\/\/agora.xtec.cat\/inslaserrasabadell\/wp-content\/uploads\/usu1513\/2017\/03\/pancarta-con-gente-1-1024x768.jpg\" alt=\"pancarta con gente\" width=\"269\" height=\"202\" srcset=\"https:\/\/agora.xtec.cat\/inslaserrasabadell\/wp-content\/uploads\/usu1513\/2017\/03\/pancarta-con-gente-1-1024x768.jpg 1024w, https:\/\/agora.xtec.cat\/inslaserrasabadell\/wp-content\/uploads\/usu1513\/2017\/03\/pancarta-con-gente-1-300x225.jpg 300w, https:\/\/agora.xtec.cat\/inslaserrasabadell\/wp-content\/uploads\/usu1513\/2017\/03\/pancarta-con-gente-1-768x576.jpg 768w, https:\/\/agora.xtec.cat\/inslaserrasabadell\/wp-content\/uploads\/usu1513\/2017\/03\/pancarta-con-gente-1-200x150.jpg 200w, https:\/\/agora.xtec.cat\/inslaserrasabadell\/wp-content\/uploads\/usu1513\/2017\/03\/pancarta-con-gente-1.jpg 1600w\" sizes=\"auto, (max-width: 269px) 100vw, 269px\" \/><\/a><\/em><\/p>\n<p>Va ser una marxa tranquil\u00b7la. Alguns manifestants, entre els quals es trobaven, gent gran, gent jove, infermers, doctors, periodistes&#8230; van expressar que a la salut hauria de ser p\u00fablica i que hauria de tenir m\u00e9s recursos i materials.<br \/>\nAquesta situaci\u00f3 va comen\u00e7ar al Parc Taul\u00ed. El Taul\u00ed \u00e9s un hospital situat a Sabadell C.Vidal, aquest hospital fa uns anys va quedar col\u00b7lapsat per falta de materials i espai.<br \/>\nParlem amb dues infermeres an\u00f2nimes que van declarar que creuen que la situaci\u00f3 pot canviar si es dota a l&#8217;hospital dels recursos que necessita tota la poblaci\u00f3 de Sabadell. Tamb\u00e9 van informar que el Taul\u00ed disposa d&#8217;una estructura de mil metres quadrats per atendre la poblaci\u00f3 de refer\u00e8ncia que s\u00f3n 400 mil persones, quan realment necessiten 5 mil metres quadrats i no saben si amb els diners que els donar\u00e0 l&#8217;Ajuntament n&#8217;hi haur\u00e0 prou per arreglar la situaci\u00f3.<\/p>\n<p>No \u00e9s el primer cop que succeeix un col\u00b7lapse d&#8217;aquestes caracter\u00edstiques. En anys passats, ja va passar una cosa semblant. Al febrer de 2016, en el nivell 2 de medicina on nom\u00e9s hi havia espai per a 34 persones, es van ingressar 57 malalts greus. A l&#8217;octubre de 2014 una campanya ve\u00efnal va denunciar la saturaci\u00f3 del Taul\u00ed pel tancament de 150 llits, que segons deien obligava a alguns malalts a esperar durant hores o fins i tot dies perqu\u00e8 els pugin a planta.<\/p>\n<p>La manifestaci\u00f3 va arribar a l&#8217;Ajuntament, on m\u00e9s gent esperava amb tambors, pancartes, meg\u00e0fons &#8230; Un cop a l&#8217;Ajuntament la gent es va acumular a la pla\u00e7a fent m\u00e9s sonores les seves paraules.<br \/>\nEls ciutadans esperen que es solucioni la situaci\u00f3 i que l&#8217;Ajuntament tamb\u00e9 posi de la seva part perqu\u00e8 no empitjori o, en cas que se solucioni, que no es torni a repetir.<\/p>\n<p><em><a href=\"http:\/\/agora.xtec.cat\/inslaserrasabadell\/wp-content\/uploads\/usu1513\/2017\/03\/gente-en-el-ayuntamiento.jpg\"><img loading=\"lazy\" decoding=\"async\" class=\"alignnone wp-image-834\" src=\"http:\/\/agora.xtec.cat\/inslaserrasabadell\/wp-content\/uploads\/usu1513\/2017\/03\/gente-en-el-ayuntamiento-1024x768.jpg\" alt=\"gente en el ayuntamiento\" width=\"272\" height=\"204\" srcset=\"https:\/\/agora.xtec.cat\/inslaserrasabadell\/wp-content\/uploads\/usu1513\/2017\/03\/gente-en-el-ayuntamiento-1024x768.jpg 1024w, https:\/\/agora.xtec.cat\/inslaserrasabadell\/wp-content\/uploads\/usu1513\/2017\/03\/gente-en-el-ayuntamiento-300x225.jpg 300w, https:\/\/agora.xtec.cat\/inslaserrasabadell\/wp-content\/uploads\/usu1513\/2017\/03\/gente-en-el-ayuntamiento-768x576.jpg 768w, https:\/\/agora.xtec.cat\/inslaserrasabadell\/wp-content\/uploads\/usu1513\/2017\/03\/gente-en-el-ayuntamiento-200x150.jpg 200w, https:\/\/agora.xtec.cat\/inslaserrasabadell\/wp-content\/uploads\/usu1513\/2017\/03\/gente-en-el-ayuntamiento.jpg 1600w\" sizes=\"auto, (max-width: 272px) 100vw, 272px\" \/><\/a><\/em><\/p>\n<p><em>Ibtissam El Ouardy i Esther Font Rold\u00e1n, 3r d&#8217;ESO<br \/>\n<\/em><\/p>\n","protected":false},"excerpt":{"rendered":"<p>Estrenem una nova secci\u00f3 en la que penjarem els treballs d&#8217;alguns alumnes. En aquest cas, a l&#8217;assignatura de Castell\u00e0 es va treballar el reportatge.<\/p>\n","protected":false},"author":4,"featured_media":832,"comment_status":"open","ping_status":"open","sticky":false,"template":"","format":"standard","meta":{"_bbp_topic_count":0,"_bbp_reply_count":0,"_bbp_total_topic_count":0,"_bbp_total_reply_count":0,"_bbp_voice_count":0,"_bbp_anonymous_reply_count":0,"_bbp_topic_count_hidden":0,"_bbp_reply_count_hidden":0,"_bbp_forum_subforum_count":0,"site-sidebar-layout":"default","site-content-layout":"","ast-site-content-layout":"","site-content-style":"default","site-sidebar-style":"default","ast-global-header-display":"","ast-banner-title-visibility":"","ast-main-header-display":"","ast-hfb-above-header-display":"","ast-hfb-below-header-display":"","ast-hfb-mobile-header-display":"","site-post-title":"","ast-breadcrumbs-content":"","ast-featured-img":"","footer-sml-layout":"","theme-transparent-header-meta":"","adv-header-id-meta":"","stick-header-meta":"","header-above-stick-meta":"","header-main-stick-meta":"","header-below-stick-meta":"","astra-migrate-meta-layouts":"default","ast-page-background-enabled":"default","ast-page-background-meta":{"desktop":{"background-color":"var(--ast-global-color-4)","background-image":"","background-repeat":"repeat","background-position":"center center","background-size":"auto","background-attachment":"scroll","background-type":"","background-media":"","overlay-type":"","overlay-color":"","overlay-opacity":"","overlay-gradient":""},"tablet":{"background-color":"","background-image":"","background-repeat":"repeat","background-position":"center center","background-size":"auto","background-attachment":"scroll","background-type":"","background-media":"","overlay-type":"","overlay-color":"","overlay-opacity":"","overlay-gradient":""},"mobile":{"background-color":"","background-image":"","background-repeat":"repeat","background-position":"center center","background-size":"auto","background-attachment":"scroll","background-type":"","background-media":"","overlay-type":"","overlay-color":"","overlay-opacity":"","overlay-gradient":""}},"ast-content-background-meta":{"desktop":{"background-color":"var(--ast-global-color-5)","background-image":"","background-repeat":"repeat","background-position":"center center","background-size":"auto","background-attachment":"scroll","background-type":"","background-media":"","overlay-type":"","overlay-color":"","overlay-opacity":"","overlay-gradient":""},"tablet":{"background-color":"var(--ast-global-color-5)","background-image":"","background-repeat":"repeat","background-position":"center center","background-size":"auto","background-attachment":"scroll","background-type":"","background-media":"","overlay-type":"","overlay-color":"","overlay-opacity":"","overlay-gradient":""},"mobile":{"background-color":"var(--ast-global-color-5)","background-image":"","background-repeat":"repeat","background-position":"center center","background-size":"auto","background-attachment":"scroll","background-type":"","background-media":"","overlay-type":"","overlay-color":"","overlay-opacity":"","overlay-gradient":""}},"footnotes":""},"categories":[6,3,1,121,29],"tags":[151,131,150],"class_list":["post-829","post","type-post","status-publish","format-standard","has-post-thumbnail","hentry","category-eso-3","category-eso","category-general","category-veuserra","category-portada","tag-actualitat","tag-la-veu-de-la-serra","tag-reportatges"],"post_mailing_queue_ids":[],"_links":{"self":[{"href":"https:\/\/agora.xtec.cat\/inslaserrasabadell\/wp-json\/wp\/v2\/posts\/829","targetHints":{"allow":["GET"]}}],"collection":[{"href":"https:\/\/agora.xtec.cat\/inslaserrasabadell\/wp-json\/wp\/v2\/posts"}],"about":[{"href":"https:\/\/agora.xtec.cat\/inslaserrasabadell\/wp-json\/wp\/v2\/types\/post"}],"author":[{"embeddable":true,"href":"https:\/\/agora.xtec.cat\/inslaserrasabadell\/wp-json\/wp\/v2\/users\/4"}],"replies":[{"embeddable":true,"href":"https:\/\/agora.xtec.cat\/inslaserrasabadell\/wp-json\/wp\/v2\/comments?post=829"}],"version-history":[{"count":3,"href":"https:\/\/agora.xtec.cat\/inslaserrasabadell\/wp-json\/wp\/v2\/posts\/829\/revisions"}],"predecessor-version":[{"id":854,"href":"https:\/\/agora.xtec.cat\/inslaserrasabadell\/wp-json\/wp\/v2\/posts\/829\/revisions\/854"}],"wp:featuredmedia":[{"embeddable":true,"href":"https:\/\/agora.xtec.cat\/inslaserrasabadell\/wp-json\/wp\/v2\/media\/832"}],"wp:attachment":[{"href":"https:\/\/agora.xtec.cat\/inslaserrasabadell\/wp-json\/wp\/v2\/media?parent=829"}],"wp:term":[{"taxonomy":"category","embeddable":true,"href":"https:\/\/agora.xtec.cat\/inslaserrasabadell\/wp-json\/wp\/v2\/categories?post=829"},{"taxonomy":"post_tag","embeddable":true,"href":"https:\/\/agora.xtec.cat\/inslaserrasabadell\/wp-json\/wp\/v2\/tags?post=829"}],"curies":[{"name":"wp","href":"https:\/\/api.w.org\/{rel}","templated":true}]}}