{"id":826,"date":"2017-04-21T14:39:14","date_gmt":"2017-04-21T12:39:14","guid":{"rendered":"http:\/\/agora.xtec.cat\/inslaserrasabadell\/?p=826"},"modified":"2017-04-21T18:08:49","modified_gmt":"2017-04-21T16:08:49","slug":"mes-enlla-del-parquing-historia-dun-solar","status":"publish","type":"post","link":"https:\/\/agora.xtec.cat\/inslaserrasabadell\/general\/mes-enlla-del-parquing-historia-dun-solar\/","title":{"rendered":"M\u00e9s enll\u00e0 del p\u00e0rquing: Hist\u00f2ria d\u2019un solar\u2026(reportatge de 3r d&#8217;ESO)"},"content":{"rendered":"<p><i><span style=\"font-weight: 400;\">(Article creat i editat per Sergio Mart\u00ednez, de la redacci\u00f3 de La Veu de La Serra).<\/span><\/i><\/p>\n<p>Des de fa alguns dies, alguns alumnes i professors del centre ens hem preguntat per l\u2019increment de cotxes al solar de\u00a0davant de l\u2019institut, un espai on els nostres ulls van a parar sovint entre classes o a la sortida,\u00a0tot esperant el bus. \u00c9s\u00a0aquest solar, oficialment, un p\u00e0rquing? O \u00e9s una pr\u00e0ctica no regulada que cada vegada va a m\u00e9s? I preguntant-nos sobre aix\u00f2, ha sorgit la curiositat per saber qu\u00e8 hi havia abans del solar.<\/p>\n<figure id=\"attachment_842\" aria-describedby=\"caption-attachment-842\" style=\"width: 172px\" class=\"wp-caption alignright\"><a href=\"http:\/\/agora.xtec.cat\/inslaserrasabadell\/wp-content\/uploads\/usu1513\/2017\/03\/WhatsApp-Image-2017-03-31-at-14.18.30-2.jpeg\"><img loading=\"lazy\" decoding=\"async\" class=\"wp-image-842 \" src=\"http:\/\/agora.xtec.cat\/inslaserrasabadell\/wp-content\/uploads\/usu1513\/2017\/03\/WhatsApp-Image-2017-03-31-at-14.18.30-2-169x300.jpeg\" alt=\"parking\" width=\"172\" height=\"305\" srcset=\"https:\/\/agora.xtec.cat\/inslaserrasabadell\/wp-content\/uploads\/usu1513\/2017\/03\/WhatsApp-Image-2017-03-31-at-14.18.30-2-169x300.jpeg 169w, https:\/\/agora.xtec.cat\/inslaserrasabadell\/wp-content\/uploads\/usu1513\/2017\/03\/WhatsApp-Image-2017-03-31-at-14.18.30-2-768x1366.jpeg 768w, https:\/\/agora.xtec.cat\/inslaserrasabadell\/wp-content\/uploads\/usu1513\/2017\/03\/WhatsApp-Image-2017-03-31-at-14.18.30-2-576x1024.jpeg 576w, https:\/\/agora.xtec.cat\/inslaserrasabadell\/wp-content\/uploads\/usu1513\/2017\/03\/WhatsApp-Image-2017-03-31-at-14.18.30-2.jpeg 899w\" sizes=\"auto, (max-width: 172px) 100vw, 172px\" \/><\/a><figcaption id=\"caption-attachment-842\" class=\"wp-caption-text\">El solar cap a les 11 del mat\u00ed<\/figcaption><\/figure>\n<p>Als anys 1.000 i 3.000 a.C en els terrenys on es situa avui dia el Pol\u00edgon de Can Roqueta hi havia un poblat de \u201ctroglodites\u201d de l\u2019edat del bronze. Van establir-se en aquestes planures perqu\u00e8 el bestiar podia estar pastant pel riu i des de dalt el podien vigilar. Perqu\u00e8 van escollir aquell terreny i no el que hi havia a l\u2019altre banda del riu? Suposem que el van escollir perqu\u00e8 a la serra de Sant Iscle hi haurien m\u00e9s turons i boscos que a l\u2019actual Sabadell.<\/p>\n<p><span style=\"font-weight: 400;\">Quan la societat va evolucionar, cap a l\u2019Edat Mitjana, en aquest camp un grup de pagesos va decidir construir una petita casa i un corral per als animals. M\u00e9s endavant es van veure obligats a ampliar la masia i fes m\u00e9s gran el corral. Tamb\u00e9 es van decidir a plantar els terrenys que envoltaven la masia.<\/span><\/p>\n<figure id=\"attachment_879\" aria-describedby=\"caption-attachment-879\" style=\"width: 170px\" class=\"wp-caption alignright\"><a href=\"http:\/\/agora.xtec.cat\/inslaserrasabadell\/wp-content\/uploads\/usu1513\/2017\/04\/3_Museuhist\u00f2ria.jpg\"><img loading=\"lazy\" decoding=\"async\" class=\"wp-image-879 \" src=\"http:\/\/agora.xtec.cat\/inslaserrasabadell\/wp-content\/uploads\/usu1513\/2017\/04\/3_Museuhist\u00f2ria.jpg\" alt=\"cabana\" width=\"170\" height=\"128\" srcset=\"https:\/\/agora.xtec.cat\/inslaserrasabadell\/wp-content\/uploads\/usu1513\/2017\/04\/3_Museuhist\u00f2ria.jpg 285w, https:\/\/agora.xtec.cat\/inslaserrasabadell\/wp-content\/uploads\/usu1513\/2017\/04\/3_Museuhist\u00f2ria-200x150.jpg 200w\" sizes=\"auto, (max-width: 170px) 100vw, 170px\" \/><\/a><figcaption id=\"caption-attachment-879\" class=\"wp-caption-text\">Simulaci\u00f3 de una cabana dels anys 1000 i 3000 a.C<\/figcaption><\/figure>\n<p><span style=\"font-weight: 400;\">Ara donem un salt temporal enorme: som als anys 1900. A la masia, en principi, hi viuen els senyors Roqueta i es on es van decidir a posar-li el nom de Masia Can Roqueta. Les filles o fills treballaven a les f\u00e0briques<\/span> <span style=\"font-weight: 400;\">de l\u2019altre banda del riu, a les industries t\u00e8xtils, que comen\u00e7aven a ser molt importants a Sabadell.<\/span><\/p>\n<p><span style=\"font-weight: 400;\">M\u00e9s endavant, es desconeix exactament l\u2019any, aquesta fam\u00edlia va decidir per q\u00fcestions desconegudes, vendre la Masia a l\u2019Ajuntament de Sabadell per una quantitat desconeguda.<\/span><\/p>\n<p><span style=\"font-weight: 400;\">En l&#8217;inici de la d\u00e8cada dels anys 60, es va iniciar en aquest barri humil de Can Roqueta la pr\u00e0ctica del futbol. Hi jugaven els xavals d&#8217;aquest barri, en qu\u00e8 els pisos eren coneguts com els pisos de &#8220;Les Neveres&#8221;, degut a un antic <\/span><\/p>\n<figure id=\"attachment_837\" aria-describedby=\"caption-attachment-837\" style=\"width: 193px\" class=\"wp-caption alignright\"><a href=\"http:\/\/agora.xtec.cat\/inslaserrasabadell\/wp-content\/uploads\/usu1513\/2017\/03\/dibuix_can_roqueta0.jpg\"><img loading=\"lazy\" decoding=\"async\" class=\" wp-image-837\" src=\"http:\/\/agora.xtec.cat\/inslaserrasabadell\/wp-content\/uploads\/usu1513\/2017\/03\/dibuix_can_roqueta0-1024x729.jpg\" alt=\"Masia de Can Roqueta Antigament\" width=\"193\" height=\"137\" srcset=\"https:\/\/agora.xtec.cat\/inslaserrasabadell\/wp-content\/uploads\/usu1513\/2017\/03\/dibuix_can_roqueta0-1024x729.jpg 1024w, https:\/\/agora.xtec.cat\/inslaserrasabadell\/wp-content\/uploads\/usu1513\/2017\/03\/dibuix_can_roqueta0-300x213.jpg 300w, https:\/\/agora.xtec.cat\/inslaserrasabadell\/wp-content\/uploads\/usu1513\/2017\/03\/dibuix_can_roqueta0-768x546.jpg 768w\" sizes=\"auto, (max-width: 193px) 100vw, 193px\" \/><\/a><figcaption id=\"caption-attachment-837\" class=\"wp-caption-text\">Masia de Can Roqueta Antigament<\/figcaption><\/figure>\n<p>magatzem de refrigeradors. Just davant dels pisos hi havia el terreny de joc, el qual tenia una certa inclinaci\u00f3. Va passar el temps i no va ser fins l&#8217;any 1976 quan van decidir prendre molt seriosament i crear un club federat: el CF Can Roqueta. El seu major rival esportiu sempre va ser el U. D. Tibidabo TR (del barri ve\u00ed de Torre-romeu).<\/p>\n<p>&nbsp;<\/p>\n<p><span style=\"font-weight: 400;\">Tristament, l&#8217;any 1992, van decidir llan\u00e7ar la tovallola i van desapar\u00e8ixer. Van deixar un petit record per a aquest barri.<\/span><\/p>\n<p><span style=\"font-weight: 400;\">Som a l\u2019any 2007. L\u2019Ajuntament es decideix vendre els terrenys a <\/span><span style=\"font-weight: 400;\">ATENDIS, que des de 1963\u00a0d\u00f3na resposta a les necessitats d\u2019assist\u00e8ncia i promoci\u00f3 personal, familiar, social i laboral de la persona amb discapacitat intel\u00b7lectual.<\/span><\/p>\n<figure id=\"attachment_836\" aria-describedby=\"caption-attachment-836\" style=\"width: 115px\" class=\"wp-caption alignright\"><a href=\"http:\/\/agora.xtec.cat\/inslaserrasabadell\/wp-content\/uploads\/usu1513\/2017\/03\/20131210084509-can-roqueta-c.f..gif\"><img loading=\"lazy\" decoding=\"async\" class=\" wp-image-836\" src=\"http:\/\/agora.xtec.cat\/inslaserrasabadell\/wp-content\/uploads\/usu1513\/2017\/03\/20131210084509-can-roqueta-c.f..gif\" alt=\"Escut del Can Roquetas C.F\" width=\"115\" height=\"144\" \/><\/a><figcaption id=\"caption-attachment-836\" class=\"wp-caption-text\">Escut del Can Roquetas C.F<\/figcaption><\/figure>\n<p><span style=\"font-weight: 400;\">Estem al mar\u00e7 del 2017, on es situava el camp de futbol, hi ha ara un petit bosc que \u00e9s on els treballadors del mateix pol\u00ed<\/span>gon\u00a0han d&#8217;aparcar\u00a0<span style=\"font-weight: 400;\">els<\/span> <span style=\"font-weight: 400;\">seus vehicles perqu\u00e8 no hi ha aparcaments suficients a la zona. L\u2019hora en qu\u00e8 hi ha m\u00e9s cotxes \u00e9s cap a les 11.<\/span><\/p>\n<p><span style=\"font-weight: 400;\">La pregunta \u00e9s: haurien de fer un p\u00e0rquing en aquest descampat? Quin ser\u00e0 el proper \u00fas que espera a aquest espai?<\/span><\/p>\n<figure id=\"attachment_838\" aria-describedby=\"caption-attachment-838\" style=\"width: 166px\" class=\"wp-caption alignright\"><a href=\"http:\/\/agora.xtec.cat\/inslaserrasabadell\/wp-content\/uploads\/usu1513\/2017\/03\/masia-001.jpg\"><img loading=\"lazy\" decoding=\"async\" class=\" wp-image-838\" src=\"http:\/\/agora.xtec.cat\/inslaserrasabadell\/wp-content\/uploads\/usu1513\/2017\/03\/masia-001-1024x766.jpg\" alt=\"Masia al 2007\" width=\"166\" height=\"124\" srcset=\"https:\/\/agora.xtec.cat\/inslaserrasabadell\/wp-content\/uploads\/usu1513\/2017\/03\/masia-001-1024x766.jpg 1024w, https:\/\/agora.xtec.cat\/inslaserrasabadell\/wp-content\/uploads\/usu1513\/2017\/03\/masia-001-300x224.jpg 300w, https:\/\/agora.xtec.cat\/inslaserrasabadell\/wp-content\/uploads\/usu1513\/2017\/03\/masia-001-768x574.jpg 768w, https:\/\/agora.xtec.cat\/inslaserrasabadell\/wp-content\/uploads\/usu1513\/2017\/03\/masia-001-200x150.jpg 200w, https:\/\/agora.xtec.cat\/inslaserrasabadell\/wp-content\/uploads\/usu1513\/2017\/03\/masia-001.jpg 1250w\" sizes=\"auto, (max-width: 166px) 100vw, 166px\" \/><\/a><figcaption id=\"caption-attachment-838\" class=\"wp-caption-text\">Masia al 2007<\/figcaption><\/figure>\n<p>&nbsp;<\/p>\n","protected":false},"excerpt":{"rendered":"<p>Des de fa alguns dies, alguns alumnes i professors del centre ens hem preguntat per l\u2019increment de cotxes al solar de davant de l\u2019institut.<\/p>\n","protected":false},"author":4,"featured_media":846,"comment_status":"open","ping_status":"open","sticky":false,"template":"","format":"standard","meta":{"_bbp_topic_count":0,"_bbp_reply_count":0,"_bbp_total_topic_count":0,"_bbp_total_reply_count":0,"_bbp_voice_count":0,"_bbp_anonymous_reply_count":0,"_bbp_topic_count_hidden":0,"_bbp_reply_count_hidden":0,"_bbp_forum_subforum_count":0,"site-sidebar-layout":"default","site-content-layout":"","ast-site-content-layout":"","site-content-style":"default","site-sidebar-style":"default","ast-global-header-display":"","ast-banner-title-visibility":"","ast-main-header-display":"","ast-hfb-above-header-display":"","ast-hfb-below-header-display":"","ast-hfb-mobile-header-display":"","site-post-title":"","ast-breadcrumbs-content":"","ast-featured-img":"","footer-sml-layout":"","theme-transparent-header-meta":"","adv-header-id-meta":"","stick-header-meta":"","header-above-stick-meta":"","header-main-stick-meta":"","header-below-stick-meta":"","astra-migrate-meta-layouts":"default","ast-page-background-enabled":"default","ast-page-background-meta":{"desktop":{"background-color":"var(--ast-global-color-4)","background-image":"","background-repeat":"repeat","background-position":"center center","background-size":"auto","background-attachment":"scroll","background-type":"","background-media":"","overlay-type":"","overlay-color":"","overlay-opacity":"","overlay-gradient":""},"tablet":{"background-color":"","background-image":"","background-repeat":"repeat","background-position":"center center","background-size":"auto","background-attachment":"scroll","background-type":"","background-media":"","overlay-type":"","overlay-color":"","overlay-opacity":"","overlay-gradient":""},"mobile":{"background-color":"","background-image":"","background-repeat":"repeat","background-position":"center center","background-size":"auto","background-attachment":"scroll","background-type":"","background-media":"","overlay-type":"","overlay-color":"","overlay-opacity":"","overlay-gradient":""}},"ast-content-background-meta":{"desktop":{"background-color":"var(--ast-global-color-5)","background-image":"","background-repeat":"repeat","background-position":"center center","background-size":"auto","background-attachment":"scroll","background-type":"","background-media":"","overlay-type":"","overlay-color":"","overlay-opacity":"","overlay-gradient":""},"tablet":{"background-color":"var(--ast-global-color-5)","background-image":"","background-repeat":"repeat","background-position":"center center","background-size":"auto","background-attachment":"scroll","background-type":"","background-media":"","overlay-type":"","overlay-color":"","overlay-opacity":"","overlay-gradient":""},"mobile":{"background-color":"var(--ast-global-color-5)","background-image":"","background-repeat":"repeat","background-position":"center center","background-size":"auto","background-attachment":"scroll","background-type":"","background-media":"","overlay-type":"","overlay-color":"","overlay-opacity":"","overlay-gradient":""}},"footnotes":""},"categories":[1,121,29],"tags":[150],"class_list":["post-826","post","type-post","status-publish","format-standard","has-post-thumbnail","hentry","category-general","category-veuserra","category-portada","tag-reportatges"],"post_mailing_queue_ids":[],"_links":{"self":[{"href":"https:\/\/agora.xtec.cat\/inslaserrasabadell\/wp-json\/wp\/v2\/posts\/826","targetHints":{"allow":["GET"]}}],"collection":[{"href":"https:\/\/agora.xtec.cat\/inslaserrasabadell\/wp-json\/wp\/v2\/posts"}],"about":[{"href":"https:\/\/agora.xtec.cat\/inslaserrasabadell\/wp-json\/wp\/v2\/types\/post"}],"author":[{"embeddable":true,"href":"https:\/\/agora.xtec.cat\/inslaserrasabadell\/wp-json\/wp\/v2\/users\/4"}],"replies":[{"embeddable":true,"href":"https:\/\/agora.xtec.cat\/inslaserrasabadell\/wp-json\/wp\/v2\/comments?post=826"}],"version-history":[{"count":4,"href":"https:\/\/agora.xtec.cat\/inslaserrasabadell\/wp-json\/wp\/v2\/posts\/826\/revisions"}],"predecessor-version":[{"id":912,"href":"https:\/\/agora.xtec.cat\/inslaserrasabadell\/wp-json\/wp\/v2\/posts\/826\/revisions\/912"}],"wp:featuredmedia":[{"embeddable":true,"href":"https:\/\/agora.xtec.cat\/inslaserrasabadell\/wp-json\/wp\/v2\/media\/846"}],"wp:attachment":[{"href":"https:\/\/agora.xtec.cat\/inslaserrasabadell\/wp-json\/wp\/v2\/media?parent=826"}],"wp:term":[{"taxonomy":"category","embeddable":true,"href":"https:\/\/agora.xtec.cat\/inslaserrasabadell\/wp-json\/wp\/v2\/categories?post=826"},{"taxonomy":"post_tag","embeddable":true,"href":"https:\/\/agora.xtec.cat\/inslaserrasabadell\/wp-json\/wp\/v2\/tags?post=826"}],"curies":[{"name":"wp","href":"https:\/\/api.w.org\/{rel}","templated":true}]}}