{"id":820,"date":"2017-03-31T11:23:13","date_gmt":"2017-03-31T09:23:13","guid":{"rendered":"http:\/\/agora.xtec.cat\/inslaserrasabadell\/?p=820"},"modified":"2017-04-20T21:10:19","modified_gmt":"2017-04-20T19:10:19","slug":"los-4-fantasticos-el-maestro-de-la-muerta-de-mark-millar","status":"publish","type":"post","link":"https:\/\/agora.xtec.cat\/inslaserrasabadell\/general\/los-4-fantasticos-el-maestro-de-la-muerta-de-mark-millar\/","title":{"rendered":"&#8220;Los 4 fant\u00e1sticos. El Maestro de Muerte&#8221;, de Mark Millar"},"content":{"rendered":"<p>Per: Dani Garc\u00eda, 1r d&#8217;ESO B<\/p>\n<p><strong><u>Fitxa<\/u><\/strong><\/p>\n<p><strong>Autor\/a:\u00a0<\/strong>Mark Millar<strong> \u00a0<\/strong><\/p>\n<p><strong>T\u00edtol:\u00a0<\/strong><em>Los 4 Fantasticos. El Maestro de Muerte<\/em><\/p>\n<p><strong>Editorial:\u00a0<\/strong>Panini Comics<\/p>\n<p><strong>N\u00famero de p\u00e0gines: <\/strong>87 p\u00e0gines<\/p>\n<p><strong>On puc trobar-lo?:<\/strong>La Biblioteca La Serra<\/p>\n<p><strong>Autor de la ressenya<\/strong>:Dani Garc\u00eda Fretes<\/p>\n<p><strong>Sinopsi<\/strong><\/p>\n<p>Els 4 Fantastics s\u00f3n quatre nois amb superpoders. Hi ha un noi que \u00e9s el\u00e0stic, un altre que \u00e9s molt fort, de roca, un altre que \u00e9s de foc i, per \u00faltim, una noia que es pot fer invisible. Durant t<a href=\"http:\/\/agora.xtec.cat\/inslaserrasabadell\/wp-content\/uploads\/usu1513\/2017\/03\/image_gallery.jpg\"><img loading=\"lazy\" decoding=\"async\" class=\"alignright wp-image-821 size-medium\" src=\"http:\/\/agora.xtec.cat\/inslaserrasabadell\/wp-content\/uploads\/usu1513\/2017\/03\/image_gallery-198x300.jpg\" alt=\"image_gallery\" width=\"198\" height=\"300\" srcset=\"https:\/\/agora.xtec.cat\/inslaserrasabadell\/wp-content\/uploads\/usu1513\/2017\/03\/image_gallery-198x300.jpg 198w, https:\/\/agora.xtec.cat\/inslaserrasabadell\/wp-content\/uploads\/usu1513\/2017\/03\/image_gallery.jpg 462w\" sizes=\"auto, (max-width: 198px) 100vw, 198px\" \/><\/a>ota la hist\u00f2ria,\u00a0venen molts enemics per poder conquerir\u00a0el m\u00f3n sencer, com el Maestro de la Muerte, per\u00f2 els quatre fant\u00e0stics no ho permetran. Fan el que sigui per salvar el m\u00f3n.<\/p>\n<p><strong>Cr\u00edtica. Per qu\u00e8 us recomano aquest llibre?\u00a0<\/strong><\/p>\n<p>Perqu\u00e8 est\u00e0 ple d\u2019aventures sobre la fam\u00edlia dels quatre fant\u00e0stics. M&#8217;agrada perqu\u00e8, sigui pel perill que sigui, ell s\u2019enfrontaran a qui es posi per davant. No deixen que els dolents conquereixin\u00a0la terra i prefereixen fer-se mal ells. Aquest valor m&#8217;ha semblat molt interessant i fa que t&#8217;enganxis a llegir les seves hist\u00f2ries.<\/p>\n<p><a href=\"http:\/\/agora.xtec.cat\/inslaserrasabadell\/wp-content\/uploads\/usu1513\/2017\/03\/IMG_20170331_110742-1.jpg\"><img loading=\"lazy\" decoding=\"async\" class=\"alignleft wp-image-824 size-medium\" src=\"http:\/\/agora.xtec.cat\/inslaserrasabadell\/wp-content\/uploads\/usu1513\/2017\/03\/IMG_20170331_110742-1-225x300.jpg\" alt=\"IMG_20170331_110742\" width=\"225\" height=\"300\" srcset=\"https:\/\/agora.xtec.cat\/inslaserrasabadell\/wp-content\/uploads\/usu1513\/2017\/03\/IMG_20170331_110742-1-225x300.jpg 225w, https:\/\/agora.xtec.cat\/inslaserrasabadell\/wp-content\/uploads\/usu1513\/2017\/03\/IMG_20170331_110742-1-768x1024.jpg 768w, https:\/\/agora.xtec.cat\/inslaserrasabadell\/wp-content\/uploads\/usu1513\/2017\/03\/IMG_20170331_110742-1.jpg 1920w\" sizes=\"auto, (max-width: 225px) 100vw, 225px\" \/><\/a><\/p>\n","protected":false},"excerpt":{"rendered":"<p>Per: Dani Garc\u00eda, 1r d&#8217;ESO B<\/p>\n","protected":false},"author":1,"featured_media":822,"comment_status":"open","ping_status":"open","sticky":false,"template":"","format":"standard","meta":{"_bbp_topic_count":0,"_bbp_reply_count":0,"_bbp_total_topic_count":0,"_bbp_total_reply_count":0,"_bbp_voice_count":0,"_bbp_anonymous_reply_count":0,"_bbp_topic_count_hidden":0,"_bbp_reply_count_hidden":0,"_bbp_forum_subforum_count":0,"site-sidebar-layout":"default","site-content-layout":"","ast-site-content-layout":"","site-content-style":"default","site-sidebar-style":"default","ast-global-header-display":"","ast-banner-title-visibility":"","ast-main-header-display":"","ast-hfb-above-header-display":"","ast-hfb-below-header-display":"","ast-hfb-mobile-header-display":"","site-post-title":"","ast-breadcrumbs-content":"","ast-featured-img":"","footer-sml-layout":"","theme-transparent-header-meta":"","adv-header-id-meta":"","stick-header-meta":"","header-above-stick-meta":"","header-main-stick-meta":"","header-below-stick-meta":"","astra-migrate-meta-layouts":"default","ast-page-background-enabled":"default","ast-page-background-meta":{"desktop":{"background-color":"var(--ast-global-color-4)","background-image":"","background-repeat":"repeat","background-position":"center center","background-size":"auto","background-attachment":"scroll","background-type":"","background-media":"","overlay-type":"","overlay-color":"","overlay-opacity":"","overlay-gradient":""},"tablet":{"background-color":"","background-image":"","background-repeat":"repeat","background-position":"center center","background-size":"auto","background-attachment":"scroll","background-type":"","background-media":"","overlay-type":"","overlay-color":"","overlay-opacity":"","overlay-gradient":""},"mobile":{"background-color":"","background-image":"","background-repeat":"repeat","background-position":"center center","background-size":"auto","background-attachment":"scroll","background-type":"","background-media":"","overlay-type":"","overlay-color":"","overlay-opacity":"","overlay-gradient":""}},"ast-content-background-meta":{"desktop":{"background-color":"var(--ast-global-color-5)","background-image":"","background-repeat":"repeat","background-position":"center center","background-size":"auto","background-attachment":"scroll","background-type":"","background-media":"","overlay-type":"","overlay-color":"","overlay-opacity":"","overlay-gradient":""},"tablet":{"background-color":"var(--ast-global-color-5)","background-image":"","background-repeat":"repeat","background-position":"center center","background-size":"auto","background-attachment":"scroll","background-type":"","background-media":"","overlay-type":"","overlay-color":"","overlay-opacity":"","overlay-gradient":""},"mobile":{"background-color":"var(--ast-global-color-5)","background-image":"","background-repeat":"repeat","background-position":"center center","background-size":"auto","background-attachment":"scroll","background-type":"","background-media":"","overlay-type":"","overlay-color":"","overlay-opacity":"","overlay-gradient":""}},"footnotes":""},"categories":[1,122],"tags":[149,147],"class_list":["post-820","post","type-post","status-publish","format-standard","has-post-thumbnail","hentry","category-general","category-llegim","tag-biblioteca","tag-lectura"],"post_mailing_queue_ids":[],"_links":{"self":[{"href":"https:\/\/agora.xtec.cat\/inslaserrasabadell\/wp-json\/wp\/v2\/posts\/820","targetHints":{"allow":["GET"]}}],"collection":[{"href":"https:\/\/agora.xtec.cat\/inslaserrasabadell\/wp-json\/wp\/v2\/posts"}],"about":[{"href":"https:\/\/agora.xtec.cat\/inslaserrasabadell\/wp-json\/wp\/v2\/types\/post"}],"author":[{"embeddable":true,"href":"https:\/\/agora.xtec.cat\/inslaserrasabadell\/wp-json\/wp\/v2\/users\/1"}],"replies":[{"embeddable":true,"href":"https:\/\/agora.xtec.cat\/inslaserrasabadell\/wp-json\/wp\/v2\/comments?post=820"}],"version-history":[{"count":3,"href":"https:\/\/agora.xtec.cat\/inslaserrasabadell\/wp-json\/wp\/v2\/posts\/820\/revisions"}],"predecessor-version":[{"id":867,"href":"https:\/\/agora.xtec.cat\/inslaserrasabadell\/wp-json\/wp\/v2\/posts\/820\/revisions\/867"}],"wp:featuredmedia":[{"embeddable":true,"href":"https:\/\/agora.xtec.cat\/inslaserrasabadell\/wp-json\/wp\/v2\/media\/822"}],"wp:attachment":[{"href":"https:\/\/agora.xtec.cat\/inslaserrasabadell\/wp-json\/wp\/v2\/media?parent=820"}],"wp:term":[{"taxonomy":"category","embeddable":true,"href":"https:\/\/agora.xtec.cat\/inslaserrasabadell\/wp-json\/wp\/v2\/categories?post=820"},{"taxonomy":"post_tag","embeddable":true,"href":"https:\/\/agora.xtec.cat\/inslaserrasabadell\/wp-json\/wp\/v2\/tags?post=820"}],"curies":[{"name":"wp","href":"https:\/\/api.w.org\/{rel}","templated":true}]}}