{"id":568,"date":"2016-11-25T13:33:26","date_gmt":"2016-11-25T12:33:26","guid":{"rendered":"http:\/\/agora.xtec.cat\/inslaserrasabadell\/?p=568"},"modified":"2016-12-16T14:15:47","modified_gmt":"2016-12-16T13:15:47","slug":"tutoria-del-grup-de-3r-al-parc-catalunya","status":"publish","type":"post","link":"https:\/\/agora.xtec.cat\/inslaserrasabadell\/general\/tutoria-del-grup-de-3r-al-parc-catalunya\/","title":{"rendered":"Tutoria del grup de 3r al Parc Catalunya"},"content":{"rendered":"<p><strong>Els alumnes de 3r d\u2019ESO de l\u2019institut La Serra fan una excursi\u00f3 per enfortir la relaci\u00f3 del grup de classe.<\/strong><\/p>\n<figure id=\"attachment_569\" aria-describedby=\"caption-attachment-569\" style=\"width: 300px\" class=\"wp-caption alignleft\"><a href=\"http:\/\/agora.xtec.cat\/inslaserrasabadell\/wp-content\/uploads\/usu1513\/2016\/11\/IMG-20161020-WA0004.jpg\"><img loading=\"lazy\" decoding=\"async\" class=\"wp-image-569 size-medium\" src=\"http:\/\/agora.xtec.cat\/inslaserrasabadell\/wp-content\/uploads\/usu1513\/2016\/11\/IMG-20161020-WA0004-300x225.jpg\" width=\"300\" height=\"225\" srcset=\"https:\/\/agora.xtec.cat\/inslaserrasabadell\/wp-content\/uploads\/usu1513\/2016\/11\/IMG-20161020-WA0004-300x225.jpg 300w, https:\/\/agora.xtec.cat\/inslaserrasabadell\/wp-content\/uploads\/usu1513\/2016\/11\/IMG-20161020-WA0004-768x576.jpg 768w, https:\/\/agora.xtec.cat\/inslaserrasabadell\/wp-content\/uploads\/usu1513\/2016\/11\/IMG-20161020-WA0004-1024x768.jpg 1024w, https:\/\/agora.xtec.cat\/inslaserrasabadell\/wp-content\/uploads\/usu1513\/2016\/11\/IMG-20161020-WA0004-200x150.jpg 200w, https:\/\/agora.xtec.cat\/inslaserrasabadell\/wp-content\/uploads\/usu1513\/2016\/11\/IMG-20161020-WA0004.jpg 1599w\" sizes=\"auto, (max-width: 300px) 100vw, 300px\" \/><\/a><figcaption id=\"caption-attachment-569\" class=\"wp-caption-text\">Alumnes de 2n i 3r a la plataforma de la tirolina.<\/figcaption><\/figure>\n<p>El dia 20 d\u2019octubre del 2016 els alumnes de 3r van anar d\u2019excursi\u00f3 al parc de la nostra ciutat, el Parc Catalunya. Els professors i alguns dels alumnes pensaven que la seva relaci\u00f3 de grup no era bona, llavors els tutors del grup van pensar fer algunes activitats que milloressin la confian\u00e7a i la companyonia. En les activitats es tenia que treballar en grup. Van aprendre a beneficiar tant als altres com a ells mateixos si treballaven en equip. Despr\u00e9s de les activitats van parlar sobre que pensaven uns dels altres i com podien solucionar els conflictes a la classe. Tothom va parlar des de el seu punt de vista. Van conversar entre ells i cada un va donar consells als altres per poder aconseguir que les classes funcionessin, a dia d\u2019avui alguns han seguit els consells donats, altres no tant. Les activitats i la conversa van anar molt b\u00e9, l\u2019\u00fanic inconvenient era que no tots van poder assistir a aquesta sortida i no van estar el grup sencer, per\u00f2 els que van anar van treballar bastant b\u00e9.\u00a0Al finalitzar la xerrada es van ajuntar amb els alumnes de 2n i van anar a un parc tots junts.<\/p>\n<p>Autor\/a: Esther Font Rold\u00e1n<\/p>\n<figure id=\"attachment_571\" aria-describedby=\"caption-attachment-571\" style=\"width: 300px\" class=\"wp-caption alignright\"><a href=\"http:\/\/agora.xtec.cat\/inslaserrasabadell\/wp-content\/uploads\/usu1513\/2016\/11\/IMG-20161020-WA0006.jpg\"><img loading=\"lazy\" decoding=\"async\" class=\"wp-image-571 size-medium\" src=\"http:\/\/agora.xtec.cat\/inslaserrasabadell\/wp-content\/uploads\/usu1513\/2016\/11\/IMG-20161020-WA0006-300x225.jpg\" width=\"300\" height=\"225\" srcset=\"https:\/\/agora.xtec.cat\/inslaserrasabadell\/wp-content\/uploads\/usu1513\/2016\/11\/IMG-20161020-WA0006-300x225.jpg 300w, https:\/\/agora.xtec.cat\/inslaserrasabadell\/wp-content\/uploads\/usu1513\/2016\/11\/IMG-20161020-WA0006-768x576.jpg 768w, https:\/\/agora.xtec.cat\/inslaserrasabadell\/wp-content\/uploads\/usu1513\/2016\/11\/IMG-20161020-WA0006-1024x768.jpg 1024w, https:\/\/agora.xtec.cat\/inslaserrasabadell\/wp-content\/uploads\/usu1513\/2016\/11\/IMG-20161020-WA0006-200x150.jpg 200w, https:\/\/agora.xtec.cat\/inslaserrasabadell\/wp-content\/uploads\/usu1513\/2016\/11\/IMG-20161020-WA0006.jpg 1599w\" sizes=\"auto, (max-width: 300px) 100vw, 300px\" \/><\/a><figcaption id=\"caption-attachment-571\" class=\"wp-caption-text\">Dos alumnes de 3r a l&#8217;esgronxador.<\/figcaption><\/figure>\n<figure id=\"attachment_570\" aria-describedby=\"caption-attachment-570\" style=\"width: 225px\" class=\"wp-caption alignleft\"><a href=\"http:\/\/agora.xtec.cat\/inslaserrasabadell\/wp-content\/uploads\/usu1513\/2016\/11\/IMG-20161020-WA0005.jpg\"><img loading=\"lazy\" decoding=\"async\" class=\"wp-image-570 size-medium\" src=\"http:\/\/agora.xtec.cat\/inslaserrasabadell\/wp-content\/uploads\/usu1513\/2016\/11\/IMG-20161020-WA0005-225x300.jpg\" width=\"225\" height=\"300\" srcset=\"https:\/\/agora.xtec.cat\/inslaserrasabadell\/wp-content\/uploads\/usu1513\/2016\/11\/IMG-20161020-WA0005-225x300.jpg 225w, https:\/\/agora.xtec.cat\/inslaserrasabadell\/wp-content\/uploads\/usu1513\/2016\/11\/IMG-20161020-WA0005-768x1024.jpg 768w, https:\/\/agora.xtec.cat\/inslaserrasabadell\/wp-content\/uploads\/usu1513\/2016\/11\/IMG-20161020-WA0005.jpg 1200w\" sizes=\"auto, (max-width: 225px) 100vw, 225px\" \/><\/a><figcaption id=\"caption-attachment-570\" class=\"wp-caption-text\">Alguns alumnes de 3r i 2n a la tirolina del parc.<\/figcaption><\/figure>\n","protected":false},"excerpt":{"rendered":"<p>Els alumnes de 3r d\u2019ESO de l\u2019institut La Serra fan una excursi\u00f3 per enfortir la relaci\u00f3 del grup de classe. El dia 20 d\u2019octubre del 2016 els alumnes de 3r van anar d\u2019excursi\u00f3 al parc de la nostra ciutat, el Parc Catalunya. Els professors i alguns dels alumnes pensaven que la seva relaci\u00f3 de grup [&hellip;]<\/p>\n","protected":false},"author":4,"featured_media":573,"comment_status":"open","ping_status":"open","sticky":false,"template":"","format":"standard","meta":{"_bbp_topic_count":0,"_bbp_reply_count":0,"_bbp_total_topic_count":0,"_bbp_total_reply_count":0,"_bbp_voice_count":0,"_bbp_anonymous_reply_count":0,"_bbp_topic_count_hidden":0,"_bbp_reply_count_hidden":0,"_bbp_forum_subforum_count":0,"site-sidebar-layout":"default","site-content-layout":"","ast-site-content-layout":"","site-content-style":"default","site-sidebar-style":"default","ast-global-header-display":"","ast-banner-title-visibility":"","ast-main-header-display":"","ast-hfb-above-header-display":"","ast-hfb-below-header-display":"","ast-hfb-mobile-header-display":"","site-post-title":"","ast-breadcrumbs-content":"","ast-featured-img":"","footer-sml-layout":"","theme-transparent-header-meta":"","adv-header-id-meta":"","stick-header-meta":"","header-above-stick-meta":"","header-main-stick-meta":"","header-below-stick-meta":"","astra-migrate-meta-layouts":"default","ast-page-background-enabled":"default","ast-page-background-meta":{"desktop":{"background-color":"var(--ast-global-color-4)","background-image":"","background-repeat":"repeat","background-position":"center center","background-size":"auto","background-attachment":"scroll","background-type":"","background-media":"","overlay-type":"","overlay-color":"","overlay-opacity":"","overlay-gradient":""},"tablet":{"background-color":"","background-image":"","background-repeat":"repeat","background-position":"center center","background-size":"auto","background-attachment":"scroll","background-type":"","background-media":"","overlay-type":"","overlay-color":"","overlay-opacity":"","overlay-gradient":""},"mobile":{"background-color":"","background-image":"","background-repeat":"repeat","background-position":"center center","background-size":"auto","background-attachment":"scroll","background-type":"","background-media":"","overlay-type":"","overlay-color":"","overlay-opacity":"","overlay-gradient":""}},"ast-content-background-meta":{"desktop":{"background-color":"var(--ast-global-color-5)","background-image":"","background-repeat":"repeat","background-position":"center center","background-size":"auto","background-attachment":"scroll","background-type":"","background-media":"","overlay-type":"","overlay-color":"","overlay-opacity":"","overlay-gradient":""},"tablet":{"background-color":"var(--ast-global-color-5)","background-image":"","background-repeat":"repeat","background-position":"center center","background-size":"auto","background-attachment":"scroll","background-type":"","background-media":"","overlay-type":"","overlay-color":"","overlay-opacity":"","overlay-gradient":""},"mobile":{"background-color":"var(--ast-global-color-5)","background-image":"","background-repeat":"repeat","background-position":"center center","background-size":"auto","background-attachment":"scroll","background-type":"","background-media":"","overlay-type":"","overlay-color":"","overlay-opacity":"","overlay-gradient":""}},"footnotes":""},"categories":[6,1,121,29],"tags":[],"class_list":["post-568","post","type-post","status-publish","format-standard","has-post-thumbnail","hentry","category-eso-3","category-general","category-veuserra","category-portada"],"post_mailing_queue_ids":[],"_links":{"self":[{"href":"https:\/\/agora.xtec.cat\/inslaserrasabadell\/wp-json\/wp\/v2\/posts\/568","targetHints":{"allow":["GET"]}}],"collection":[{"href":"https:\/\/agora.xtec.cat\/inslaserrasabadell\/wp-json\/wp\/v2\/posts"}],"about":[{"href":"https:\/\/agora.xtec.cat\/inslaserrasabadell\/wp-json\/wp\/v2\/types\/post"}],"author":[{"embeddable":true,"href":"https:\/\/agora.xtec.cat\/inslaserrasabadell\/wp-json\/wp\/v2\/users\/4"}],"replies":[{"embeddable":true,"href":"https:\/\/agora.xtec.cat\/inslaserrasabadell\/wp-json\/wp\/v2\/comments?post=568"}],"version-history":[{"count":3,"href":"https:\/\/agora.xtec.cat\/inslaserrasabadell\/wp-json\/wp\/v2\/posts\/568\/revisions"}],"predecessor-version":[{"id":644,"href":"https:\/\/agora.xtec.cat\/inslaserrasabadell\/wp-json\/wp\/v2\/posts\/568\/revisions\/644"}],"wp:featuredmedia":[{"embeddable":true,"href":"https:\/\/agora.xtec.cat\/inslaserrasabadell\/wp-json\/wp\/v2\/media\/573"}],"wp:attachment":[{"href":"https:\/\/agora.xtec.cat\/inslaserrasabadell\/wp-json\/wp\/v2\/media?parent=568"}],"wp:term":[{"taxonomy":"category","embeddable":true,"href":"https:\/\/agora.xtec.cat\/inslaserrasabadell\/wp-json\/wp\/v2\/categories?post=568"},{"taxonomy":"post_tag","embeddable":true,"href":"https:\/\/agora.xtec.cat\/inslaserrasabadell\/wp-json\/wp\/v2\/tags?post=568"}],"curies":[{"name":"wp","href":"https:\/\/api.w.org\/{rel}","templated":true}]}}