{"id":5419,"date":"2025-05-28T09:16:24","date_gmt":"2025-05-28T07:16:24","guid":{"rendered":"https:\/\/agora.xtec.cat\/inslaserrasabadell\/?p=5419"},"modified":"2025-05-28T09:16:24","modified_gmt":"2025-05-28T07:16:24","slug":"mostra-dentitats-del-barri-de-torreromeu","status":"publish","type":"post","link":"https:\/\/agora.xtec.cat\/inslaserrasabadell\/general\/mostra-dentitats-del-barri-de-torreromeu\/","title":{"rendered":"Mostra d&#8217;Entitats del Barri de Torreromeu"},"content":{"rendered":"<p>Aquest dissabte 31 de maig es celebra la segona Mostra d&#8217;Entitats del Barri de Torreromeu &#8220;Som Barri&#8221;.<\/p>\n<p>El nostre centre participar\u00e0 amb un estand on visitar-nos i con\u00e8ixer el nostre projecte. Hi haur\u00e0 actuacions en directe, paradetes de diferents entitats i jocs i activitats per a grans i petits.<\/p>\n<p>Us animem a celebrar-ho amb nosaltres.<\/p>\n<p><a href=\"https:\/\/agora.xtec.cat\/inslaserrasabadell\/wp-content\/uploads\/usu1513\/2025\/05\/Imagen-larga-2025-05-27-12.58.36.jpg\"><img loading=\"lazy\" decoding=\"async\" class=\"size-medium wp-image-5420 aligncenter\" src=\"https:\/\/agora.xtec.cat\/inslaserrasabadell\/wp-content\/uploads\/usu1513\/2025\/05\/Imagen-larga-2025-05-27-12.58.36-213x300.jpg\" alt=\"\" width=\"213\" height=\"300\" srcset=\"https:\/\/agora.xtec.cat\/inslaserrasabadell\/wp-content\/uploads\/usu1513\/2025\/05\/Imagen-larga-2025-05-27-12.58.36-213x300.jpg 213w, https:\/\/agora.xtec.cat\/inslaserrasabadell\/wp-content\/uploads\/usu1513\/2025\/05\/Imagen-larga-2025-05-27-12.58.36-727x1024.jpg 727w, https:\/\/agora.xtec.cat\/inslaserrasabadell\/wp-content\/uploads\/usu1513\/2025\/05\/Imagen-larga-2025-05-27-12.58.36-768x1082.jpg 768w, https:\/\/agora.xtec.cat\/inslaserrasabadell\/wp-content\/uploads\/usu1513\/2025\/05\/Imagen-larga-2025-05-27-12.58.36.jpg 1000w\" sizes=\"auto, (max-width: 213px) 100vw, 213px\" \/><\/a> <a href=\"https:\/\/agora.xtec.cat\/inslaserrasabadell\/wp-content\/uploads\/usu1513\/2025\/05\/CamScanner-27-05-2025-13.25_1.jpg\"><img loading=\"lazy\" decoding=\"async\" class=\"size-medium wp-image-5421 aligncenter\" src=\"https:\/\/agora.xtec.cat\/inslaserrasabadell\/wp-content\/uploads\/usu1513\/2025\/05\/CamScanner-27-05-2025-13.25_1-300x217.jpg\" alt=\"\" width=\"300\" height=\"217\" srcset=\"https:\/\/agora.xtec.cat\/inslaserrasabadell\/wp-content\/uploads\/usu1513\/2025\/05\/CamScanner-27-05-2025-13.25_1-300x217.jpg 300w, https:\/\/agora.xtec.cat\/inslaserrasabadell\/wp-content\/uploads\/usu1513\/2025\/05\/CamScanner-27-05-2025-13.25_1-1024x740.jpg 1024w, https:\/\/agora.xtec.cat\/inslaserrasabadell\/wp-content\/uploads\/usu1513\/2025\/05\/CamScanner-27-05-2025-13.25_1-768x555.jpg 768w, https:\/\/agora.xtec.cat\/inslaserrasabadell\/wp-content\/uploads\/usu1513\/2025\/05\/CamScanner-27-05-2025-13.25_1-1536x1110.jpg 1536w, https:\/\/agora.xtec.cat\/inslaserrasabadell\/wp-content\/uploads\/usu1513\/2025\/05\/CamScanner-27-05-2025-13.25_1-2048x1480.jpg 2048w\" sizes=\"auto, (max-width: 300px) 100vw, 300px\" \/><\/a><\/p>\n","protected":false},"excerpt":{"rendered":"<p>Aquest dissabte 31 de maig es celebra la segona Mostra d&#8217;Entitats del Barri de Torreromeu &#8220;Som Barri&#8221;. El nostre centre participar\u00e0 amb un estand on visitar-nos i con\u00e8ixer el nostre projecte. Hi haur\u00e0 actuacions en directe, paradetes de diferents entitats i jocs i activitats per a grans i petits. Us animem a celebrar-ho amb nosaltres.<\/p>\n","protected":false},"author":1,"featured_media":5420,"comment_status":"open","ping_status":"closed","sticky":false,"template":"","format":"standard","meta":{"_bbp_topic_count":0,"_bbp_reply_count":0,"_bbp_total_topic_count":0,"_bbp_total_reply_count":0,"_bbp_voice_count":0,"_bbp_anonymous_reply_count":0,"_bbp_topic_count_hidden":0,"_bbp_reply_count_hidden":0,"_bbp_forum_subforum_count":0,"site-sidebar-layout":"default","site-content-layout":"","ast-site-content-layout":"","site-content-style":"default","site-sidebar-style":"default","ast-global-header-display":"","ast-banner-title-visibility":"","ast-main-header-display":"","ast-hfb-above-header-display":"","ast-hfb-below-header-display":"","ast-hfb-mobile-header-display":"","site-post-title":"","ast-breadcrumbs-content":"","ast-featured-img":"","footer-sml-layout":"","theme-transparent-header-meta":"","adv-header-id-meta":"","stick-header-meta":"","header-above-stick-meta":"","header-main-stick-meta":"","header-below-stick-meta":"","astra-migrate-meta-layouts":"default","ast-page-background-enabled":"default","ast-page-background-meta":{"desktop":{"background-color":"var(--ast-global-color-4)","background-image":"","background-repeat":"repeat","background-position":"center center","background-size":"auto","background-attachment":"scroll","background-type":"","background-media":"","overlay-type":"","overlay-color":"","overlay-opacity":"","overlay-gradient":""},"tablet":{"background-color":"","background-image":"","background-repeat":"repeat","background-position":"center center","background-size":"auto","background-attachment":"scroll","background-type":"","background-media":"","overlay-type":"","overlay-color":"","overlay-opacity":"","overlay-gradient":""},"mobile":{"background-color":"","background-image":"","background-repeat":"repeat","background-position":"center center","background-size":"auto","background-attachment":"scroll","background-type":"","background-media":"","overlay-type":"","overlay-color":"","overlay-opacity":"","overlay-gradient":""}},"ast-content-background-meta":{"desktop":{"background-color":"var(--ast-global-color-5)","background-image":"","background-repeat":"repeat","background-position":"center center","background-size":"auto","background-attachment":"scroll","background-type":"","background-media":"","overlay-type":"","overlay-color":"","overlay-opacity":"","overlay-gradient":""},"tablet":{"background-color":"var(--ast-global-color-5)","background-image":"","background-repeat":"repeat","background-position":"center center","background-size":"auto","background-attachment":"scroll","background-type":"","background-media":"","overlay-type":"","overlay-color":"","overlay-opacity":"","overlay-gradient":""},"mobile":{"background-color":"var(--ast-global-color-5)","background-image":"","background-repeat":"repeat","background-position":"center center","background-size":"auto","background-attachment":"scroll","background-type":"","background-media":"","overlay-type":"","overlay-color":"","overlay-opacity":"","overlay-gradient":""}},"footnotes":""},"categories":[1,121,29],"tags":[],"class_list":["post-5419","post","type-post","status-publish","format-standard","has-post-thumbnail","hentry","category-general","category-veuserra","category-portada"],"post_mailing_queue_ids":[],"_links":{"self":[{"href":"https:\/\/agora.xtec.cat\/inslaserrasabadell\/wp-json\/wp\/v2\/posts\/5419","targetHints":{"allow":["GET"]}}],"collection":[{"href":"https:\/\/agora.xtec.cat\/inslaserrasabadell\/wp-json\/wp\/v2\/posts"}],"about":[{"href":"https:\/\/agora.xtec.cat\/inslaserrasabadell\/wp-json\/wp\/v2\/types\/post"}],"author":[{"embeddable":true,"href":"https:\/\/agora.xtec.cat\/inslaserrasabadell\/wp-json\/wp\/v2\/users\/1"}],"replies":[{"embeddable":true,"href":"https:\/\/agora.xtec.cat\/inslaserrasabadell\/wp-json\/wp\/v2\/comments?post=5419"}],"version-history":[{"count":1,"href":"https:\/\/agora.xtec.cat\/inslaserrasabadell\/wp-json\/wp\/v2\/posts\/5419\/revisions"}],"predecessor-version":[{"id":5422,"href":"https:\/\/agora.xtec.cat\/inslaserrasabadell\/wp-json\/wp\/v2\/posts\/5419\/revisions\/5422"}],"wp:featuredmedia":[{"embeddable":true,"href":"https:\/\/agora.xtec.cat\/inslaserrasabadell\/wp-json\/wp\/v2\/media\/5420"}],"wp:attachment":[{"href":"https:\/\/agora.xtec.cat\/inslaserrasabadell\/wp-json\/wp\/v2\/media?parent=5419"}],"wp:term":[{"taxonomy":"category","embeddable":true,"href":"https:\/\/agora.xtec.cat\/inslaserrasabadell\/wp-json\/wp\/v2\/categories?post=5419"},{"taxonomy":"post_tag","embeddable":true,"href":"https:\/\/agora.xtec.cat\/inslaserrasabadell\/wp-json\/wp\/v2\/tags?post=5419"}],"curies":[{"name":"wp","href":"https:\/\/api.w.org\/{rel}","templated":true}]}}