{"id":5164,"date":"2024-12-08T19:06:10","date_gmt":"2024-12-08T18:06:10","guid":{"rendered":"https:\/\/agora.xtec.cat\/inslaserrasabadell\/?p=5164"},"modified":"2025-03-27T12:26:56","modified_gmt":"2025-03-27T11:26:56","slug":"cinema-en-curs-dia-internacional-dels-plans-del-mon","status":"publish","type":"post","link":"https:\/\/agora.xtec.cat\/inslaserrasabadell\/general\/cinema-en-curs-dia-internacional-dels-plans-del-mon\/","title":{"rendered":"Cinema en curs &#8211; Dia Internacional dels plans del mon"},"content":{"rendered":"<p>Aquest curs hem comen\u00e7at a utilitzar la c\u00e0mera instant\u00e0nia. Ens\u00a0 ensenya un Director de cinema que es diu Pep que treballa en el projecte &#8220;Cinema en curs&#8221;. <span style=\"font-weight: 400;\">El cinema en curs es un projecte apropa al cinema als instituts on els i les alumnes han de fer v\u00eddeos i curtmetratges.<\/span><\/p>\n<p>La primera gran activitat que hem fet ha estat participar al dia internacional dels plans del mon:<\/p>\n<p><span style=\"font-weight: 400;\">El dimarts dia 9 de novembre els alumnes de 3r v\u00e0rem anar a diferents llocs de Sabadell per fer v\u00eddeos i fotografies pel projecte de CINEMA EN CURS.\u00a0 Vam anar al PARC TAUL\u00cd i altres miradors de Sabadell com la TORRE D\u2019AIGUA, o des de POBLE NOU<\/span><\/p>\n<p><a href=\"https:\/\/agora.xtec.cat\/inslaserrasabadell\/wp-content\/uploads\/usu1513\/2024\/11\/Captura.png\"><img loading=\"lazy\" decoding=\"async\" class=\"alignnone size-full wp-image-5189\" src=\"https:\/\/agora.xtec.cat\/inslaserrasabadell\/wp-content\/uploads\/usu1513\/2024\/11\/Captura.png\" alt=\"\" width=\"294\" height=\"217\" \/><\/a><a href=\"https:\/\/agora.xtec.cat\/inslaserrasabadell\/wp-content\/uploads\/usu1513\/2024\/11\/Captura-1.png\"><img loading=\"lazy\" decoding=\"async\" class=\"alignnone  wp-image-5191\" src=\"https:\/\/agora.xtec.cat\/inslaserrasabadell\/wp-content\/uploads\/usu1513\/2024\/11\/Captura-1.png\" alt=\"\" width=\"356\" height=\"216\" \/><\/a><\/p>\n<p>Redactors: Andr\u00e9s Rodr\u00edguez i Iliass Karbal<\/p>\n","protected":false},"excerpt":{"rendered":"<p>Aquest curs hem comen\u00e7at a utilitzar la c\u00e0mera instant\u00e0nia. Ens\u00a0 ensenya un Director de cinema que es diu Pep que treballa en el projecte &#8220;Cinema en curs&#8221;. El cinema en curs es un projecte apropa al cinema als instituts on els i les alumnes han de fer v\u00eddeos i curtmetratges. La primera gran activitat que [&hellip;]<\/p>\n","protected":false},"author":4,"featured_media":5189,"comment_status":"open","ping_status":"closed","sticky":false,"template":"","format":"standard","meta":{"_bbp_topic_count":0,"_bbp_reply_count":0,"_bbp_total_topic_count":0,"_bbp_total_reply_count":0,"_bbp_voice_count":0,"_bbp_anonymous_reply_count":0,"_bbp_topic_count_hidden":0,"_bbp_reply_count_hidden":0,"_bbp_forum_subforum_count":0,"site-sidebar-layout":"default","site-content-layout":"","ast-site-content-layout":"","site-content-style":"default","site-sidebar-style":"default","ast-global-header-display":"","ast-banner-title-visibility":"","ast-main-header-display":"","ast-hfb-above-header-display":"","ast-hfb-below-header-display":"","ast-hfb-mobile-header-display":"","site-post-title":"","ast-breadcrumbs-content":"","ast-featured-img":"","footer-sml-layout":"","theme-transparent-header-meta":"","adv-header-id-meta":"","stick-header-meta":"","header-above-stick-meta":"","header-main-stick-meta":"","header-below-stick-meta":"","astra-migrate-meta-layouts":"default","ast-page-background-enabled":"default","ast-page-background-meta":{"desktop":{"background-color":"var(--ast-global-color-4)","background-image":"","background-repeat":"repeat","background-position":"center center","background-size":"auto","background-attachment":"scroll","background-type":"","background-media":"","overlay-type":"","overlay-color":"","overlay-opacity":"","overlay-gradient":""},"tablet":{"background-color":"","background-image":"","background-repeat":"repeat","background-position":"center center","background-size":"auto","background-attachment":"scroll","background-type":"","background-media":"","overlay-type":"","overlay-color":"","overlay-opacity":"","overlay-gradient":""},"mobile":{"background-color":"","background-image":"","background-repeat":"repeat","background-position":"center center","background-size":"auto","background-attachment":"scroll","background-type":"","background-media":"","overlay-type":"","overlay-color":"","overlay-opacity":"","overlay-gradient":""}},"ast-content-background-meta":{"desktop":{"background-color":"var(--ast-global-color-5)","background-image":"","background-repeat":"repeat","background-position":"center center","background-size":"auto","background-attachment":"scroll","background-type":"","background-media":"","overlay-type":"","overlay-color":"","overlay-opacity":"","overlay-gradient":""},"tablet":{"background-color":"var(--ast-global-color-5)","background-image":"","background-repeat":"repeat","background-position":"center center","background-size":"auto","background-attachment":"scroll","background-type":"","background-media":"","overlay-type":"","overlay-color":"","overlay-opacity":"","overlay-gradient":""},"mobile":{"background-color":"var(--ast-global-color-5)","background-image":"","background-repeat":"repeat","background-position":"center center","background-size":"auto","background-attachment":"scroll","background-type":"","background-media":"","overlay-type":"","overlay-color":"","overlay-opacity":"","overlay-gradient":""}},"footnotes":""},"categories":[6,327,1,121,29],"tags":[],"class_list":["post-5164","post","type-post","status-publish","format-standard","has-post-thumbnail","hentry","category-eso-3","category-cinema-en-curs","category-general","category-veuserra","category-portada"],"post_mailing_queue_ids":[],"_links":{"self":[{"href":"https:\/\/agora.xtec.cat\/inslaserrasabadell\/wp-json\/wp\/v2\/posts\/5164","targetHints":{"allow":["GET"]}}],"collection":[{"href":"https:\/\/agora.xtec.cat\/inslaserrasabadell\/wp-json\/wp\/v2\/posts"}],"about":[{"href":"https:\/\/agora.xtec.cat\/inslaserrasabadell\/wp-json\/wp\/v2\/types\/post"}],"author":[{"embeddable":true,"href":"https:\/\/agora.xtec.cat\/inslaserrasabadell\/wp-json\/wp\/v2\/users\/4"}],"replies":[{"embeddable":true,"href":"https:\/\/agora.xtec.cat\/inslaserrasabadell\/wp-json\/wp\/v2\/comments?post=5164"}],"version-history":[{"count":4,"href":"https:\/\/agora.xtec.cat\/inslaserrasabadell\/wp-json\/wp\/v2\/posts\/5164\/revisions"}],"predecessor-version":[{"id":5192,"href":"https:\/\/agora.xtec.cat\/inslaserrasabadell\/wp-json\/wp\/v2\/posts\/5164\/revisions\/5192"}],"wp:featuredmedia":[{"embeddable":true,"href":"https:\/\/agora.xtec.cat\/inslaserrasabadell\/wp-json\/wp\/v2\/media\/5189"}],"wp:attachment":[{"href":"https:\/\/agora.xtec.cat\/inslaserrasabadell\/wp-json\/wp\/v2\/media?parent=5164"}],"wp:term":[{"taxonomy":"category","embeddable":true,"href":"https:\/\/agora.xtec.cat\/inslaserrasabadell\/wp-json\/wp\/v2\/categories?post=5164"},{"taxonomy":"post_tag","embeddable":true,"href":"https:\/\/agora.xtec.cat\/inslaserrasabadell\/wp-json\/wp\/v2\/tags?post=5164"}],"curies":[{"name":"wp","href":"https:\/\/api.w.org\/{rel}","templated":true}]}}