{"id":3918,"date":"2022-02-24T12:25:28","date_gmt":"2022-02-24T11:25:28","guid":{"rendered":"https:\/\/agora.xtec.cat\/inslaserrasabadell\/?p=3918"},"modified":"2022-02-24T12:29:51","modified_gmt":"2022-02-24T11:29:51","slug":"esquiada-2022-la-serra-a-la-masella","status":"publish","type":"post","link":"https:\/\/agora.xtec.cat\/inslaserrasabadell\/portada\/esquiada-2022-la-serra-a-la-masella\/","title":{"rendered":"Esquiada 2022: La Serra a La Masella!"},"content":{"rendered":"<p><span style=\"font-weight: 400\">El Divendres 18 de febrer, les noies i nois de La Serra van gaudir d\u2019una fant\u00e0stica sortida a la neu. Prop de 100 alumnes i professors vam despla\u00e7ar-nos fins a l\u2019estaci\u00f3 d\u2019esqu\u00ed de La Masella (Alp, Cerdanya) i vam gaudir d\u2019una jornada especial i inoblidable. Aquesta \u00e9s la segona vegada que anem i cada vegada es millor! Durant gaireb\u00e9 4 hores, els alumnes van participar a un taller d\u2019esqu\u00ed, que va ser per a la majoria un segon contacte amb aquest esport.<\/span><\/p>\n<p><span style=\"font-weight: 400\">Aquesta activitat ha estat possible gr\u00e0cies al Pla de Millora d\u2019Oportunitats Educatives del Departament d\u2019Educaci\u00f3 de la Generalitat de Catalunya.<\/span><\/p>\n<p><span style=\"font-weight: 400\">Us deixem un primer tast amb algunes imatges. Ben aviat, podreu llegir una cr\u00f2nica m\u00e9s detallada a c\u00e0rrec dels alumnes de l\u2019optativa de P\u00e0gina web!<\/span><\/p>\n<p><img loading=\"lazy\" decoding=\"async\" class=\"\" src=\"https:\/\/pbs.twimg.com\/media\/FL9oGq3X0AY_1zb?format=jpg&amp;name=4096x4096\" alt=\"Imatge\" width=\"299\" height=\"225\" \/><img loading=\"lazy\" decoding=\"async\" class=\"\" src=\"https:\/\/pbs.twimg.com\/media\/FL9oJFYXIAAH3Q4?format=jpg&amp;name=4096x4096\" alt=\"Imatge\" width=\"343\" height=\"257\" \/><img loading=\"lazy\" decoding=\"async\" class=\"alignnone\" src=\"https:\/\/pbs.twimg.com\/media\/FL9n1i4XwAUin6h?format=jpg&amp;name=small\" alt=\"Imatge\" width=\"258\" height=\"344\" \/><\/p>\n","protected":false},"excerpt":{"rendered":"<p>El Divendres 18 de febrer, les noies i nois de La Serra van gaudir d\u2019una fant\u00e0stica sortida a la neu. Prop de 100 alumnes i professors vam despla\u00e7ar-nos fins a l\u2019estaci\u00f3 d\u2019esqu\u00ed de La Masella (Alp, Cerdanya) i vam gaudir d\u2019una jornada especial i inoblidable. Aquesta \u00e9s la segona vegada que anem i cada vegada [&hellip;]<\/p>\n","protected":false},"author":4,"featured_media":3926,"comment_status":"open","ping_status":"closed","sticky":false,"template":"","format":"standard","meta":{"_bbp_topic_count":0,"_bbp_reply_count":0,"_bbp_total_topic_count":0,"_bbp_total_reply_count":0,"_bbp_voice_count":0,"_bbp_anonymous_reply_count":0,"_bbp_topic_count_hidden":0,"_bbp_reply_count_hidden":0,"_bbp_forum_subforum_count":0,"site-sidebar-layout":"default","site-content-layout":"","ast-site-content-layout":"","site-content-style":"default","site-sidebar-style":"default","ast-global-header-display":"","ast-banner-title-visibility":"","ast-main-header-display":"","ast-hfb-above-header-display":"","ast-hfb-below-header-display":"","ast-hfb-mobile-header-display":"","site-post-title":"","ast-breadcrumbs-content":"","ast-featured-img":"","footer-sml-layout":"","theme-transparent-header-meta":"","adv-header-id-meta":"","stick-header-meta":"","header-above-stick-meta":"","header-main-stick-meta":"","header-below-stick-meta":"","astra-migrate-meta-layouts":"default","ast-page-background-enabled":"default","ast-page-background-meta":{"desktop":{"background-color":"var(--ast-global-color-4)","background-image":"","background-repeat":"repeat","background-position":"center center","background-size":"auto","background-attachment":"scroll","background-type":"","background-media":"","overlay-type":"","overlay-color":"","overlay-opacity":"","overlay-gradient":""},"tablet":{"background-color":"","background-image":"","background-repeat":"repeat","background-position":"center center","background-size":"auto","background-attachment":"scroll","background-type":"","background-media":"","overlay-type":"","overlay-color":"","overlay-opacity":"","overlay-gradient":""},"mobile":{"background-color":"","background-image":"","background-repeat":"repeat","background-position":"center center","background-size":"auto","background-attachment":"scroll","background-type":"","background-media":"","overlay-type":"","overlay-color":"","overlay-opacity":"","overlay-gradient":""}},"ast-content-background-meta":{"desktop":{"background-color":"var(--ast-global-color-5)","background-image":"","background-repeat":"repeat","background-position":"center center","background-size":"auto","background-attachment":"scroll","background-type":"","background-media":"","overlay-type":"","overlay-color":"","overlay-opacity":"","overlay-gradient":""},"tablet":{"background-color":"var(--ast-global-color-5)","background-image":"","background-repeat":"repeat","background-position":"center center","background-size":"auto","background-attachment":"scroll","background-type":"","background-media":"","overlay-type":"","overlay-color":"","overlay-opacity":"","overlay-gradient":""},"mobile":{"background-color":"var(--ast-global-color-5)","background-image":"","background-repeat":"repeat","background-position":"center center","background-size":"auto","background-attachment":"scroll","background-type":"","background-media":"","overlay-type":"","overlay-color":"","overlay-opacity":"","overlay-gradient":""}},"footnotes":""},"categories":[29],"tags":[295,102,297,296],"class_list":["post-3918","post","type-post","status-publish","format-standard","has-post-thumbnail","hentry","category-portada","tag-esquiada","tag-excursions","tag-neu","tag-tot-linstitut"],"post_mailing_queue_ids":[],"_links":{"self":[{"href":"https:\/\/agora.xtec.cat\/inslaserrasabadell\/wp-json\/wp\/v2\/posts\/3918","targetHints":{"allow":["GET"]}}],"collection":[{"href":"https:\/\/agora.xtec.cat\/inslaserrasabadell\/wp-json\/wp\/v2\/posts"}],"about":[{"href":"https:\/\/agora.xtec.cat\/inslaserrasabadell\/wp-json\/wp\/v2\/types\/post"}],"author":[{"embeddable":true,"href":"https:\/\/agora.xtec.cat\/inslaserrasabadell\/wp-json\/wp\/v2\/users\/4"}],"replies":[{"embeddable":true,"href":"https:\/\/agora.xtec.cat\/inslaserrasabadell\/wp-json\/wp\/v2\/comments?post=3918"}],"version-history":[{"count":1,"href":"https:\/\/agora.xtec.cat\/inslaserrasabadell\/wp-json\/wp\/v2\/posts\/3918\/revisions"}],"predecessor-version":[{"id":3924,"href":"https:\/\/agora.xtec.cat\/inslaserrasabadell\/wp-json\/wp\/v2\/posts\/3918\/revisions\/3924"}],"wp:featuredmedia":[{"embeddable":true,"href":"https:\/\/agora.xtec.cat\/inslaserrasabadell\/wp-json\/wp\/v2\/media\/3926"}],"wp:attachment":[{"href":"https:\/\/agora.xtec.cat\/inslaserrasabadell\/wp-json\/wp\/v2\/media?parent=3918"}],"wp:term":[{"taxonomy":"category","embeddable":true,"href":"https:\/\/agora.xtec.cat\/inslaserrasabadell\/wp-json\/wp\/v2\/categories?post=3918"},{"taxonomy":"post_tag","embeddable":true,"href":"https:\/\/agora.xtec.cat\/inslaserrasabadell\/wp-json\/wp\/v2\/tags?post=3918"}],"curies":[{"name":"wp","href":"https:\/\/api.w.org\/{rel}","templated":true}]}}