{"id":3893,"date":"2022-03-03T11:47:59","date_gmt":"2022-03-03T10:47:59","guid":{"rendered":"https:\/\/agora.xtec.cat\/inslaserrasabadell\/?p=3893"},"modified":"2022-03-03T12:30:13","modified_gmt":"2022-03-03T11:30:13","slug":"el-8-marc-contra-violencialgtbifobia-i-feixisme","status":"publish","type":"post","link":"https:\/\/agora.xtec.cat\/inslaserrasabadell\/general\/el-8-marc-contra-violencialgtbifobia-i-feixisme\/","title":{"rendered":"El 8 mar\u00e7, vaga contra violencia, lgtbifobia i feixisme"},"content":{"rendered":"<p><em><span style=\"font-weight: 400;\">Article creat per Romayssae Derouichi (3r B)<\/span><\/em><\/p>\n<p><span style=\"font-weight: 400;\">El dia 8 de mar\u00e7 \u00e9s el dia de la dona. A l&#8217;institut La Serra alguns alumnes de 3r i 4t s&#8217;afegiran a una <a href=\"https:\/\/www.sindicatdestudiants.net\/index.php\/noticies\/movimient-estudiantil\/general\/1255-8-marc-vaga-general-estudiantil-contra-la-violencia-masclista-la-lgtbifobia-i-el-feixisme\">vaga general estudiantil contra la viol\u00e8ncia masclista, la LGTB-f\u00f2bia i el feixisme<\/a>. Tamb\u00e9 es convoquen concentracions a Barcelona: 12\u202fh Pla\u00e7a Universitat,\u00a0 a Tarragona: 12\u202fh Pla\u00e7a Imperial T\u00e0rraco; Lleida, Pla\u00e7a Sant Joan; i Girona: 12\u202fh Pla\u00e7a d&#8217;Octubre.<\/span><\/p>\n<p>A continuaci\u00f3 teniu el seg\u00fcent enlla\u00e7,amb m\u00e9s informaci\u00f3 de la vaga:<\/p>\n<p>https:\/\/www.sindicatdestudiants.net\/index.php\/noticies\/movimient-estudiantil\/general\/1255-8-marc-vaga-general-estudiantil-contra-la-violencia-masclista-la-lgtbifobia-i-el-feixisme<\/p>\n<p>&nbsp;<\/p>\n<p><img loading=\"lazy\" decoding=\"async\" class=\"size-medium wp-image-3896 alignright\" src=\"https:\/\/agora.xtec.cat\/inslaserrasabadell\/wp-content\/uploads\/usu1513\/2022\/01\/lila-300x169.jpg\" alt=\"\" width=\"300\" height=\"169\" srcset=\"https:\/\/agora.xtec.cat\/inslaserrasabadell\/wp-content\/uploads\/usu1513\/2022\/01\/lila-300x169.jpg 300w, https:\/\/agora.xtec.cat\/inslaserrasabadell\/wp-content\/uploads\/usu1513\/2022\/01\/lila-1024x576.jpg 1024w, https:\/\/agora.xtec.cat\/inslaserrasabadell\/wp-content\/uploads\/usu1513\/2022\/01\/lila-768x432.jpg 768w, https:\/\/agora.xtec.cat\/inslaserrasabadell\/wp-content\/uploads\/usu1513\/2022\/01\/lila-1536x864.jpg 1536w, https:\/\/agora.xtec.cat\/inslaserrasabadell\/wp-content\/uploads\/usu1513\/2022\/01\/lila.jpg 1706w\" sizes=\"auto, (max-width: 300px) 100vw, 300px\" \/><\/p>\n","protected":false},"excerpt":{"rendered":"<p>Article creat per Romayssae Derouichi (3r B) El dia 8 de mar\u00e7 \u00e9s el dia de la dona. A l&#8217;institut La Serra alguns alumnes de 3r i 4t s&#8217;afegiran a una vaga general estudiantil contra la viol\u00e8ncia masclista, la LGTB-f\u00f2bia i el feixisme. Tamb\u00e9 es convoquen concentracions a Barcelona: 12\u202fh Pla\u00e7a Universitat,\u00a0 a Tarragona: 12\u202fh [&hellip;]<\/p>\n","protected":false},"author":4,"featured_media":3939,"comment_status":"open","ping_status":"closed","sticky":false,"template":"","format":"standard","meta":{"_bbp_topic_count":0,"_bbp_reply_count":0,"_bbp_total_topic_count":0,"_bbp_total_reply_count":0,"_bbp_voice_count":0,"_bbp_anonymous_reply_count":0,"_bbp_topic_count_hidden":0,"_bbp_reply_count_hidden":0,"_bbp_forum_subforum_count":0,"site-sidebar-layout":"default","site-content-layout":"","ast-site-content-layout":"","site-content-style":"default","site-sidebar-style":"default","ast-global-header-display":"","ast-banner-title-visibility":"","ast-main-header-display":"","ast-hfb-above-header-display":"","ast-hfb-below-header-display":"","ast-hfb-mobile-header-display":"","site-post-title":"","ast-breadcrumbs-content":"","ast-featured-img":"","footer-sml-layout":"","theme-transparent-header-meta":"","adv-header-id-meta":"","stick-header-meta":"","header-above-stick-meta":"","header-main-stick-meta":"","header-below-stick-meta":"","astra-migrate-meta-layouts":"default","ast-page-background-enabled":"default","ast-page-background-meta":{"desktop":{"background-color":"var(--ast-global-color-4)","background-image":"","background-repeat":"repeat","background-position":"center center","background-size":"auto","background-attachment":"scroll","background-type":"","background-media":"","overlay-type":"","overlay-color":"","overlay-opacity":"","overlay-gradient":""},"tablet":{"background-color":"","background-image":"","background-repeat":"repeat","background-position":"center center","background-size":"auto","background-attachment":"scroll","background-type":"","background-media":"","overlay-type":"","overlay-color":"","overlay-opacity":"","overlay-gradient":""},"mobile":{"background-color":"","background-image":"","background-repeat":"repeat","background-position":"center center","background-size":"auto","background-attachment":"scroll","background-type":"","background-media":"","overlay-type":"","overlay-color":"","overlay-opacity":"","overlay-gradient":""}},"ast-content-background-meta":{"desktop":{"background-color":"var(--ast-global-color-5)","background-image":"","background-repeat":"repeat","background-position":"center center","background-size":"auto","background-attachment":"scroll","background-type":"","background-media":"","overlay-type":"","overlay-color":"","overlay-opacity":"","overlay-gradient":""},"tablet":{"background-color":"var(--ast-global-color-5)","background-image":"","background-repeat":"repeat","background-position":"center center","background-size":"auto","background-attachment":"scroll","background-type":"","background-media":"","overlay-type":"","overlay-color":"","overlay-opacity":"","overlay-gradient":""},"mobile":{"background-color":"var(--ast-global-color-5)","background-image":"","background-repeat":"repeat","background-position":"center center","background-size":"auto","background-attachment":"scroll","background-type":"","background-media":"","overlay-type":"","overlay-color":"","overlay-opacity":"","overlay-gradient":""}},"footnotes":""},"categories":[1,121],"tags":[286,289,290,287,291,288,292],"class_list":["post-3893","post","type-post","status-publish","format-standard","has-post-thumbnail","hentry","category-general","category-veuserra","tag-feixisme","tag-lgtbfobia","tag-llibertat","tag-manifestacio","tag-masclisme","tag-vaga","tag-violencia"],"post_mailing_queue_ids":[],"_links":{"self":[{"href":"https:\/\/agora.xtec.cat\/inslaserrasabadell\/wp-json\/wp\/v2\/posts\/3893","targetHints":{"allow":["GET"]}}],"collection":[{"href":"https:\/\/agora.xtec.cat\/inslaserrasabadell\/wp-json\/wp\/v2\/posts"}],"about":[{"href":"https:\/\/agora.xtec.cat\/inslaserrasabadell\/wp-json\/wp\/v2\/types\/post"}],"author":[{"embeddable":true,"href":"https:\/\/agora.xtec.cat\/inslaserrasabadell\/wp-json\/wp\/v2\/users\/4"}],"replies":[{"embeddable":true,"href":"https:\/\/agora.xtec.cat\/inslaserrasabadell\/wp-json\/wp\/v2\/comments?post=3893"}],"version-history":[{"count":3,"href":"https:\/\/agora.xtec.cat\/inslaserrasabadell\/wp-json\/wp\/v2\/posts\/3893\/revisions"}],"predecessor-version":[{"id":3940,"href":"https:\/\/agora.xtec.cat\/inslaserrasabadell\/wp-json\/wp\/v2\/posts\/3893\/revisions\/3940"}],"wp:featuredmedia":[{"embeddable":true,"href":"https:\/\/agora.xtec.cat\/inslaserrasabadell\/wp-json\/wp\/v2\/media\/3939"}],"wp:attachment":[{"href":"https:\/\/agora.xtec.cat\/inslaserrasabadell\/wp-json\/wp\/v2\/media?parent=3893"}],"wp:term":[{"taxonomy":"category","embeddable":true,"href":"https:\/\/agora.xtec.cat\/inslaserrasabadell\/wp-json\/wp\/v2\/categories?post=3893"},{"taxonomy":"post_tag","embeddable":true,"href":"https:\/\/agora.xtec.cat\/inslaserrasabadell\/wp-json\/wp\/v2\/tags?post=3893"}],"curies":[{"name":"wp","href":"https:\/\/api.w.org\/{rel}","templated":true}]}}