{"id":2940,"date":"2020-03-18T17:58:47","date_gmt":"2020-03-18T16:58:47","guid":{"rendered":"http:\/\/agora.xtec.cat\/inslaserrasabadell\/?p=2940"},"modified":"2020-04-02T11:20:32","modified_gmt":"2020-04-02T09:20:32","slug":"bases-concurs-sant-jordi-2020-joemquedoacasa","status":"publish","type":"post","link":"https:\/\/agora.xtec.cat\/inslaserrasabadell\/portada\/bases-concurs-sant-jordi-2020-joemquedoacasa\/","title":{"rendered":"Bases Concurs Sant Jordi 2020 #joemquedoacasa"},"content":{"rendered":"<p style=\"text-align: center;\"><b>Bases Concurs Sant Jordi 2020 <\/b><i><span style=\"font-weight: 400;\">#joemquedoacasa<\/span><\/i><\/p>\n<ol>\n<li><b>Participaci\u00f3<\/b><span style=\"font-weight: 400;\">: hi pot participar tot l\u2019alumnat de l\u2019Institut. Es poden presentar treballs a m\u00e9s d\u2019una modalitat. Els treballs han de ser de creaci\u00f3 pr\u00f2pia i individuals.\u00a0<\/span><\/li>\n<li><b>Modalitats<\/b><span style=\"font-weight: 400;\">: poesia, narraci\u00f3 breu, pictures and words i fotografia matem\u00e0tica.<\/span><\/li>\n<\/ol>\n<p><b>POESIA<\/b><\/p>\n<p><span style=\"font-weight: 400;\">Lleng\u00fces: catal\u00e0 o castell\u00e0.<\/span><\/p>\n<p><span style=\"font-weight: 400;\">Tema: El temps<\/span><\/p>\n<p><span style=\"font-weight: 400;\">Presentaci\u00f3: els escrits es poden lliurar via correu electr\u00f2nic a l\u2019adre\u00e7a de correu electr\u00f2nic <\/span><a href=\"mailto:inslaserrasbd@gmail.com\"><span style=\"font-weight: 400;\">inslaserrasbd@gmail.com<\/span><\/a><span style=\"font-weight: 400;\"> indicant a l\u2019assumpte \u201cPoesia Sant Jordi 2020\u201d.\u00a0<\/span><\/p>\n<p><span style=\"font-weight: 400;\">Extensi\u00f3: entre 3 i 8 estrofes.\u00a0<\/span><\/p>\n<p><b>NARRACI\u00d3 BREU<\/b><\/p>\n<p><span style=\"font-weight: 400;\">Lleng\u00fces: catal\u00e0 o castell\u00e0.<\/span><\/p>\n<p><span style=\"font-weight: 400;\">Tema: El temps<\/span><\/p>\n<p><span style=\"font-weight: 400;\">Presentaci\u00f3: els escrits es poden lliurar via correu electr\u00f2nic, a l\u2019adre\u00e7a de correu electr\u00f2nic <\/span><a href=\"mailto:inslaserrasbd@gmail.com\"><span style=\"font-weight: 400;\">inslaserrasbd@gmail.com<\/span><\/a><span style=\"font-weight: 400;\"> indicant a l\u2019assumpte \u201cNarraci\u00f3 Sant Jordi 2020\u201d.\u00a0<\/span><\/p>\n<p><span style=\"font-weight: 400;\">Extensi\u00f3: entre 1 i 3 fulls.\u00a0<\/span><\/p>\n<p><b>PICTURES AND WORDS<\/b><\/p>\n<p><span style=\"font-weight: 400;\">En aquest concurs hi poden participar alumnes, docents i PAS, en dues categories (alumnes i docents\/PAS).<\/span><\/p>\n<p><span style=\"font-weight: 400;\">Llengua: Angl\u00e8s<\/span><\/p>\n<p><span style=\"font-weight: 400;\">Tema: \u201cTime\u201d\u00a0<\/span><\/p>\n<p><span style=\"font-weight: 400;\">Es tracta de fer una fotografia relacionada amb el tema del temps, acompanyada d\u2019un text breu en angl\u00e8s. Les fotografies han de ser fetes pels participants. No es poden fer fotomuntatges. La descripci\u00f3 ha de tenir un m\u00ednim de 10 paraules i un m\u00e0xim de 50. La fotografia i la frase han d\u2019inspirar-se en el tema del concurs: \u201ctime\u201d. Es valorar\u00e0 tant l\u2019originalitat de la fotografia com la qualitat liter\u00e0ria del text.<\/span><b> IMPORTANT: no es pot sortir de casa per fer fotos. Feu-les a casa o aprofiteu fotos que ja tingueu.<\/b><\/p>\n<p><span style=\"font-weight: 400;\">Presentaci\u00f3: els treballs es lliuren via correu electr\u00f2nic, a l\u2019adre\u00e7a inslaserrasbd@gmail.com indicant a l\u2019assumpte \u201cPictures and words 2020\u201d.\u00a0\u00a0<\/span><\/p>\n<p><b>FOTOGRAFIA MATEM\u00c0TICA<\/b><\/p>\n<p><span style=\"font-weight: 400;\">En aquest concurs hi poden participar alumnes, professors i PAS, en tres categories: alumnes de 1r i 2n d\u2019ESO, alumnes de 3r i 4t d\u2019ESO i professors\/PAS.<\/span><\/p>\n<p><span style=\"font-weight: 400;\">Es tracta de fer una fotografia que tingui relaci\u00f3 amb les matem\u00e0tiques. Les fotografies han de ser dels participants. No es poden fer fotomuntatges, cal que les fotos siguin originals. Les fotografies poden ser de qualsevol cosa, per\u00f2 han de tenir un sentit matem\u00e0tic.<\/span><\/p>\n<p><span style=\"font-weight: 400;\">Cada foto haur\u00e0 de dur un t\u00edtol que faci refer\u00e8ncia, d\u2019alguna manera, al contingut matem\u00e0tic de l\u2019obra, amb gr\u00e0cia i originalitat. <\/span><b>\u00a0IMPORTANT: no es pot sortir de casa per fer fotos. Feu-les a casa o aprofiteu fotos que ja tingueu.<\/b><\/p>\n<p><span style=\"font-weight: 400;\">Llengua: catal\u00e0.<\/span><\/p>\n<p><span style=\"font-weight: 400;\">Presentaci\u00f3: Les fotografies es lliuren via correu electr\u00f2nic, a l\u2019adre\u00e7a de correu electr\u00f2nic <\/span><a href=\"mailto:inslaserrasbd@gmail.com\"><span style=\"font-weight: 400;\">inslaserrasbd@gmail.com<\/span><\/a><span style=\"font-weight: 400;\"> indicant a l\u2019assumpte \u201cFotografia matem\u00e0tica Sant Jordi 2020\u201d.\u00a0<\/span><\/p>\n<ol start=\"3\">\n<li><b>Premis<\/b><span style=\"font-weight: 400;\">: els guanyadors seran escollits per un<\/span><span style=\"font-weight: 400;\"> jurat format per docents i personal del centre<\/span><span style=\"font-weight: 400;\">. Es reserva el dret a concedir acc\u00e8ssits o deixar alguna categoria deserta. Els premis es lliuraran en un acte que tindr\u00e0 lloc a l\u2019institut en una <\/span><b>data per determinar<\/b><span style=\"font-weight: 400;\">.<\/span><\/li>\n<\/ol>\n<p><span style=\"font-weight: 400;\">Es premiar\u00e0 un treball per categoria. El premi seran els seg\u00fcents per a cada categoria:<\/span><\/p>\n<p><b>POESIA i NARRACI\u00d3 BREU<\/b><span style=\"font-weight: 400;\">: un lot de llibres.<\/span><\/p>\n<p><b>FOTOGRAFIA MATEM\u00c0TICA<\/b><span style=\"font-weight: 400;\">: impressi\u00f3 de fotografies digitals escollides pel guanyador en paper fotogr\u00e0fic (nom\u00e9s per a categoria alumnes). El guanyador de la fotografia matem\u00e0tica participar\u00e0 al <\/span><a href=\"https:\/\/fotografiamatematica.cat\/concurs\/\"><span style=\"font-weight: 400;\">concurs de Fotografia Matem\u00e0tica de l\u2019ABEAM<\/span><\/a><span style=\"font-weight: 400;\">.<\/span><\/p>\n<p><b>PICTURES AND WORDS<\/b><span style=\"font-weight: 400;\">: un lot de llibres en angl\u00e8s.<\/span><\/p>\n<ol start=\"4\">\n<li><b>Calendari de presentaci\u00f3<\/b><span style=\"font-weight: 400;\">: El termini de presentaci\u00f3 acabar\u00e0 el divendres <strong>14<\/strong><\/span><b>\u00a0d\u2019abril<\/b><span style=\"font-weight: 400;\">. NO S\u2019ACCEPTAR\u00c0 CAP TREBALL DESPR\u00c9S D\u2019AQUESTA DATA.\u00a0<\/span><\/li>\n<\/ol>\n<p>&nbsp;<\/p>\n","protected":false},"excerpt":{"rendered":"<p>El termini de presentaci\u00f3 acabar\u00e0 el divendres 14 d\u2019abril. Es convoquen les modalitats de poesia, narraci\u00f3 breu, pictures and words i fotografia matem\u00e0tica.<\/p>\n","protected":false},"author":1,"featured_media":2346,"comment_status":"open","ping_status":"closed","sticky":false,"template":"","format":"standard","meta":{"_bbp_topic_count":0,"_bbp_reply_count":0,"_bbp_total_topic_count":0,"_bbp_total_reply_count":0,"_bbp_voice_count":0,"_bbp_anonymous_reply_count":0,"_bbp_topic_count_hidden":0,"_bbp_reply_count_hidden":0,"_bbp_forum_subforum_count":0,"site-sidebar-layout":"default","site-content-layout":"","ast-site-content-layout":"","site-content-style":"default","site-sidebar-style":"default","ast-global-header-display":"","ast-banner-title-visibility":"","ast-main-header-display":"","ast-hfb-above-header-display":"","ast-hfb-below-header-display":"","ast-hfb-mobile-header-display":"","site-post-title":"","ast-breadcrumbs-content":"","ast-featured-img":"","footer-sml-layout":"","theme-transparent-header-meta":"","adv-header-id-meta":"","stick-header-meta":"","header-above-stick-meta":"","header-main-stick-meta":"","header-below-stick-meta":"","astra-migrate-meta-layouts":"default","ast-page-background-enabled":"default","ast-page-background-meta":{"desktop":{"background-color":"var(--ast-global-color-4)","background-image":"","background-repeat":"repeat","background-position":"center center","background-size":"auto","background-attachment":"scroll","background-type":"","background-media":"","overlay-type":"","overlay-color":"","overlay-opacity":"","overlay-gradient":""},"tablet":{"background-color":"","background-image":"","background-repeat":"repeat","background-position":"center center","background-size":"auto","background-attachment":"scroll","background-type":"","background-media":"","overlay-type":"","overlay-color":"","overlay-opacity":"","overlay-gradient":""},"mobile":{"background-color":"","background-image":"","background-repeat":"repeat","background-position":"center center","background-size":"auto","background-attachment":"scroll","background-type":"","background-media":"","overlay-type":"","overlay-color":"","overlay-opacity":"","overlay-gradient":""}},"ast-content-background-meta":{"desktop":{"background-color":"var(--ast-global-color-5)","background-image":"","background-repeat":"repeat","background-position":"center center","background-size":"auto","background-attachment":"scroll","background-type":"","background-media":"","overlay-type":"","overlay-color":"","overlay-opacity":"","overlay-gradient":""},"tablet":{"background-color":"var(--ast-global-color-5)","background-image":"","background-repeat":"repeat","background-position":"center center","background-size":"auto","background-attachment":"scroll","background-type":"","background-media":"","overlay-type":"","overlay-color":"","overlay-opacity":"","overlay-gradient":""},"mobile":{"background-color":"var(--ast-global-color-5)","background-image":"","background-repeat":"repeat","background-position":"center center","background-size":"auto","background-attachment":"scroll","background-type":"","background-media":"","overlay-type":"","overlay-color":"","overlay-opacity":"","overlay-gradient":""}},"footnotes":""},"categories":[121,29],"tags":[142,38],"class_list":["post-2940","post","type-post","status-publish","format-standard","has-post-thumbnail","hentry","category-veuserra","category-portada","tag-concursos","tag-sant-jordi"],"post_mailing_queue_ids":[],"_links":{"self":[{"href":"https:\/\/agora.xtec.cat\/inslaserrasabadell\/wp-json\/wp\/v2\/posts\/2940","targetHints":{"allow":["GET"]}}],"collection":[{"href":"https:\/\/agora.xtec.cat\/inslaserrasabadell\/wp-json\/wp\/v2\/posts"}],"about":[{"href":"https:\/\/agora.xtec.cat\/inslaserrasabadell\/wp-json\/wp\/v2\/types\/post"}],"author":[{"embeddable":true,"href":"https:\/\/agora.xtec.cat\/inslaserrasabadell\/wp-json\/wp\/v2\/users\/1"}],"replies":[{"embeddable":true,"href":"https:\/\/agora.xtec.cat\/inslaserrasabadell\/wp-json\/wp\/v2\/comments?post=2940"}],"version-history":[{"count":3,"href":"https:\/\/agora.xtec.cat\/inslaserrasabadell\/wp-json\/wp\/v2\/posts\/2940\/revisions"}],"predecessor-version":[{"id":2944,"href":"https:\/\/agora.xtec.cat\/inslaserrasabadell\/wp-json\/wp\/v2\/posts\/2940\/revisions\/2944"}],"wp:featuredmedia":[{"embeddable":true,"href":"https:\/\/agora.xtec.cat\/inslaserrasabadell\/wp-json\/wp\/v2\/media\/2346"}],"wp:attachment":[{"href":"https:\/\/agora.xtec.cat\/inslaserrasabadell\/wp-json\/wp\/v2\/media?parent=2940"}],"wp:term":[{"taxonomy":"category","embeddable":true,"href":"https:\/\/agora.xtec.cat\/inslaserrasabadell\/wp-json\/wp\/v2\/categories?post=2940"},{"taxonomy":"post_tag","embeddable":true,"href":"https:\/\/agora.xtec.cat\/inslaserrasabadell\/wp-json\/wp\/v2\/tags?post=2940"}],"curies":[{"name":"wp","href":"https:\/\/api.w.org\/{rel}","templated":true}]}}