{"id":2781,"date":"2019-12-12T20:16:32","date_gmt":"2019-12-12T19:16:32","guid":{"rendered":"http:\/\/agora.xtec.cat\/inslaserrasabadell\/?p=2781"},"modified":"2019-12-12T20:16:32","modified_gmt":"2019-12-12T19:16:32","slug":"inauguracio-de-lespai-obert-de-torre-romeu-13-de-desembre","status":"publish","type":"post","link":"https:\/\/agora.xtec.cat\/inslaserrasabadell\/general\/inauguracio-de-lespai-obert-de-torre-romeu-13-de-desembre\/","title":{"rendered":"Inauguraci\u00f3 de l&#8217;Espai Obert de Torre-romeu: 13 de desembre"},"content":{"rendered":"<p>Aquest divendres 13 de desembre tindr\u00e0 lloc la festa d&#8217;inauguraci\u00f3 del nou espai obert de la pla\u00e7a Montcort\u00e9s de Torre-romeu, que un grup de joves del barri han estat organitzant des del mes d\u2019octubre. Es tracta del resultat d&#8217;un proc\u00e9s participatiu amb la implicaci\u00f3 d&#8217;alguns alumnes del nostre centre.<\/p>\n<p>A la festa es podr\u00e0 gaudir dels espais com el roc\u00f2drom o la tirolina, aix\u00ed com del torneig de futbol organitzat per l&#8217;Esplai Pandora. Tamb\u00e9 es dur\u00e0 a terme un taller de parkour i una sessi\u00f3 de cinema a la fresca. Des de l&#8217;institut us animem a participar-hi! Abriga&#8217;t i cap a l&#8217;Espai Obert!<a href=\"https:\/\/agora.xtec.cat\/inslaserrasabadell\/wp-content\/uploads\/usu1513\/2019\/12\/Cartell_EspaiObert_Torre-Romeup.jpg\"><img loading=\"lazy\" decoding=\"async\" class=\"wp-image-2782 size-large alignleft\" src=\"https:\/\/agora.xtec.cat\/inslaserrasabadell\/wp-content\/uploads\/usu1513\/2019\/12\/Cartell_EspaiObert_Torre-Romeup-724x1024.jpg\" alt=\"\" width=\"724\" height=\"1024\" srcset=\"https:\/\/agora.xtec.cat\/inslaserrasabadell\/wp-content\/uploads\/usu1513\/2019\/12\/Cartell_EspaiObert_Torre-Romeup-724x1024.jpg 724w, https:\/\/agora.xtec.cat\/inslaserrasabadell\/wp-content\/uploads\/usu1513\/2019\/12\/Cartell_EspaiObert_Torre-Romeup-212x300.jpg 212w, https:\/\/agora.xtec.cat\/inslaserrasabadell\/wp-content\/uploads\/usu1513\/2019\/12\/Cartell_EspaiObert_Torre-Romeup-768x1086.jpg 768w, https:\/\/agora.xtec.cat\/inslaserrasabadell\/wp-content\/uploads\/usu1513\/2019\/12\/Cartell_EspaiObert_Torre-Romeup.jpg 1403w\" sizes=\"auto, (max-width: 724px) 100vw, 724px\" \/><\/a><\/p>\n","protected":false},"excerpt":{"rendered":"<p>Aquest divendres 13 de desembre tindr\u00e0 lloc la festa d&#8217;inauguraci\u00f3 del nou espai obert de la pla\u00e7a Montcort\u00e9s de Torre-romeu.<\/p>\n","protected":false},"author":1,"featured_media":2782,"comment_status":"open","ping_status":"closed","sticky":false,"template":"","format":"standard","meta":{"_bbp_topic_count":0,"_bbp_reply_count":0,"_bbp_total_topic_count":0,"_bbp_total_reply_count":0,"_bbp_voice_count":0,"_bbp_anonymous_reply_count":0,"_bbp_topic_count_hidden":0,"_bbp_reply_count_hidden":0,"_bbp_forum_subforum_count":0,"site-sidebar-layout":"default","site-content-layout":"","ast-site-content-layout":"","site-content-style":"default","site-sidebar-style":"default","ast-global-header-display":"","ast-banner-title-visibility":"","ast-main-header-display":"","ast-hfb-above-header-display":"","ast-hfb-below-header-display":"","ast-hfb-mobile-header-display":"","site-post-title":"","ast-breadcrumbs-content":"","ast-featured-img":"","footer-sml-layout":"","theme-transparent-header-meta":"","adv-header-id-meta":"","stick-header-meta":"","header-above-stick-meta":"","header-main-stick-meta":"","header-below-stick-meta":"","astra-migrate-meta-layouts":"default","ast-page-background-enabled":"default","ast-page-background-meta":{"desktop":{"background-color":"var(--ast-global-color-4)","background-image":"","background-repeat":"repeat","background-position":"center center","background-size":"auto","background-attachment":"scroll","background-type":"","background-media":"","overlay-type":"","overlay-color":"","overlay-opacity":"","overlay-gradient":""},"tablet":{"background-color":"","background-image":"","background-repeat":"repeat","background-position":"center center","background-size":"auto","background-attachment":"scroll","background-type":"","background-media":"","overlay-type":"","overlay-color":"","overlay-opacity":"","overlay-gradient":""},"mobile":{"background-color":"","background-image":"","background-repeat":"repeat","background-position":"center center","background-size":"auto","background-attachment":"scroll","background-type":"","background-media":"","overlay-type":"","overlay-color":"","overlay-opacity":"","overlay-gradient":""}},"ast-content-background-meta":{"desktop":{"background-color":"var(--ast-global-color-5)","background-image":"","background-repeat":"repeat","background-position":"center center","background-size":"auto","background-attachment":"scroll","background-type":"","background-media":"","overlay-type":"","overlay-color":"","overlay-opacity":"","overlay-gradient":""},"tablet":{"background-color":"var(--ast-global-color-5)","background-image":"","background-repeat":"repeat","background-position":"center center","background-size":"auto","background-attachment":"scroll","background-type":"","background-media":"","overlay-type":"","overlay-color":"","overlay-opacity":"","overlay-gradient":""},"mobile":{"background-color":"var(--ast-global-color-5)","background-image":"","background-repeat":"repeat","background-position":"center center","background-size":"auto","background-attachment":"scroll","background-type":"","background-media":"","overlay-type":"","overlay-color":"","overlay-opacity":"","overlay-gradient":""}},"footnotes":""},"categories":[1,121,29],"tags":[173,183,165,193,169],"class_list":["post-2781","post","type-post","status-publish","format-standard","has-post-thumbnail","hentry","category-general","category-veuserra","category-portada","tag-espai-jove","tag-esplai","tag-joves","tag-participatiu","tag-torre-romeu"],"post_mailing_queue_ids":[],"_links":{"self":[{"href":"https:\/\/agora.xtec.cat\/inslaserrasabadell\/wp-json\/wp\/v2\/posts\/2781","targetHints":{"allow":["GET"]}}],"collection":[{"href":"https:\/\/agora.xtec.cat\/inslaserrasabadell\/wp-json\/wp\/v2\/posts"}],"about":[{"href":"https:\/\/agora.xtec.cat\/inslaserrasabadell\/wp-json\/wp\/v2\/types\/post"}],"author":[{"embeddable":true,"href":"https:\/\/agora.xtec.cat\/inslaserrasabadell\/wp-json\/wp\/v2\/users\/1"}],"replies":[{"embeddable":true,"href":"https:\/\/agora.xtec.cat\/inslaserrasabadell\/wp-json\/wp\/v2\/comments?post=2781"}],"version-history":[{"count":1,"href":"https:\/\/agora.xtec.cat\/inslaserrasabadell\/wp-json\/wp\/v2\/posts\/2781\/revisions"}],"predecessor-version":[{"id":2783,"href":"https:\/\/agora.xtec.cat\/inslaserrasabadell\/wp-json\/wp\/v2\/posts\/2781\/revisions\/2783"}],"wp:featuredmedia":[{"embeddable":true,"href":"https:\/\/agora.xtec.cat\/inslaserrasabadell\/wp-json\/wp\/v2\/media\/2782"}],"wp:attachment":[{"href":"https:\/\/agora.xtec.cat\/inslaserrasabadell\/wp-json\/wp\/v2\/media?parent=2781"}],"wp:term":[{"taxonomy":"category","embeddable":true,"href":"https:\/\/agora.xtec.cat\/inslaserrasabadell\/wp-json\/wp\/v2\/categories?post=2781"},{"taxonomy":"post_tag","embeddable":true,"href":"https:\/\/agora.xtec.cat\/inslaserrasabadell\/wp-json\/wp\/v2\/tags?post=2781"}],"curies":[{"name":"wp","href":"https:\/\/api.w.org\/{rel}","templated":true}]}}