{"id":2452,"date":"2019-05-31T14:27:19","date_gmt":"2019-05-31T12:27:19","guid":{"rendered":"http:\/\/agora.xtec.cat\/inslaserrasabadell\/?p=2452"},"modified":"2019-06-12T16:13:05","modified_gmt":"2019-06-12T14:13:05","slug":"que-pasa-con-los-animales-abandonados-judit-juncosa-cajide","status":"publish","type":"post","link":"https:\/\/agora.xtec.cat\/inslaserrasabadell\/general\/que-pasa-con-los-animales-abandonados-judit-juncosa-cajide\/","title":{"rendered":"&#8220;\u00bfQu\u00e9 pasa con los animales abandonados?&#8221;. Judit Juncosa Cajide"},"content":{"rendered":"<p><em>Art\u00edculo creado por Judit Juncosa Cajide para la asignatura de Castellano<\/em><\/p>\n<p><span style=\"font-weight: 400;\">\u00bfCuanta gente abandona a sus mascotas? \u00bfPor qu\u00e9 lo hacen? \u00bfQu\u00e9 les pasa a esos animales? \u00bfLos ayudan? Esas preguntas las vamos a responder en este reportaje, sobre el abandono animal.<\/span><\/p>\n<p><span style=\"font-weight: 400;\">Desgraciadamente, hay mucha gente que dejan en la calle a sus mascotas, a\u00fan sabiendo que el abandono de animales est\u00e1 prohibido por ley en el art\u00edculo 337<\/span><span style=\"font-weight: 400;\">, que est\u00e1 <\/span><span style=\"font-weight: 400;\">sancionado con una multa y una <\/span><span style=\"font-weight: 400;\">sanci\u00f3n<\/span><span style=\"font-weight: 400;\"> de accesoria de inhabilitaci\u00f3n especial de uno a tres a\u00f1os para el ejercicio de profesi\u00f3n, oficio o comercio que tenga relaci\u00f3n con los animales\u2026<\/span><\/p>\n<p><span style=\"font-weight: 400;\">Hay casos de todo tipo. Hay gente que abandona a estos en un momento en concreto <\/span><span style=\"font-weight: 400;\">por temas econ\u00f3micos o de cambio de domicilio y luego al cabo del tiempo los va a <\/span><span style=\"font-weight: 400;\">recuperar. Pero no es lo habitual. <\/span><\/p>\n<p><b>\u00bfQu\u00e9 animal es el m\u00e1s abandonado?<img loading=\"lazy\" decoding=\"async\" class=\"CToWUd a6T alignright\" tabindex=\"0\" src=\"https:\/\/lh4.googleusercontent.com\/QhtBdXBE8K_EazD8kYI35UsnHqxK4YZuAy9e-Wxo465F4yO-Gpa_CLyTzjPhJlv5iv29Ag2ylzD58rqCnXEPig9-4OVV8ZzR0BduNtbP7z84Ly7aWPeAnSnVSx2E1WHE6NeDpBnF\" width=\"268\" height=\"253\" \/> <\/b><\/p>\n<p><span style=\"font-weight: 400;\">El animal mas abandonado<\/span> suele<span style=\"font-weight: 400;\"> ser el perro, pero se han reducido los abandonos gracias a los chips que llevan porque se pueden localizar a sus due\u00f1os. Tambi\u00e9n pueden ser los gatos, lo malo es que estos no se sabe si son abandonados ya que no tienen chip, por esa raz\u00f3n se dan por callejeros. En la Protectora d\u2019animals de Sabadell se a incrementado el abandono de PPPs (Perros Potencialmente Peligrosos) <\/span><span style=\"font-weight: 400;\">debido a problemas de comportamiento, al gasto econ\u00f3mico extra (debido a licencias y seguros), y a la normativa estricta que deben seguir como llevarlos siempre con bozal, no dejarlos suelto, etc&#8230;<\/span><\/p>\n<p><span style=\"font-weight: 400;\">Seg\u00fan la Protectora d\u2019animals de Sabadell <\/span><span style=\"font-weight: 400;\">los principales motivos de abandono son las camadas inesperadas, los cambios de domicilio, factores econ\u00f3micos, p\u00e9rdida de inter\u00e9s en \u00e9l y comportamiento problem\u00e1tico.<\/span><\/p>\n<p><span style=\"font-weight: 400;\">Se suelen abandonar en zonas m\u00e1s rurales, la \u00e9poca donde se da m\u00e1s importancia al abandono suele ser a final de la \u00e9poca de caza, pero aseguran que nada de esto es el caso de Sabadell. Los principales meses de m\u00e1s abandono son junio-julio, y en segundo lugar enero.<\/span><\/p>\n<figure style=\"width: 602px\" class=\"wp-caption alignright\"><img loading=\"lazy\" decoding=\"async\" class=\"CToWUd a6T\" tabindex=\"0\" src=\"https:\/\/lh5.googleusercontent.com\/yqJ8oTTaTSEOreoA_oDaYar4QvXcJgoJIe8EYTjBd7iRifKVdJzNT0kQ1cwWnacH94_EJH2sAHTnLlstMJVprIvpDMq_xI58T-qXDbWbf7JTTqMgWevKUKAEzJz7qfrRlLENg4e0\" alt=\"\" width=\"602\" height=\"452\" \/><figcaption class=\"wp-caption-text\">Entrada de la protectora de Sabadell<\/figcaption><\/figure>\n<p><b>\u00bfC\u00f3mo llegan a la protectora?<\/b><\/p>\n<p><span style=\"font-weight: 400;\">A la protectora generalmente llegan en bastantes buenas condiciones de salud,<\/span><span style=\"font-weight: 400;\">aunque se suelen encontrar con casos de desnutrici\u00f3n, maltrato, deshidrataci\u00f3n, <\/span><span style=\"font-weight: 400;\">fracturas o heridas por peleas, o por atropellamientos, entre otros. Nunca se llegan a<\/span><span style=\"font-weight: 400;\">acostumbrar a lo que les hacen pero ya no se sorprenden. \u201cSiempre es muy duro <\/span><span style=\"font-weight: 400;\">cuando llegan animales as\u00ed, sobre todo muy frustrante cuando somos incapaces de <\/span><span style=\"font-weight: 400;\">hacer nada por ellos.\u201d Eso es lo que nos dice una trabajadora de la protectora. <\/span><span style=\"font-weight: 400;\">Si un animal llega muy grave a la protectora lo primero que hacen es mandarlo <\/span><span style=\"font-weight: 400;\">a la veterinaria para que lo estabilizen y si no pueden curarle lo ingresan en el <\/span><span style=\"font-weight: 400;\">hospital. No todas las personas con animales les hacen controles m\u00e9dicos a los animales\u00a0 <\/span><span style=\"font-weight: 400;\">como mucho suelen ser al principio cuando son cachorros luego ya los descuidan. En un <\/span><span style=\"font-weight: 400;\">caso reciente, encontraron cinco perros cachorros atados entre ellos en <\/span><span style=\"font-weight: 400;\">un parque. En la protectora se vio que estaban muy desnutridos y ten\u00edan <\/span><i><span style=\"font-weight: 400;\">parvovirosis<\/span><\/i><span style=\"font-weight: 400;\">, una enfermedad muy complicada en cachorros (que se puede evitar si <\/span><span style=\"font-weight: 400;\">se vacunan adecuadamente). Todos fueron tratados, pero tres murieron en los <\/span><span style=\"font-weight: 400;\">primeros d\u00edas, dos fueron capaces de tirarlos hacia delante, fueron adoptados <\/span><span style=\"font-weight: 400;\">cuando ya estaban completamente curados.<\/span><\/p>\n<p><b>\u00bfC\u00f3mo los cuidan?<\/b><\/p>\n<p><span style=\"font-weight: 400;\">La protectora se ocupa de la alimentaci\u00f3n y la salud del animal durante el tiempo <\/span><span style=\"font-weight: 400;\">que est\u00e1n all\u00ed. Y antes de darlos en adopci\u00f3n siempre est\u00e1n vacunados y <\/span><span style=\"font-weight: 400;\">esterilizados. Igualmente, si una persona deja su perro en la protectora, debe pagar <\/span><span style=\"font-weight: 400;\">un precio por dejarlo. La idea es que cubra esa manutenci\u00f3n, pero normalmente <\/span><span style=\"font-weight: 400;\">cubre muy poco de todo el periodo que acaban estando en la protectora. Hay <\/span><span style=\"font-weight: 400;\">animales que se est\u00e1n toda la vida sin ser adoptados. Tienen un convenio con el <\/span><span style=\"font-weight: 400;\">Ayuntamiento de Sabadell desde el a\u00f1o 1981 para la recogida, custodia y adopci\u00f3n de <\/span><span style=\"font-weight: 400;\">animales abandonados. \u00a0Pero este dinero no cubre ni de lejos el mantenimiento de <\/span><span style=\"font-weight: 400;\">los animales durante todo el periodo que est\u00e1n en la protectora.<\/span><\/p>\n<p><b>Criterios de adopci\u00f3n<\/b><\/p>\n<p><span style=\"font-weight: 400;\">A la hora de adoptar en la Protectora la gente no se echa atr\u00e1s por que el animal <\/span><span style=\"font-weight: 400;\">tenga un rasgu\u00f1o. Suele ser m\u00e1s si tienen una enfermedad cr\u00f3nica eso hace a un <\/span><span style=\"font-weight: 400;\">m\u00e1s dif\u00edcil la adopci\u00f3n. Los perros y gatos cuando son adoptados pasan por una <\/span><span style=\"font-weight: 400;\">revisi\u00f3n veterinaria. La veterinaria tambi\u00e9n aconseja al adoptante sobre los cuidados del <\/span><span style=\"font-weight: 400;\">animal. La edad condiciona mucho ya que suelen adoptan cachorros o <\/span><span style=\"font-weight: 400;\">bastantes j\u00f3venes. Los mayores o viejos es mucho m\u00e1s dif\u00edcil, y muchos de ellos acaban <\/span><span style=\"font-weight: 400;\">pas\u00e1ndose toda la vida en la protectora sin ser adoptados. <\/span><\/p>\n<p><span style=\"font-weight: 400;\">La forma de adoptar a cambiado con el paso del tiempo cada vez tienen m\u00e1s <\/span><span style=\"font-weight: 400;\">cuidado en la entrevista del adoptante para asegurar que se har\u00e1 cargo del animal <\/span><span style=\"font-weight: 400;\">durante toda su vida y en buenas condiciones, y tambi\u00e9n que el este se adapta a <\/span><span style=\"font-weight: 400;\">la vida del adoptante. Tambi\u00e9n ahora tienen m\u00e1s control despu\u00e9s de la adopci\u00f3n. <\/span><span style=\"font-weight: 400;\">Los adoptantes firman un acuerdo con el cual la protectora les puede hacer una <\/span><span style=\"font-weight: 400;\">visita en cualquier momento para comprobar c\u00f3mo va la convivencial. <\/span><span style=\"font-weight: 400;\">Las condiciones para adoptar son las siguientes:<\/span><\/p>\n<p><span style=\"font-weight: 400;\">\u00a0De entrada, el adoptante tiene que cumplir unos requisitos:<a href=\"https:\/\/agora.xtec.cat\/inslaserrasabadell\/wp-content\/uploads\/usu1513\/2019\/05\/image.png\"><img loading=\"lazy\" decoding=\"async\" class=\"size-medium wp-image-2475 alignright\" src=\"https:\/\/agora.xtec.cat\/inslaserrasabadell\/wp-content\/uploads\/usu1513\/2019\/05\/image-300x169.png\" alt=\"\" width=\"300\" height=\"169\" srcset=\"https:\/\/agora.xtec.cat\/inslaserrasabadell\/wp-content\/uploads\/usu1513\/2019\/05\/image-300x169.png 300w, https:\/\/agora.xtec.cat\/inslaserrasabadell\/wp-content\/uploads\/usu1513\/2019\/05\/image.png 594w\" sizes=\"auto, (max-width: 300px) 100vw, 300px\" \/><\/a><\/span><\/p>\n<ul>\n<li style=\"font-weight: 400;\"><span style=\"font-weight: 400;\">Ser mayor de 18 a\u00f1os<\/span><\/li>\n<li style=\"font-weight: 400;\"><span style=\"font-weight: 400;\">Garantizar atenci\u00f3n adecuada<\/span><\/li>\n<li style=\"font-weight: 400;\"><span style=\"font-weight: 400;\">Cumplir las ordenanzas municipales sobre la tenencia de animales.<\/span><\/li>\n<li style=\"font-weight: 400;\"><span style=\"font-weight: 400;\">Inscribirlo al censo municipal<\/span><\/li>\n<\/ul>\n<p><span style=\"font-weight: 400;\">El adoptante visita la protectora, se le hace una entrevista para garantizar que lo cuidar\u00e1 y que toda la familia est\u00e1 comprometida a tenerlo. Tambi\u00e9n la entrevista nos ayuda a determinar el animal m\u00e1s adecuado para \u00e9l.<\/span><\/p>\n<p><span style=\"font-weight: 400;\">Se le dan opciones de animales, y aquel que le guste se saca del patio para que lo conozca m\u00e1s de cerca.<\/span><\/p>\n<p><span style=\"font-weight: 400;\">Se formaliza la adopci\u00f3n, para ello el propietario paga una tasa de adopci\u00f3n (sobre los 100-150\u20ac) para cubrir los gastos de vacunas, esterilizaci\u00f3n y microchip.<\/span><\/p>\n<p><span style=\"font-weight: 400;\">Al cabo de 7-10 d\u00edas vuelve a la protectora con el animal. Si el periodo de prueba ha ido bien, se formalizan los datos del microchip y se entrega la documentaci\u00f3n correspondiente.<\/span><\/p>\n<p><b>\u00bfHan resultado heridos trabajadores?<\/b><\/p>\n<p><span style=\"font-weight: 400;\">Nos explica una trabajadora de la protectora sus experiencias: \u201cPor supuesto que alguna vez han resultado heridos tanto trabajadores como voluntarios, pero no es habitual. \u00a0Los casos que recuerdo han sido por mordidas, aunque de manera redirigida. Es decir, que hab\u00eda una pelea entre perros de un mismo patio, o al sacarlos a pasear, y el voluntario o trabajador se ve en medio o los intenta separar, y acaba con un mordisco que no iba dirigido a \u00e9l. Tenemos protocolos de actuaci\u00f3n y de manejo de perros para evitar estas situaciones, pero a veces pasan igualmente. Los animales tienen unos niveles de estr\u00e9s muy elevados en la protectora y esto aumenta el n\u00famero de peleas entre ellos. Cuando ha pasado se ha trasladado inmediatamente la persona al hospital para que la puedan curar bien, ya que son heridas que se pueden infectar. Solo recuerdo un caso realmente malo en que una voluntaria acab\u00f3 perdiendo un dedo por una mordida.\u201d<\/span><\/p>\n<p><b>\u00bfSe a dado el caso de estar llena la protectora?<\/b><\/p>\n<p><span style=\"font-weight: 400;\">Nunca se a dado el caso de estar lleno todos los patios ya que siempre han buscado la <\/span><span style=\"font-weight: 400;\">manera de encontrar un sitio para el nuevo animal. Podemos distribuir los perros y que haya <\/span><span style=\"font-weight: 400;\">m\u00e1s n\u00famero de perros por patio. Actualmente estamos a punto de llegar al aforo m\u00e1ximo debido a que los <\/span><span style=\"font-weight: 400;\">PPPs tienen que estar en patios individuales (no se adaptan a estar en grupo con otros <\/span><span style=\"font-weight: 400;\">perros). Si no pudieran acoger a ninguno m\u00e1s tendrian que reubicar alg\u00fan animal a otra <\/span><span style=\"font-weight: 400;\">protectora, o pedir casa de acogida temporal entre los voluntarios y simpatizantes.<\/span><\/p>\n<p><b>OPINI\u00d3N DE ESTAS PERSONAS:<\/b><\/p>\n<p><span style=\"font-weight: 400;\">\u201cPara que haya menos abandono, debemos hacer un cambio de mentalidad como sociedad, <\/span><span style=\"font-weight: 400;\">aunque ya hay muchas personas individualmente que lo han hecho. Que es entender que <\/span><span style=\"font-weight: 400;\">nuestros animales de compa\u00f1\u00eda son seres vivos, que tienen sus necesidades y pueden <\/span><span style=\"font-weight: 400;\">sufrir, y que los due\u00f1os somos su familia y sus responsables. Por eso hay que reflexionar si <\/span><span style=\"font-weight: 400;\">vamos a poder garantizarles todo lo que necesitan durante toda su vida, antes de <\/span><span style=\"font-weight: 400;\">adquirirlos. Y en el caso que por circunstancias imprevistas no podamos darle la calidad de <\/span><span style=\"font-weight: 400;\">vida que se merecen, ser capaces de responsabilizarte y buscarles un nuevo hogar, <\/span><span style=\"font-weight: 400;\">sin necesidad que pasen por una protectora, y mucho menos abandonarlos a su suerte\u2026\u201d <\/span><span style=\"font-weight: 400;\">entre m\u00e1s.<\/span><\/p>\n<p><span style=\"font-weight: 400;\">Como hemos dicho al principio, ellos no tienen ni voz ni voto para hablar, para decirte lo que <\/span><span style=\"font-weight: 400;\">no les gusta, lo que s\u00ed\u2026 as\u00ed que antes de adoptar o comprar a alguno piensa si te lo <\/span><span style=\"font-weight: 400;\">puedes permitir y si le har\u00e1s feliz, por que para ti el no puede ser importante pero para ese <\/span><span style=\"font-weight: 400;\">animal eres todo. Y no queremos que haya m\u00e1s abandonados.<\/span><\/p>\n","protected":false},"excerpt":{"rendered":"<p>Desgraciadamente, hay mucha gente que dejan en la calle a sus mascotas, a\u00fan sabiendo que el abandono de animales est\u00e1 prohibido por ley en el art\u00edculo 337, que est\u00e1 sancionado con una multa y una sanci\u00f3n de accesoria de inhabilitaci\u00f3n especial de uno a tres a\u00f1os para el ejercicio de profesi\u00f3n, oficio o comercio que tenga relaci\u00f3n con los animales\u2026<\/p>\n","protected":false},"author":1,"featured_media":0,"comment_status":"open","ping_status":"closed","sticky":false,"template":"","format":"standard","meta":{"_bbp_topic_count":0,"_bbp_reply_count":0,"_bbp_total_topic_count":0,"_bbp_total_reply_count":0,"_bbp_voice_count":0,"_bbp_anonymous_reply_count":0,"_bbp_topic_count_hidden":0,"_bbp_reply_count_hidden":0,"_bbp_forum_subforum_count":0,"site-sidebar-layout":"default","site-content-layout":"","ast-site-content-layout":"","site-content-style":"default","site-sidebar-style":"default","ast-global-header-display":"","ast-banner-title-visibility":"","ast-main-header-display":"","ast-hfb-above-header-display":"","ast-hfb-below-header-display":"","ast-hfb-mobile-header-display":"","site-post-title":"","ast-breadcrumbs-content":"","ast-featured-img":"","footer-sml-layout":"","theme-transparent-header-meta":"","adv-header-id-meta":"","stick-header-meta":"","header-above-stick-meta":"","header-main-stick-meta":"","header-below-stick-meta":"","astra-migrate-meta-layouts":"default","ast-page-background-enabled":"default","ast-page-background-meta":{"desktop":{"background-color":"var(--ast-global-color-4)","background-image":"","background-repeat":"repeat","background-position":"center center","background-size":"auto","background-attachment":"scroll","background-type":"","background-media":"","overlay-type":"","overlay-color":"","overlay-opacity":"","overlay-gradient":""},"tablet":{"background-color":"","background-image":"","background-repeat":"repeat","background-position":"center center","background-size":"auto","background-attachment":"scroll","background-type":"","background-media":"","overlay-type":"","overlay-color":"","overlay-opacity":"","overlay-gradient":""},"mobile":{"background-color":"","background-image":"","background-repeat":"repeat","background-position":"center center","background-size":"auto","background-attachment":"scroll","background-type":"","background-media":"","overlay-type":"","overlay-color":"","overlay-opacity":"","overlay-gradient":""}},"ast-content-background-meta":{"desktop":{"background-color":"var(--ast-global-color-5)","background-image":"","background-repeat":"repeat","background-position":"center center","background-size":"auto","background-attachment":"scroll","background-type":"","background-media":"","overlay-type":"","overlay-color":"","overlay-opacity":"","overlay-gradient":""},"tablet":{"background-color":"var(--ast-global-color-5)","background-image":"","background-repeat":"repeat","background-position":"center center","background-size":"auto","background-attachment":"scroll","background-type":"","background-media":"","overlay-type":"","overlay-color":"","overlay-opacity":"","overlay-gradient":""},"mobile":{"background-color":"var(--ast-global-color-5)","background-image":"","background-repeat":"repeat","background-position":"center center","background-size":"auto","background-attachment":"scroll","background-type":"","background-media":"","overlay-type":"","overlay-color":"","overlay-opacity":"","overlay-gradient":""}},"footnotes":""},"categories":[1],"tags":[222,234,233,158],"class_list":["post-2452","post","type-post","status-publish","format-standard","hentry","category-general","tag-castella","tag-castellano","tag-reportajes","tag-reportatges-de-3r-deso"],"post_mailing_queue_ids":[],"_links":{"self":[{"href":"https:\/\/agora.xtec.cat\/inslaserrasabadell\/wp-json\/wp\/v2\/posts\/2452","targetHints":{"allow":["GET"]}}],"collection":[{"href":"https:\/\/agora.xtec.cat\/inslaserrasabadell\/wp-json\/wp\/v2\/posts"}],"about":[{"href":"https:\/\/agora.xtec.cat\/inslaserrasabadell\/wp-json\/wp\/v2\/types\/post"}],"author":[{"embeddable":true,"href":"https:\/\/agora.xtec.cat\/inslaserrasabadell\/wp-json\/wp\/v2\/users\/1"}],"replies":[{"embeddable":true,"href":"https:\/\/agora.xtec.cat\/inslaserrasabadell\/wp-json\/wp\/v2\/comments?post=2452"}],"version-history":[{"count":3,"href":"https:\/\/agora.xtec.cat\/inslaserrasabadell\/wp-json\/wp\/v2\/posts\/2452\/revisions"}],"predecessor-version":[{"id":2540,"href":"https:\/\/agora.xtec.cat\/inslaserrasabadell\/wp-json\/wp\/v2\/posts\/2452\/revisions\/2540"}],"wp:attachment":[{"href":"https:\/\/agora.xtec.cat\/inslaserrasabadell\/wp-json\/wp\/v2\/media?parent=2452"}],"wp:term":[{"taxonomy":"category","embeddable":true,"href":"https:\/\/agora.xtec.cat\/inslaserrasabadell\/wp-json\/wp\/v2\/categories?post=2452"},{"taxonomy":"post_tag","embeddable":true,"href":"https:\/\/agora.xtec.cat\/inslaserrasabadell\/wp-json\/wp\/v2\/tags?post=2452"}],"curies":[{"name":"wp","href":"https:\/\/api.w.org\/{rel}","templated":true}]}}