{"id":2433,"date":"2019-06-12T16:14:19","date_gmt":"2019-06-12T14:14:19","guid":{"rendered":"http:\/\/agora.xtec.cat\/inslaserrasabadell\/?p=2433"},"modified":"2019-06-12T16:14:41","modified_gmt":"2019-06-12T14:14:41","slug":"3r-deso-reporteres-i-reporters-a-castella","status":"publish","type":"post","link":"https:\/\/agora.xtec.cat\/inslaserrasabadell\/general\/3r-deso-reporteres-i-reporters-a-castella\/","title":{"rendered":"3r d&#8217;ESO: reporteres i reporters a Castell\u00e0"},"content":{"rendered":"<p><em>Article creat i editat per Judit juncosa i Aida perez (3r d&#8217;ESO)<\/em><\/p>\n<p>Els alumnes de 3r, al llarg d&#8217;un mes, hem estat treballant i investigant per fer els nostres propis reportatges. El reportatge \u00e9s un tipus de text que amplia la informaci\u00f3 d&#8217;un tema a partir de diverses fonts d&#8217;informaci\u00f3. L&#8217;hem treballat a l&#8217;assignatura de Castell\u00e0.<\/p>\n<p>Cadasc\u00fa ha triat el tema que m\u00e9s li ha agradat o interessat. Hem hagut de buscar diverses fonts d&#8217;informaci\u00f3 i tenir un contingut v\u00e0lid. Hem apr\u00e8s a escriure d&#8217;una forma m\u00e9s &#8220;formal&#8221; i saber administrar les diverses informacions.<img loading=\"lazy\" decoding=\"async\" class=\"wp-image-2495 size-medium alignleft\" src=\"https:\/\/agora.xtec.cat\/inslaserrasabadell\/wp-content\/uploads\/usu1513\/2019\/05\/foto-8m-300x152.jpg\" sizes=\"auto, (max-width: 300px) 100vw, 300px\" srcset=\"https:\/\/agora.xtec.cat\/inslaserrasabadell\/wp-content\/uploads\/usu1513\/2019\/05\/foto-8m-300x152.jpg 300w, https:\/\/agora.xtec.cat\/inslaserrasabadell\/wp-content\/uploads\/usu1513\/2019\/05\/foto-8m.jpg 750w\" alt=\"\" width=\"300\" height=\"152\" \/><\/p>\n<p>Un cop ja els hav\u00edem acabat, els vam imprimir i repartir aleat\u00f2riament entre tots, per fer una critica constructiva a trav\u00e9s d&#8217;una rubrica. A la darrera setmana vam comen\u00e7ar a fer presentacions per exposar el treball obtingut.<img loading=\"lazy\" decoding=\"async\" class=\"CToWUd a6T alignright\" tabindex=\"0\" src=\"https:\/\/lh4.googleusercontent.com\/QhtBdXBE8K_EazD8kYI35UsnHqxK4YZuAy9e-Wxo465F4yO-Gpa_CLyTzjPhJlv5iv29Ag2ylzD58rqCnXEPig9-4OVV8ZzR0BduNtbP7z84Ly7aWPeAnSnVSx2E1WHE6NeDpBnF\" width=\"268\" height=\"253\" \/><\/p>\n<p>Aqu\u00ed teniu els quatre reportatges que entre tots hem considerat m\u00e9s reeixits i volem compartir amb tots:<\/p>\n<p>Bubakary Barrow.<a href=\"https:\/\/agora.xtec.cat\/inslaserrasabadell\/general\/reivindicacion-tras-el-bar-bubakary-barrow\/\"> Reivindicaci\u00f3n tras el bar.<\/a><\/p>\n<p>Judit Juncosa Cajide. <a href=\"https:\/\/agora.xtec.cat\/inslaserrasabadell\/general\/que-pasa-con-los-animales-abandonados-judit-juncosa-cajide\/\">\u00bfQu\u00e9 pasa con los animales abandonados?<\/a><\/p>\n<p>Aida P\u00e9rez. <a href=\"https:\/\/agora.xtec.cat\/inslaserrasabadell\/general\/juntas-podemos-aida-perez\/\">Juntas podemos. El 8M en Sabadell.<\/a><\/p>\n<p>Somia Raissi. <a href=\"https:\/\/agora.xtec.cat\/inslaserrasabadell\/general\/como-influencia-la-lectura-en-los-jovenes-somia-raissi\/\">\u00bfC\u00f3mo influencia la lectura en los j\u00f3venes?<\/a><\/p>\n<p><img loading=\"lazy\" decoding=\"async\" class=\"wp-image-2454 alignleft\" src=\"https:\/\/agora.xtec.cat\/inslaserrasabadell\/wp-content\/uploads\/usu1513\/2019\/05\/images-1.jpg\" alt=\"\" width=\"394\" height=\"261\" \/><\/p>\n","protected":false},"excerpt":{"rendered":"<p>Els alumnes de 3r, al llarg d&#8217;un mes, han estat treballant i investigant per fer el seus propis reportatges i ara els volen compartir amb tothom.<\/p>\n","protected":false},"author":1,"featured_media":2535,"comment_status":"open","ping_status":"closed","sticky":false,"template":"","format":"standard","meta":{"_bbp_topic_count":0,"_bbp_reply_count":0,"_bbp_total_topic_count":0,"_bbp_total_reply_count":0,"_bbp_voice_count":0,"_bbp_anonymous_reply_count":0,"_bbp_topic_count_hidden":0,"_bbp_reply_count_hidden":0,"_bbp_forum_subforum_count":0,"site-sidebar-layout":"default","site-content-layout":"","ast-site-content-layout":"","site-content-style":"default","site-sidebar-style":"default","ast-global-header-display":"","ast-banner-title-visibility":"","ast-main-header-display":"","ast-hfb-above-header-display":"","ast-hfb-below-header-display":"","ast-hfb-mobile-header-display":"","site-post-title":"","ast-breadcrumbs-content":"","ast-featured-img":"","footer-sml-layout":"","theme-transparent-header-meta":"","adv-header-id-meta":"","stick-header-meta":"","header-above-stick-meta":"","header-main-stick-meta":"","header-below-stick-meta":"","astra-migrate-meta-layouts":"default","ast-page-background-enabled":"default","ast-page-background-meta":{"desktop":{"background-color":"var(--ast-global-color-4)","background-image":"","background-repeat":"repeat","background-position":"center center","background-size":"auto","background-attachment":"scroll","background-type":"","background-media":"","overlay-type":"","overlay-color":"","overlay-opacity":"","overlay-gradient":""},"tablet":{"background-color":"","background-image":"","background-repeat":"repeat","background-position":"center center","background-size":"auto","background-attachment":"scroll","background-type":"","background-media":"","overlay-type":"","overlay-color":"","overlay-opacity":"","overlay-gradient":""},"mobile":{"background-color":"","background-image":"","background-repeat":"repeat","background-position":"center center","background-size":"auto","background-attachment":"scroll","background-type":"","background-media":"","overlay-type":"","overlay-color":"","overlay-opacity":"","overlay-gradient":""}},"ast-content-background-meta":{"desktop":{"background-color":"var(--ast-global-color-5)","background-image":"","background-repeat":"repeat","background-position":"center center","background-size":"auto","background-attachment":"scroll","background-type":"","background-media":"","overlay-type":"","overlay-color":"","overlay-opacity":"","overlay-gradient":""},"tablet":{"background-color":"var(--ast-global-color-5)","background-image":"","background-repeat":"repeat","background-position":"center center","background-size":"auto","background-attachment":"scroll","background-type":"","background-media":"","overlay-type":"","overlay-color":"","overlay-opacity":"","overlay-gradient":""},"mobile":{"background-color":"var(--ast-global-color-5)","background-image":"","background-repeat":"repeat","background-position":"center center","background-size":"auto","background-attachment":"scroll","background-type":"","background-media":"","overlay-type":"","overlay-color":"","overlay-opacity":"","overlay-gradient":""}},"footnotes":""},"categories":[1,121],"tags":[222,234,150,158],"class_list":["post-2433","post","type-post","status-publish","format-standard","has-post-thumbnail","hentry","category-general","category-veuserra","tag-castella","tag-castellano","tag-reportatges","tag-reportatges-de-3r-deso"],"post_mailing_queue_ids":[],"_links":{"self":[{"href":"https:\/\/agora.xtec.cat\/inslaserrasabadell\/wp-json\/wp\/v2\/posts\/2433","targetHints":{"allow":["GET"]}}],"collection":[{"href":"https:\/\/agora.xtec.cat\/inslaserrasabadell\/wp-json\/wp\/v2\/posts"}],"about":[{"href":"https:\/\/agora.xtec.cat\/inslaserrasabadell\/wp-json\/wp\/v2\/types\/post"}],"author":[{"embeddable":true,"href":"https:\/\/agora.xtec.cat\/inslaserrasabadell\/wp-json\/wp\/v2\/users\/1"}],"replies":[{"embeddable":true,"href":"https:\/\/agora.xtec.cat\/inslaserrasabadell\/wp-json\/wp\/v2\/comments?post=2433"}],"version-history":[{"count":3,"href":"https:\/\/agora.xtec.cat\/inslaserrasabadell\/wp-json\/wp\/v2\/posts\/2433\/revisions"}],"predecessor-version":[{"id":2541,"href":"https:\/\/agora.xtec.cat\/inslaserrasabadell\/wp-json\/wp\/v2\/posts\/2433\/revisions\/2541"}],"wp:featuredmedia":[{"embeddable":true,"href":"https:\/\/agora.xtec.cat\/inslaserrasabadell\/wp-json\/wp\/v2\/media\/2535"}],"wp:attachment":[{"href":"https:\/\/agora.xtec.cat\/inslaserrasabadell\/wp-json\/wp\/v2\/media?parent=2433"}],"wp:term":[{"taxonomy":"category","embeddable":true,"href":"https:\/\/agora.xtec.cat\/inslaserrasabadell\/wp-json\/wp\/v2\/categories?post=2433"},{"taxonomy":"post_tag","embeddable":true,"href":"https:\/\/agora.xtec.cat\/inslaserrasabadell\/wp-json\/wp\/v2\/tags?post=2433"}],"curies":[{"name":"wp","href":"https:\/\/api.w.org\/{rel}","templated":true}]}}