{"id":2311,"date":"2019-05-17T14:41:29","date_gmt":"2019-05-17T12:41:29","guid":{"rendered":"http:\/\/agora.xtec.cat\/inslaserrasabadell\/?p=2311"},"modified":"2019-05-24T13:57:55","modified_gmt":"2019-05-24T11:57:55","slug":"setmana-de-projectes-maquetes-videos-i-campanyes-publicitaries","status":"publish","type":"post","link":"https:\/\/agora.xtec.cat\/inslaserrasabadell\/general\/setmana-de-projectes-maquetes-videos-i-campanyes-publicitaries\/","title":{"rendered":"Setmana de projectes: maquetes, v\u00eddeos i campanyes publicit\u00e0ries"},"content":{"rendered":"<p><em>Article creat i editat per Judit Juncosa Robles, (3r d&#8217;ESO).<\/em><\/p>\n<p>Una setmana diferent. Sense classes, amb un horari especial i amb un objectiu: crear un producte al final de la setmana. Aix\u00ed ha estat la 1a experi\u00e8ncia de la primera setmana de Projecte de La Serra. Els dies previs a Setmana Santa, els alumnes han gaudit d&#8217;uns dies ben diferents. Cada curs ha tingut un objectiu diferent, a partir de diferents enc\u00e0rrecs de l&#8217;entorn o del propi centre.<\/p>\n<figure id=\"attachment_2409\" aria-describedby=\"caption-attachment-2409\" style=\"width: 300px\" class=\"wp-caption alignright\"><a href=\"https:\/\/agora.xtec.cat\/inslaserrasabadell\/wp-content\/uploads\/usu1513\/2019\/05\/1\u00ba.jpg\"><img loading=\"lazy\" decoding=\"async\" class=\"wp-image-2409 size-medium\" src=\"https:\/\/agora.xtec.cat\/inslaserrasabadell\/wp-content\/uploads\/usu1513\/2019\/05\/1\u00ba-300x225.jpg\" alt=\"\" width=\"300\" height=\"225\" srcset=\"https:\/\/agora.xtec.cat\/inslaserrasabadell\/wp-content\/uploads\/usu1513\/2019\/05\/1\u00ba-300x225.jpg 300w, https:\/\/agora.xtec.cat\/inslaserrasabadell\/wp-content\/uploads\/usu1513\/2019\/05\/1\u00ba-768x576.jpg 768w, https:\/\/agora.xtec.cat\/inslaserrasabadell\/wp-content\/uploads\/usu1513\/2019\/05\/1\u00ba.jpg 1024w, https:\/\/agora.xtec.cat\/inslaserrasabadell\/wp-content\/uploads\/usu1513\/2019\/05\/1\u00ba-200x150.jpg 200w\" sizes=\"auto, (max-width: 300px) 100vw, 300px\" \/><\/a><figcaption id=\"caption-attachment-2409\" class=\"wp-caption-text\">Els alumnes de 1r treballant als seus videos.<\/figcaption><\/figure>\n<p>1r d&#8217;ESO:\u00a0 &#8220;Projecte Sense Fum&#8221;, que es va tractar de fer una campanya publicitaria sobre el tabac. En aquells quatre dies, els alumnes de 1r en els seus grups van haver <span style=\"font-family: inherit;font-size: 1em\">de fer un v\u00eddeo sobre les conseq\u00fc\u00e8ncies perjudicials de fumar. Al acabar els v\u00eddeos, es van projectar a l&#8217;alumnat de 3r.<\/span><\/p>\n<p>D&#8217;altra banda, 2n d&#8217;ESO va haber de fer una maqueta del pati de l&#8217;institut amb millores d&#8217;aquest, de com els hi agradaria que fos el pati. Els alumnes van aportar idees i van escollir la que m\u00e9s els hi agradava. El primer que van fer va ser un pla per saber que havien de fer i despr\u00e9s fer les maquetes.<\/p>\n<figure id=\"attachment_2369\" aria-describedby=\"caption-attachment-2369\" style=\"width: 300px\" class=\"wp-caption alignnone\"><a href=\"https:\/\/agora.xtec.cat\/inslaserrasabadell\/wp-content\/uploads\/usu1513\/2019\/05\/IMG-5484-1.jpg\"><img loading=\"lazy\" decoding=\"async\" class=\"wp-image-2369 size-medium\" src=\"https:\/\/agora.xtec.cat\/inslaserrasabadell\/wp-content\/uploads\/usu1513\/2019\/05\/IMG-5484-1-300x176.jpg\" alt=\"\" width=\"300\" height=\"176\" srcset=\"https:\/\/agora.xtec.cat\/inslaserrasabadell\/wp-content\/uploads\/usu1513\/2019\/05\/IMG-5484-1-300x176.jpg 300w, https:\/\/agora.xtec.cat\/inslaserrasabadell\/wp-content\/uploads\/usu1513\/2019\/05\/IMG-5484-1-768x451.jpg 768w, https:\/\/agora.xtec.cat\/inslaserrasabadell\/wp-content\/uploads\/usu1513\/2019\/05\/IMG-5484-1-1024x602.jpg 1024w\" sizes=\"auto, (max-width: 300px) 100vw, 300px\" \/><\/a><figcaption id=\"caption-attachment-2369\" class=\"wp-caption-text\">Una de les maquetes acabades de 2n.<\/figcaption><\/figure>\n<p>&nbsp;<\/p>\n<p>Per \u00faltim, 3r d&#8217;ESO van treballar &#8220;F<span style=\"font-weight: 400\">emme Un Curt&#8221;, que consistia en fer un curt sobre el masclisme o discriminaci\u00f3 per ser dona. En aquests quatre dies havien de fer un curt en catal\u00e0 amb el seus subt\u00edtols en angl\u00e8s. El primer dia van fer els guions del curt, a m\u00e9s d\u2019un <em>storyboard<\/em> (un conjunt d&#8217;il\u00b7lustracions amb l\u2019objectiu de fer-ho servir de guia per entendre la hist\u00f2ria i no equivocar-se a l\u2019hora d\u2019enregistrar les escenes). El segon dia van comen\u00e7ar a gravar-les en diversos llocs de l&#8217;institut, com per exemple al pati, a les escales, a algunes de les classes&#8230; Al pen\u00faltim dia, van haver de fer el muntatge del v\u00eddeo, posant m\u00fasica de fons i els subt\u00edtols en angl\u00e8s. L&#8217;\u00faltim dia, els diversos grups ho van presentar al nens de 1r de l&#8217;ESO, que a la mateixa vegada els hi van mostrar el v\u00eddeo que van fer ells sobre el tabac.\u00a0<\/span><\/p>\n<p>En conclusi\u00f3, va ser una setmana molt positiva i amb un ritme de treball diferent.<\/p>\n<figure id=\"attachment_2361\" aria-describedby=\"caption-attachment-2361\" style=\"width: 300px\" class=\"wp-caption alignleft\"><a href=\"https:\/\/agora.xtec.cat\/inslaserrasabadell\/wp-content\/uploads\/usu1513\/2019\/05\/3\u00ba.jpg\"><img loading=\"lazy\" decoding=\"async\" class=\"wp-image-2361 size-medium\" src=\"https:\/\/agora.xtec.cat\/inslaserrasabadell\/wp-content\/uploads\/usu1513\/2019\/05\/3\u00ba-300x225.jpg\" alt=\"\" width=\"300\" height=\"225\" srcset=\"https:\/\/agora.xtec.cat\/inslaserrasabadell\/wp-content\/uploads\/usu1513\/2019\/05\/3\u00ba-300x225.jpg 300w, https:\/\/agora.xtec.cat\/inslaserrasabadell\/wp-content\/uploads\/usu1513\/2019\/05\/3\u00ba-768x576.jpg 768w, https:\/\/agora.xtec.cat\/inslaserrasabadell\/wp-content\/uploads\/usu1513\/2019\/05\/3\u00ba.jpg 1024w, https:\/\/agora.xtec.cat\/inslaserrasabadell\/wp-content\/uploads\/usu1513\/2019\/05\/3\u00ba-200x150.jpg 200w\" sizes=\"auto, (max-width: 300px) 100vw, 300px\" \/><\/a><figcaption id=\"caption-attachment-2361\" class=\"wp-caption-text\">Alumnes de 3r preparant el gui\u00f3 del v\u00eddeo<\/figcaption><\/figure>\n<p>&nbsp;<\/p>\n<p>&nbsp;<\/p>\n<p>&nbsp;<\/p>\n","protected":false},"excerpt":{"rendered":"<p>Una setmana diferent. Sense classes, amb un horari especial i amb un objectiu: crear un producte al final de la setmana. Aix\u00ed ha estat la 1a experi\u00e8ncia de la primera setmana de Projecte de La Serra.<\/p>\n","protected":false},"author":4,"featured_media":2363,"comment_status":"open","ping_status":"closed","sticky":false,"template":"","format":"standard","meta":{"_bbp_topic_count":0,"_bbp_reply_count":0,"_bbp_total_topic_count":0,"_bbp_total_reply_count":0,"_bbp_voice_count":0,"_bbp_anonymous_reply_count":0,"_bbp_topic_count_hidden":0,"_bbp_reply_count_hidden":0,"_bbp_forum_subforum_count":0,"site-sidebar-layout":"default","site-content-layout":"","ast-site-content-layout":"","site-content-style":"default","site-sidebar-style":"default","ast-global-header-display":"","ast-banner-title-visibility":"","ast-main-header-display":"","ast-hfb-above-header-display":"","ast-hfb-below-header-display":"","ast-hfb-mobile-header-display":"","site-post-title":"","ast-breadcrumbs-content":"","ast-featured-img":"","footer-sml-layout":"","theme-transparent-header-meta":"","adv-header-id-meta":"","stick-header-meta":"","header-above-stick-meta":"","header-main-stick-meta":"","header-below-stick-meta":"","astra-migrate-meta-layouts":"default","ast-page-background-enabled":"default","ast-page-background-meta":{"desktop":{"background-color":"var(--ast-global-color-4)","background-image":"","background-repeat":"repeat","background-position":"center center","background-size":"auto","background-attachment":"scroll","background-type":"","background-media":"","overlay-type":"","overlay-color":"","overlay-opacity":"","overlay-gradient":""},"tablet":{"background-color":"","background-image":"","background-repeat":"repeat","background-position":"center center","background-size":"auto","background-attachment":"scroll","background-type":"","background-media":"","overlay-type":"","overlay-color":"","overlay-opacity":"","overlay-gradient":""},"mobile":{"background-color":"","background-image":"","background-repeat":"repeat","background-position":"center center","background-size":"auto","background-attachment":"scroll","background-type":"","background-media":"","overlay-type":"","overlay-color":"","overlay-opacity":"","overlay-gradient":""}},"ast-content-background-meta":{"desktop":{"background-color":"var(--ast-global-color-5)","background-image":"","background-repeat":"repeat","background-position":"center center","background-size":"auto","background-attachment":"scroll","background-type":"","background-media":"","overlay-type":"","overlay-color":"","overlay-opacity":"","overlay-gradient":""},"tablet":{"background-color":"var(--ast-global-color-5)","background-image":"","background-repeat":"repeat","background-position":"center center","background-size":"auto","background-attachment":"scroll","background-type":"","background-media":"","overlay-type":"","overlay-color":"","overlay-opacity":"","overlay-gradient":""},"mobile":{"background-color":"var(--ast-global-color-5)","background-image":"","background-repeat":"repeat","background-position":"center center","background-size":"auto","background-attachment":"scroll","background-type":"","background-media":"","overlay-type":"","overlay-color":"","overlay-opacity":"","overlay-gradient":""}},"footnotes":""},"categories":[1,121,29],"tags":[188,196,45],"class_list":["post-2311","post","type-post","status-publish","format-standard","has-post-thumbnail","hentry","category-general","category-veuserra","category-portada","tag-pati","tag-projectes","tag-salut"],"post_mailing_queue_ids":[],"_links":{"self":[{"href":"https:\/\/agora.xtec.cat\/inslaserrasabadell\/wp-json\/wp\/v2\/posts\/2311","targetHints":{"allow":["GET"]}}],"collection":[{"href":"https:\/\/agora.xtec.cat\/inslaserrasabadell\/wp-json\/wp\/v2\/posts"}],"about":[{"href":"https:\/\/agora.xtec.cat\/inslaserrasabadell\/wp-json\/wp\/v2\/types\/post"}],"author":[{"embeddable":true,"href":"https:\/\/agora.xtec.cat\/inslaserrasabadell\/wp-json\/wp\/v2\/users\/4"}],"replies":[{"embeddable":true,"href":"https:\/\/agora.xtec.cat\/inslaserrasabadell\/wp-json\/wp\/v2\/comments?post=2311"}],"version-history":[{"count":4,"href":"https:\/\/agora.xtec.cat\/inslaserrasabadell\/wp-json\/wp\/v2\/posts\/2311\/revisions"}],"predecessor-version":[{"id":2429,"href":"https:\/\/agora.xtec.cat\/inslaserrasabadell\/wp-json\/wp\/v2\/posts\/2311\/revisions\/2429"}],"wp:featuredmedia":[{"embeddable":true,"href":"https:\/\/agora.xtec.cat\/inslaserrasabadell\/wp-json\/wp\/v2\/media\/2363"}],"wp:attachment":[{"href":"https:\/\/agora.xtec.cat\/inslaserrasabadell\/wp-json\/wp\/v2\/media?parent=2311"}],"wp:term":[{"taxonomy":"category","embeddable":true,"href":"https:\/\/agora.xtec.cat\/inslaserrasabadell\/wp-json\/wp\/v2\/categories?post=2311"},{"taxonomy":"post_tag","embeddable":true,"href":"https:\/\/agora.xtec.cat\/inslaserrasabadell\/wp-json\/wp\/v2\/tags?post=2311"}],"curies":[{"name":"wp","href":"https:\/\/api.w.org\/{rel}","templated":true}]}}