{"id":1660,"date":"2018-04-20T14:29:15","date_gmt":"2018-04-20T12:29:15","guid":{"rendered":"http:\/\/agora.xtec.cat\/inslaserrasabadell\/?p=1660"},"modified":"2018-04-24T11:05:49","modified_gmt":"2018-04-24T09:05:49","slug":"la-serra-participen-a-la-10a-adicio-curs-de-mediadors","status":"publish","type":"post","link":"https:\/\/agora.xtec.cat\/inslaserrasabadell\/general\/la-serra-participen-a-la-10a-adicio-curs-de-mediadors\/","title":{"rendered":"La Serra participa a la 6a edici\u00f3 del curs de mediadors"},"content":{"rendered":"<p><em>Article penjat i editat per Mari Carmen i Nyuma Satu (3r d&#8217;ESO)<\/em><\/p>\n<figure id=\"attachment_1666\" aria-describedby=\"caption-attachment-1666\" style=\"width: 300px\" class=\"wp-caption alignright\"><a href=\"http:\/\/agora.xtec.cat\/inslaserrasabadell\/wp-content\/uploads\/usu1513\/2018\/04\/IMG-20180411-WA0012.jpg\"><img loading=\"lazy\" decoding=\"async\" class=\"wp-image-1666 size-medium\" src=\"http:\/\/agora.xtec.cat\/inslaserrasabadell\/wp-content\/uploads\/usu1513\/2018\/04\/IMG-20180411-WA0012-300x225.jpg\" alt=\"\" width=\"300\" height=\"225\" srcset=\"https:\/\/agora.xtec.cat\/inslaserrasabadell\/wp-content\/uploads\/usu1513\/2018\/04\/IMG-20180411-WA0012-300x225.jpg 300w, https:\/\/agora.xtec.cat\/inslaserrasabadell\/wp-content\/uploads\/usu1513\/2018\/04\/IMG-20180411-WA0012-768x576.jpg 768w, https:\/\/agora.xtec.cat\/inslaserrasabadell\/wp-content\/uploads\/usu1513\/2018\/04\/IMG-20180411-WA0012-1024x768.jpg 1024w, https:\/\/agora.xtec.cat\/inslaserrasabadell\/wp-content\/uploads\/usu1513\/2018\/04\/IMG-20180411-WA0012-200x150.jpg 200w, https:\/\/agora.xtec.cat\/inslaserrasabadell\/wp-content\/uploads\/usu1513\/2018\/04\/IMG-20180411-WA0012.jpg 1600w\" sizes=\"auto, (max-width: 300px) 100vw, 300px\" \/><\/a><figcaption id=\"caption-attachment-1666\" class=\"wp-caption-text\">La Bianca Zele i el Siriki Diallo amb el seu diploma.<\/figcaption><\/figure>\n<p>Dos alumnes de LA SERRA, amb alumnes d&#8217;altres instituts, han participat en un curs de mediadors i mediadores que ha passat de sis a deu centres educatius.<\/p>\n<p>La regidora del Programa d\u2019Intervenci\u00f3 Comunit\u00e0ria i Mediaci\u00f3, Gl\u00f2ria Rubio, va lliurar els diplomes d\u2019aprofitament a la gaireb\u00e9 trentena de joves participants en aquesta sisena edici\u00f3 d\u2019aquest taller de resoluci\u00f3 positiva de conflictes.<\/p>\n<p>El curs ha estat un punt de connexi\u00f3 entre joves de diferents barris, que han interrelacionat i compartit experi\u00e8ncies.<\/p>\n<p>La composici\u00f3 del grup de joves ha estat diversa, ja que es tracta d\u2019una experi\u00e8ncia intercentres, adre\u00e7ada a estudiants de diferents cursos de l&#8217;ESO. Aix\u00ed, enguany hi han participat alumnes de l\u2019Institut La Serra, l\u2019Institut Arraona, l\u2019Institut Escola Industrial, l\u2019Institut Pau Vila, l\u2019Institut Ferran Casablancas, l\u2019Institut Vall\u00e8s, l\u2019Institut Sabadell, l\u2019Institut Joan Oliver, l\u2019Institut Ribot i Serra i l\u2019Institut Jonqueres.<\/p>\n<p>L&#8217;objectiu \u00e9s que els dos alumnes participants al curs, el Siriki Diallo i la Bianca Zelle, exerceixin de mediadors a l&#8217;institut a partir del coneixement obtingut al curs, amb el suport del professorat, que tamb\u00e9 ha estat format. La mediaci\u00f3 entre alumnes \u00e9s una pr\u00e0ctica adre\u00e7ada a millorar la conviv\u00e8ncia a les aules.<\/p>\n<p><a href=\"http:\/\/agora.xtec.cat\/inslaserrasabadell\/wp-content\/uploads\/usu1513\/2018\/04\/IMG-20180411-WA0008.jpg\"><img loading=\"lazy\" decoding=\"async\" class=\"wp-image-1667 size-medium\" src=\"http:\/\/agora.xtec.cat\/inslaserrasabadell\/wp-content\/uploads\/usu1513\/2018\/04\/IMG-20180411-WA0008-300x225.jpg\" alt=\"\" width=\"300\" height=\"225\" srcset=\"https:\/\/agora.xtec.cat\/inslaserrasabadell\/wp-content\/uploads\/usu1513\/2018\/04\/IMG-20180411-WA0008-300x225.jpg 300w, https:\/\/agora.xtec.cat\/inslaserrasabadell\/wp-content\/uploads\/usu1513\/2018\/04\/IMG-20180411-WA0008-768x576.jpg 768w, https:\/\/agora.xtec.cat\/inslaserrasabadell\/wp-content\/uploads\/usu1513\/2018\/04\/IMG-20180411-WA0008-1024x768.jpg 1024w, https:\/\/agora.xtec.cat\/inslaserrasabadell\/wp-content\/uploads\/usu1513\/2018\/04\/IMG-20180411-WA0008-200x150.jpg 200w, https:\/\/agora.xtec.cat\/inslaserrasabadell\/wp-content\/uploads\/usu1513\/2018\/04\/IMG-20180411-WA0008.jpg 1600w\" sizes=\"auto, (max-width: 300px) 100vw, 300px\" \/><\/a><\/p>\n","protected":false},"excerpt":{"rendered":"<p>El curs ha estat un punt de connexi\u00f3 entre joves de diferents barris, que han interrelacionat i compartit experi\u00e8ncies.<\/p>\n","protected":false},"author":4,"featured_media":1666,"comment_status":"open","ping_status":"closed","sticky":false,"template":"","format":"standard","meta":{"_bbp_topic_count":0,"_bbp_reply_count":0,"_bbp_total_topic_count":0,"_bbp_total_reply_count":0,"_bbp_voice_count":0,"_bbp_anonymous_reply_count":0,"_bbp_topic_count_hidden":0,"_bbp_reply_count_hidden":0,"_bbp_forum_subforum_count":0,"site-sidebar-layout":"default","site-content-layout":"","ast-site-content-layout":"","site-content-style":"default","site-sidebar-style":"default","ast-global-header-display":"","ast-banner-title-visibility":"","ast-main-header-display":"","ast-hfb-above-header-display":"","ast-hfb-below-header-display":"","ast-hfb-mobile-header-display":"","site-post-title":"","ast-breadcrumbs-content":"","ast-featured-img":"","footer-sml-layout":"","theme-transparent-header-meta":"","adv-header-id-meta":"","stick-header-meta":"","header-above-stick-meta":"","header-main-stick-meta":"","header-below-stick-meta":"","astra-migrate-meta-layouts":"default","ast-page-background-enabled":"default","ast-page-background-meta":{"desktop":{"background-color":"var(--ast-global-color-4)","background-image":"","background-repeat":"repeat","background-position":"center center","background-size":"auto","background-attachment":"scroll","background-type":"","background-media":"","overlay-type":"","overlay-color":"","overlay-opacity":"","overlay-gradient":""},"tablet":{"background-color":"","background-image":"","background-repeat":"repeat","background-position":"center center","background-size":"auto","background-attachment":"scroll","background-type":"","background-media":"","overlay-type":"","overlay-color":"","overlay-opacity":"","overlay-gradient":""},"mobile":{"background-color":"","background-image":"","background-repeat":"repeat","background-position":"center center","background-size":"auto","background-attachment":"scroll","background-type":"","background-media":"","overlay-type":"","overlay-color":"","overlay-opacity":"","overlay-gradient":""}},"ast-content-background-meta":{"desktop":{"background-color":"var(--ast-global-color-5)","background-image":"","background-repeat":"repeat","background-position":"center center","background-size":"auto","background-attachment":"scroll","background-type":"","background-media":"","overlay-type":"","overlay-color":"","overlay-opacity":"","overlay-gradient":""},"tablet":{"background-color":"var(--ast-global-color-5)","background-image":"","background-repeat":"repeat","background-position":"center center","background-size":"auto","background-attachment":"scroll","background-type":"","background-media":"","overlay-type":"","overlay-color":"","overlay-opacity":"","overlay-gradient":""},"mobile":{"background-color":"var(--ast-global-color-5)","background-image":"","background-repeat":"repeat","background-position":"center center","background-size":"auto","background-attachment":"scroll","background-type":"","background-media":"","overlay-type":"","overlay-color":"","overlay-opacity":"","overlay-gradient":""}},"footnotes":""},"categories":[1,121,29],"tags":[106,205],"class_list":["post-1660","post","type-post","status-publish","format-standard","has-post-thumbnail","hentry","category-general","category-veuserra","category-portada","tag-3r-deso","tag-mediacio"],"post_mailing_queue_ids":[],"_links":{"self":[{"href":"https:\/\/agora.xtec.cat\/inslaserrasabadell\/wp-json\/wp\/v2\/posts\/1660","targetHints":{"allow":["GET"]}}],"collection":[{"href":"https:\/\/agora.xtec.cat\/inslaserrasabadell\/wp-json\/wp\/v2\/posts"}],"about":[{"href":"https:\/\/agora.xtec.cat\/inslaserrasabadell\/wp-json\/wp\/v2\/types\/post"}],"author":[{"embeddable":true,"href":"https:\/\/agora.xtec.cat\/inslaserrasabadell\/wp-json\/wp\/v2\/users\/4"}],"replies":[{"embeddable":true,"href":"https:\/\/agora.xtec.cat\/inslaserrasabadell\/wp-json\/wp\/v2\/comments?post=1660"}],"version-history":[{"count":3,"href":"https:\/\/agora.xtec.cat\/inslaserrasabadell\/wp-json\/wp\/v2\/posts\/1660\/revisions"}],"predecessor-version":[{"id":1716,"href":"https:\/\/agora.xtec.cat\/inslaserrasabadell\/wp-json\/wp\/v2\/posts\/1660\/revisions\/1716"}],"wp:featuredmedia":[{"embeddable":true,"href":"https:\/\/agora.xtec.cat\/inslaserrasabadell\/wp-json\/wp\/v2\/media\/1666"}],"wp:attachment":[{"href":"https:\/\/agora.xtec.cat\/inslaserrasabadell\/wp-json\/wp\/v2\/media?parent=1660"}],"wp:term":[{"taxonomy":"category","embeddable":true,"href":"https:\/\/agora.xtec.cat\/inslaserrasabadell\/wp-json\/wp\/v2\/categories?post=1660"},{"taxonomy":"post_tag","embeddable":true,"href":"https:\/\/agora.xtec.cat\/inslaserrasabadell\/wp-json\/wp\/v2\/tags?post=1660"}],"curies":[{"name":"wp","href":"https:\/\/api.w.org\/{rel}","templated":true}]}}