{"id":1174,"date":"2017-11-03T13:54:21","date_gmt":"2017-11-03T12:54:21","guid":{"rendered":"http:\/\/agora.xtec.cat\/inslaserrasabadell\/?p=1174"},"modified":"2017-11-03T14:17:06","modified_gmt":"2017-11-03T13:17:06","slug":"els-de-1r-en-el-museu-d-historia-de-sabadell","status":"publish","type":"post","link":"https:\/\/agora.xtec.cat\/inslaserrasabadell\/general\/els-de-1r-en-el-museu-d-historia-de-sabadell\/","title":{"rendered":"Els alumnes de 1r viatgen a la Prehist\u00f2ria"},"content":{"rendered":"<p><em>(article creat per Montse T\u00e9llez, de 1r d&#8217;ESO)<\/em><\/p>\n<p>El 2 de novembre, els alumnes de 1r, vam anar al Museu d&#8217; Hist\u00f2ria de Sabadell, per veure una exposici\u00f3 de la Prehist\u00f2ria i fer un taller de cer\u00e0mica prehist\u00f2rica.\u00a0Vam anar amb la Raquel( la professora de Socials) i el Dani (del Secretariado Gitano).<\/p>\n<figure id=\"attachment_1180\" aria-describedby=\"caption-attachment-1180\" style=\"width: 169px\" class=\"wp-caption alignright\"><a href=\"http:\/\/agora.xtec.cat\/inslaserrasabadell\/wp-content\/uploads\/usu1513\/2017\/11\/escurci\u00f3-de1r-al-museu.jpg\"><img loading=\"lazy\" decoding=\"async\" class=\"wp-image-1180 size-medium\" src=\"http:\/\/agora.xtec.cat\/inslaserrasabadell\/wp-content\/uploads\/usu1513\/2017\/11\/escurci\u00f3-de1r-al-museu-169x300.jpg\" alt=\"\" width=\"169\" height=\"300\" srcset=\"https:\/\/agora.xtec.cat\/inslaserrasabadell\/wp-content\/uploads\/usu1513\/2017\/11\/escurci\u00f3-de1r-al-museu-169x300.jpg 169w, https:\/\/agora.xtec.cat\/inslaserrasabadell\/wp-content\/uploads\/usu1513\/2017\/11\/escurci\u00f3-de1r-al-museu.jpg 576w\" sizes=\"auto, (max-width: 169px) 100vw, 169px\" \/><\/a><figcaption id=\"caption-attachment-1180\" class=\"wp-caption-text\">Els alumnes de 1r fent el bol d&#8217; argila<\/figcaption><\/figure>\n<p>All\u00e0, la Marina, la guia, ens va explicar qu\u00e8 era la Prehist\u00f2ria, els seus per\u00edodes, com vivien&#8230;. i vam veure restes de joies, pedres que utilitzaven per fer farina, urnes pels morts&#8230; Va ser una excursi\u00f3 molt divertida!<\/p>\n<p>Despr\u00e8s vam crear el nostre bol prehist\u00f2ric i van veure una cabana prehist\u00f2rica. I ens va agradar molt!<\/p>\n<p>Aqu\u00ed teniu algunes imatges:<\/p>\n<figure id=\"attachment_1179\" aria-describedby=\"caption-attachment-1179\" style=\"width: 169px\" class=\"wp-caption alignnone\"><a href=\"http:\/\/agora.xtec.cat\/inslaserrasabadell\/wp-content\/uploads\/usu1513\/2017\/11\/DNnixjPWkAAOqpR3.jpg\"><img loading=\"lazy\" decoding=\"async\" class=\"wp-image-1179 size-medium\" src=\"http:\/\/agora.xtec.cat\/inslaserrasabadell\/wp-content\/uploads\/usu1513\/2017\/11\/DNnixjPWkAAOqpR3-169x300.jpg\" alt=\"\" width=\"169\" height=\"300\" srcset=\"https:\/\/agora.xtec.cat\/inslaserrasabadell\/wp-content\/uploads\/usu1513\/2017\/11\/DNnixjPWkAAOqpR3-169x300.jpg 169w, https:\/\/agora.xtec.cat\/inslaserrasabadell\/wp-content\/uploads\/usu1513\/2017\/11\/DNnixjPWkAAOqpR3.jpg 576w\" sizes=\"auto, (max-width: 169px) 100vw, 169px\" \/><\/a><figcaption id=\"caption-attachment-1179\" class=\"wp-caption-text\">alumnes de 1r escoltant a la Marina (la guia).<\/figcaption><\/figure>\n<p>&nbsp;<\/p>\n<figure id=\"attachment_1182\" aria-describedby=\"caption-attachment-1182\" style=\"width: 300px\" class=\"wp-caption alignleft\"><a href=\"http:\/\/agora.xtec.cat\/inslaserrasabadell\/wp-content\/uploads\/usu1513\/2017\/11\/DNniyLlX0AAOuIO2.jpg\"><img loading=\"lazy\" decoding=\"async\" class=\"wp-image-1182 size-medium\" src=\"http:\/\/agora.xtec.cat\/inslaserrasabadell\/wp-content\/uploads\/usu1513\/2017\/11\/DNniyLlX0AAOuIO2-300x169.jpg\" alt=\"\" width=\"300\" height=\"169\" srcset=\"https:\/\/agora.xtec.cat\/inslaserrasabadell\/wp-content\/uploads\/usu1513\/2017\/11\/DNniyLlX0AAOuIO2-300x169.jpg 300w, https:\/\/agora.xtec.cat\/inslaserrasabadell\/wp-content\/uploads\/usu1513\/2017\/11\/DNniyLlX0AAOuIO2-768x432.jpg 768w, https:\/\/agora.xtec.cat\/inslaserrasabadell\/wp-content\/uploads\/usu1513\/2017\/11\/DNniyLlX0AAOuIO2.jpg 1024w\" sizes=\"auto, (max-width: 300px) 100vw, 300px\" \/><\/a><figcaption id=\"caption-attachment-1182\" class=\"wp-caption-text\">Escoltant a la Marina<\/figcaption><\/figure>\n<p>&nbsp;<\/p>\n","protected":false},"excerpt":{"rendered":"<p>El 2 de novembre, els alumnes de 1r, vam anar al Museu d&#8217; Hist\u00f2ria de Sabadell.<\/p>\n","protected":false},"author":4,"featured_media":1178,"comment_status":"open","ping_status":"closed","sticky":false,"template":"","format":"standard","meta":{"_bbp_topic_count":0,"_bbp_reply_count":0,"_bbp_total_topic_count":0,"_bbp_total_reply_count":0,"_bbp_voice_count":0,"_bbp_anonymous_reply_count":0,"_bbp_topic_count_hidden":0,"_bbp_reply_count_hidden":0,"_bbp_forum_subforum_count":0,"site-sidebar-layout":"default","site-content-layout":"","ast-site-content-layout":"","site-content-style":"default","site-sidebar-style":"default","ast-global-header-display":"","ast-banner-title-visibility":"","ast-main-header-display":"","ast-hfb-above-header-display":"","ast-hfb-below-header-display":"","ast-hfb-mobile-header-display":"","site-post-title":"","ast-breadcrumbs-content":"","ast-featured-img":"","footer-sml-layout":"","theme-transparent-header-meta":"","adv-header-id-meta":"","stick-header-meta":"","header-above-stick-meta":"","header-main-stick-meta":"","header-below-stick-meta":"","astra-migrate-meta-layouts":"default","ast-page-background-enabled":"default","ast-page-background-meta":{"desktop":{"background-color":"var(--ast-global-color-4)","background-image":"","background-repeat":"repeat","background-position":"center center","background-size":"auto","background-attachment":"scroll","background-type":"","background-media":"","overlay-type":"","overlay-color":"","overlay-opacity":"","overlay-gradient":""},"tablet":{"background-color":"","background-image":"","background-repeat":"repeat","background-position":"center center","background-size":"auto","background-attachment":"scroll","background-type":"","background-media":"","overlay-type":"","overlay-color":"","overlay-opacity":"","overlay-gradient":""},"mobile":{"background-color":"","background-image":"","background-repeat":"repeat","background-position":"center center","background-size":"auto","background-attachment":"scroll","background-type":"","background-media":"","overlay-type":"","overlay-color":"","overlay-opacity":"","overlay-gradient":""}},"ast-content-background-meta":{"desktop":{"background-color":"var(--ast-global-color-5)","background-image":"","background-repeat":"repeat","background-position":"center center","background-size":"auto","background-attachment":"scroll","background-type":"","background-media":"","overlay-type":"","overlay-color":"","overlay-opacity":"","overlay-gradient":""},"tablet":{"background-color":"var(--ast-global-color-5)","background-image":"","background-repeat":"repeat","background-position":"center center","background-size":"auto","background-attachment":"scroll","background-type":"","background-media":"","overlay-type":"","overlay-color":"","overlay-opacity":"","overlay-gradient":""},"mobile":{"background-color":"var(--ast-global-color-5)","background-image":"","background-repeat":"repeat","background-position":"center center","background-size":"auto","background-attachment":"scroll","background-type":"","background-media":"","overlay-type":"","overlay-color":"","overlay-opacity":"","overlay-gradient":""}},"footnotes":""},"categories":[1,121,29],"tags":[102],"class_list":["post-1174","post","type-post","status-publish","format-standard","has-post-thumbnail","hentry","category-general","category-veuserra","category-portada","tag-excursions"],"post_mailing_queue_ids":[],"_links":{"self":[{"href":"https:\/\/agora.xtec.cat\/inslaserrasabadell\/wp-json\/wp\/v2\/posts\/1174","targetHints":{"allow":["GET"]}}],"collection":[{"href":"https:\/\/agora.xtec.cat\/inslaserrasabadell\/wp-json\/wp\/v2\/posts"}],"about":[{"href":"https:\/\/agora.xtec.cat\/inslaserrasabadell\/wp-json\/wp\/v2\/types\/post"}],"author":[{"embeddable":true,"href":"https:\/\/agora.xtec.cat\/inslaserrasabadell\/wp-json\/wp\/v2\/users\/4"}],"replies":[{"embeddable":true,"href":"https:\/\/agora.xtec.cat\/inslaserrasabadell\/wp-json\/wp\/v2\/comments?post=1174"}],"version-history":[{"count":3,"href":"https:\/\/agora.xtec.cat\/inslaserrasabadell\/wp-json\/wp\/v2\/posts\/1174\/revisions"}],"predecessor-version":[{"id":1185,"href":"https:\/\/agora.xtec.cat\/inslaserrasabadell\/wp-json\/wp\/v2\/posts\/1174\/revisions\/1185"}],"wp:featuredmedia":[{"embeddable":true,"href":"https:\/\/agora.xtec.cat\/inslaserrasabadell\/wp-json\/wp\/v2\/media\/1178"}],"wp:attachment":[{"href":"https:\/\/agora.xtec.cat\/inslaserrasabadell\/wp-json\/wp\/v2\/media?parent=1174"}],"wp:term":[{"taxonomy":"category","embeddable":true,"href":"https:\/\/agora.xtec.cat\/inslaserrasabadell\/wp-json\/wp\/v2\/categories?post=1174"},{"taxonomy":"post_tag","embeddable":true,"href":"https:\/\/agora.xtec.cat\/inslaserrasabadell\/wp-json\/wp\/v2\/tags?post=1174"}],"curies":[{"name":"wp","href":"https:\/\/api.w.org\/{rel}","templated":true}]}}