{"id":1101,"count":1,"description":"","link":"https:\/\/agora.xtec.cat\/inslarboc\/tag\/participacio-de-la-siei-al-47e-festival-de-teatre-del-baix-penedes\/","name":"Participaci\u00f3 de la SIEI al 47\u00e8 festival de Teatre del Baix Pened\u00e8s.","slug":"participacio-de-la-siei-al-47e-festival-de-teatre-del-baix-penedes","taxonomy":"post_tag","meta":[],"_links":{"self":[{"href":"https:\/\/agora.xtec.cat\/inslarboc\/wp-json\/wp\/v2\/tags\/1101","targetHints":{"allow":["GET"]}}],"collection":[{"href":"https:\/\/agora.xtec.cat\/inslarboc\/wp-json\/wp\/v2\/tags"}],"about":[{"href":"https:\/\/agora.xtec.cat\/inslarboc\/wp-json\/wp\/v2\/taxonomies\/post_tag"}],"wp:post_type":[{"href":"https:\/\/agora.xtec.cat\/inslarboc\/wp-json\/wp\/v2\/posts?tags=1101"}],"curies":[{"name":"wp","href":"https:\/\/api.w.org\/{rel}","templated":true}]}}