{"id":7372,"date":"2021-09-30T07:30:11","date_gmt":"2021-09-30T05:30:11","guid":{"rendered":"https:\/\/agora.xtec.cat\/inslarboc\/?p=7372"},"modified":"2022-03-28T05:56:25","modified_gmt":"2022-03-28T03:56:25","slug":"linstitut-de-larboc-en-la-final-del-programa-ciencia-en-accion-2021","status":"publish","type":"post","link":"https:\/\/agora.xtec.cat\/inslarboc\/batxillerat\/linstitut-de-larboc-en-la-final-del-programa-ciencia-en-accion-2021\/","title":{"rendered":"L&#8217;Institut de l&#8217;Arbo\u00e7 en la final del programa &#8220;Ciencia en Acci\u00f3n 2021&#8221;"},"content":{"rendered":"<p style=\"text-align: justify;\">La tarda de dimecres 29 de setembre l&#8217;ex-alumna Ariadna Garcia va presentar la seva recerca &#8220;<em><strong><a href=\"https:\/\/drive.google.com\/file\/d\/13AED5moSIEq0gDPYXLibSQ13grYQZ5kq\/view\" target=\"_blank\" rel=\"noopener\">Construye tu propio interfer\u00f3metro<\/a><\/strong><\/em>&#8221; en la final on-line del programa <strong>Ciencia en Acci\u00f3n 2021<\/strong>. L&#8217;esmentada recerca va ser guardonada amb el primer premi Ex Aequo en la modalitat de demostracions de f\u00edsica no presencial.<\/p>\n<p style=\"text-align: justify;\">L&#8217;Ariadna va explicar pas a pas com va construir l&#8217;interfer\u00f2metre, com el va aliniar i com va experimentar amb ell, demostrant la capacitat de l&#8217;aparell per determinar la longitud d&#8217;ona del l\u00e0ser emprat i comprovant com afecta la separaci\u00f3 entre els miralls al patr\u00f3 d\u2019interfer\u00e8ncia.<\/p>\n<p style=\"text-align: justify;\">La sessi\u00f3 on-line es pot veure al canal de YouTube:<\/p>\n<p style=\"text-align: center;\"><iframe loading=\"lazy\" title=\"YouTube video player\" src=\"https:\/\/www.youtube.com\/embed\/fVTvdDR7t64\" width=\"560\" height=\"315\" frameborder=\"0\" allowfullscreen=\"allowfullscreen\"><\/iframe><\/p>\n<p style=\"text-align: justify;\">Actualment l&#8217;Ariadna ha aparcat la seva passi\u00f3 per la f\u00edsica per cursar Belles Arts en tant que sempre l&#8217;ha enamorat aquesta sortida professional, per\u00f2 no descarta un retrobament amb aquesta part de la ci\u00e8ncia que tantes il\u00b7lusions li ha donat aquests anys de batxillerat.<\/p>\n<p style=\"text-align: center;\"><a href=\"https:\/\/agora.xtec.cat\/inslarboc\/wp-content\/uploads\/usu1712\/2021\/09\/1.jpg\"><img loading=\"lazy\" decoding=\"async\" class=\"aligncenter size-large wp-image-7375\" src=\"https:\/\/agora.xtec.cat\/inslarboc\/wp-content\/uploads\/usu1712\/2021\/09\/1-1024x768.jpg\" alt=\"\" width=\"1024\" height=\"768\" srcset=\"https:\/\/agora.xtec.cat\/inslarboc\/wp-content\/uploads\/usu1712\/2021\/09\/1-1024x768.jpg 1024w, https:\/\/agora.xtec.cat\/inslarboc\/wp-content\/uploads\/usu1712\/2021\/09\/1-300x225.jpg 300w, https:\/\/agora.xtec.cat\/inslarboc\/wp-content\/uploads\/usu1712\/2021\/09\/1-768x576.jpg 768w, https:\/\/agora.xtec.cat\/inslarboc\/wp-content\/uploads\/usu1712\/2021\/09\/1-1536x1152.jpg 1536w, https:\/\/agora.xtec.cat\/inslarboc\/wp-content\/uploads\/usu1712\/2021\/09\/1-200x150.jpg 200w, https:\/\/agora.xtec.cat\/inslarboc\/wp-content\/uploads\/usu1712\/2021\/09\/1.jpg 2016w\" sizes=\"auto, (max-width: 1024px) 100vw, 1024px\" \/><\/a><\/p>\n<p style=\"text-align: center;\"><a href=\"https:\/\/agora.xtec.cat\/inslarboc\/wp-content\/uploads\/usu1712\/2021\/09\/2.jpg\"><img loading=\"lazy\" decoding=\"async\" class=\"aligncenter size-large wp-image-7374\" src=\"https:\/\/agora.xtec.cat\/inslarboc\/wp-content\/uploads\/usu1712\/2021\/09\/2-1024x768.jpg\" alt=\"\" width=\"1024\" height=\"768\" srcset=\"https:\/\/agora.xtec.cat\/inslarboc\/wp-content\/uploads\/usu1712\/2021\/09\/2-1024x768.jpg 1024w, https:\/\/agora.xtec.cat\/inslarboc\/wp-content\/uploads\/usu1712\/2021\/09\/2-300x225.jpg 300w, https:\/\/agora.xtec.cat\/inslarboc\/wp-content\/uploads\/usu1712\/2021\/09\/2-768x576.jpg 768w, https:\/\/agora.xtec.cat\/inslarboc\/wp-content\/uploads\/usu1712\/2021\/09\/2-1536x1152.jpg 1536w, https:\/\/agora.xtec.cat\/inslarboc\/wp-content\/uploads\/usu1712\/2021\/09\/2-200x150.jpg 200w, https:\/\/agora.xtec.cat\/inslarboc\/wp-content\/uploads\/usu1712\/2021\/09\/2.jpg 2016w\" sizes=\"auto, (max-width: 1024px) 100vw, 1024px\" \/><\/a><\/p>\n<p style=\"text-align: center;\"><a href=\"https:\/\/agora.xtec.cat\/inslarboc\/wp-content\/uploads\/usu1712\/2021\/09\/portada.jpg\"><img loading=\"lazy\" decoding=\"async\" class=\"aligncenter size-large wp-image-7376\" src=\"https:\/\/agora.xtec.cat\/inslarboc\/wp-content\/uploads\/usu1712\/2021\/09\/portada-1024x768.jpg\" alt=\"\" width=\"1024\" height=\"768\" srcset=\"https:\/\/agora.xtec.cat\/inslarboc\/wp-content\/uploads\/usu1712\/2021\/09\/portada-1024x768.jpg 1024w, https:\/\/agora.xtec.cat\/inslarboc\/wp-content\/uploads\/usu1712\/2021\/09\/portada-300x225.jpg 300w, https:\/\/agora.xtec.cat\/inslarboc\/wp-content\/uploads\/usu1712\/2021\/09\/portada-768x576.jpg 768w, https:\/\/agora.xtec.cat\/inslarboc\/wp-content\/uploads\/usu1712\/2021\/09\/portada-1536x1152.jpg 1536w, https:\/\/agora.xtec.cat\/inslarboc\/wp-content\/uploads\/usu1712\/2021\/09\/portada-200x150.jpg 200w, https:\/\/agora.xtec.cat\/inslarboc\/wp-content\/uploads\/usu1712\/2021\/09\/portada.jpg 2016w\" sizes=\"auto, (max-width: 1024px) 100vw, 1024px\" \/><\/a><\/p>\n","protected":false},"excerpt":{"rendered":"<p>La tarda de dimecres 29 de setembre l&#8217;ex-alumna Ariadna Garc\u00eda va ser guardonada amb el primer premi Ex Aequo, en la modalitat de demostracions de f\u00edsica no presencial, per la seva recerca \u201cConstruye tu propio interfer\u00f3metro\u201d&hellip;  <a href=\"https:\/\/agora.xtec.cat\/inslarboc\/batxillerat\/linstitut-de-larboc-en-la-final-del-programa-ciencia-en-accion-2021\/\" title=\"Read L&#8217;Institut de l&#8217;Arbo\u00e7 en la final del programa &#8220;Ciencia en Acci\u00f3n 2021&#8221;\">Llegeix m\u00e9s\u00bb<\/a><\/p>\n","protected":false},"author":1,"featured_media":7376,"comment_status":"closed","ping_status":"closed","sticky":false,"template":"","format":"standard","meta":{"_bbp_topic_count":0,"_bbp_reply_count":0,"_bbp_total_topic_count":0,"_bbp_total_reply_count":0,"_bbp_voice_count":0,"_bbp_anonymous_reply_count":0,"_bbp_topic_count_hidden":0,"_bbp_reply_count_hidden":0,"_bbp_forum_subforum_count":0,"footnotes":""},"categories":[8],"tags":[645],"class_list":["post-7372","post","type-post","status-publish","format-standard","has-post-thumbnail","hentry","category-batxillerat","tag-linstitut-de-larboc-en-la-final-del-programa-ciencia-en-accion-2021"],"post_mailing_queue_ids":[],"_links":{"self":[{"href":"https:\/\/agora.xtec.cat\/inslarboc\/wp-json\/wp\/v2\/posts\/7372","targetHints":{"allow":["GET"]}}],"collection":[{"href":"https:\/\/agora.xtec.cat\/inslarboc\/wp-json\/wp\/v2\/posts"}],"about":[{"href":"https:\/\/agora.xtec.cat\/inslarboc\/wp-json\/wp\/v2\/types\/post"}],"author":[{"embeddable":true,"href":"https:\/\/agora.xtec.cat\/inslarboc\/wp-json\/wp\/v2\/users\/1"}],"replies":[{"embeddable":true,"href":"https:\/\/agora.xtec.cat\/inslarboc\/wp-json\/wp\/v2\/comments?post=7372"}],"version-history":[{"count":3,"href":"https:\/\/agora.xtec.cat\/inslarboc\/wp-json\/wp\/v2\/posts\/7372\/revisions"}],"predecessor-version":[{"id":7382,"href":"https:\/\/agora.xtec.cat\/inslarboc\/wp-json\/wp\/v2\/posts\/7372\/revisions\/7382"}],"wp:featuredmedia":[{"embeddable":true,"href":"https:\/\/agora.xtec.cat\/inslarboc\/wp-json\/wp\/v2\/media\/7376"}],"wp:attachment":[{"href":"https:\/\/agora.xtec.cat\/inslarboc\/wp-json\/wp\/v2\/media?parent=7372"}],"wp:term":[{"taxonomy":"category","embeddable":true,"href":"https:\/\/agora.xtec.cat\/inslarboc\/wp-json\/wp\/v2\/categories?post=7372"},{"taxonomy":"post_tag","embeddable":true,"href":"https:\/\/agora.xtec.cat\/inslarboc\/wp-json\/wp\/v2\/tags?post=7372"}],"curies":[{"name":"wp","href":"https:\/\/api.w.org\/{rel}","templated":true}]}}