{"id":14898,"date":"2026-09-01T11:33:55","date_gmt":"2026-09-01T09:33:55","guid":{"rendered":"https:\/\/agora.xtec.cat\/inslarboc\/?p=14898"},"modified":"2026-09-01T11:34:59","modified_gmt":"2026-09-01T09:34:59","slug":"inici-de-les-classes-curs-2026-2027","status":"publish","type":"post","link":"https:\/\/agora.xtec.cat\/inslarboc\/eso\/inici-de-les-classes-curs-2026-2027\/","title":{"rendered":"Inici de les classes \u2013 Curs 2026-2027"},"content":{"rendered":"<h3 style=\"text-align: center;\"><b>Inici de les classes \u2013 Curs 2026-2027<\/b><\/h3>\n<p>L\u2019Institut de l\u2019Arbo\u00e7 ja ho t\u00e9 tot a punt per comen\u00e7ar un nou curs!<\/p>\n<p>D\u2019acord amb el calendari escolar establert pel Departament d\u2019Educaci\u00f3 i Formaci\u00f3 Professional de la Generalitat de Catalunya, les classes d\u2019Educaci\u00f3 Secund\u00e0ria Obligat\u00f2ria (ESO) i Batxillerat s\u2019iniciaran el:<\/p>\n<ul>\n<li><b>Dimarts 8 de setembre de 2026<\/b><\/li>\n<\/ul>\n<p>Us desitgem a tot l\u2019alumnat i a les fam\u00edlies <b>un molt bon inici de curs 2026-2027!<\/b><\/p>\n<h4 style=\"text-align: center;\"><a href=\"https:\/\/educacio.gencat.cat\/ca\/arees-actuacio\/families\/families-escola\/escolaritat\/comencem-curs\/?utm_source=chatgpt.com\" target=\"_blank\" rel=\"noopener\"><em>Consulta la informaci\u00f3 oficial del Departament d\u2019Educaci\u00f3 i Formaci\u00f3 Professional<\/em><\/a><\/h4>\n<p style=\"text-align: center;\"><a href=\"https:\/\/agora.xtec.cat\/inslarboc\/wp-content\/uploads\/usu1712\/2026\/08\/Inici-de-classes-JPG.jpg\"><img loading=\"lazy\" decoding=\"async\" class=\"aligncenter wp-image-14897 size-full\" src=\"https:\/\/agora.xtec.cat\/inslarboc\/wp-content\/uploads\/usu1712\/2026\/08\/Inici-de-classes-JPG.jpg\" alt=\"\" width=\"768\" height=\"384\" srcset=\"https:\/\/agora.xtec.cat\/inslarboc\/wp-content\/uploads\/usu1712\/2026\/08\/Inici-de-classes-JPG.jpg 768w, https:\/\/agora.xtec.cat\/inslarboc\/wp-content\/uploads\/usu1712\/2026\/08\/Inici-de-classes-JPG-300x150.jpg 300w\" sizes=\"auto, (max-width: 768px) 100vw, 768px\" \/><\/a><\/p>\n","protected":false},"excerpt":{"rendered":"<p>D\u2019acord amb el calendari escolar establert pel Departament d\u2019Educaci\u00f3 i FP les classes d\u2019Educaci\u00f3 Secund\u00e0ria Obligat\u00f2ria (ESO) i Batxillerat s\u2019iniciaran el dimarts 8 de setembre de 2026&hellip;  <a href=\"https:\/\/agora.xtec.cat\/inslarboc\/eso\/inici-de-les-classes-curs-2026-2027\/\" title=\"Read Inici de les classes \u2013 Curs 2026-2027\">Llegeix m\u00e9s\u00bb<\/a><\/p>\n","protected":false},"author":1,"featured_media":14897,"comment_status":"closed","ping_status":"closed","sticky":false,"template":"","format":"standard","meta":{"_bbp_topic_count":0,"_bbp_reply_count":0,"_bbp_total_topic_count":0,"_bbp_total_reply_count":0,"_bbp_voice_count":0,"_bbp_anonymous_reply_count":0,"_bbp_topic_count_hidden":0,"_bbp_reply_count_hidden":0,"_bbp_forum_subforum_count":0,"footnotes":""},"categories":[8,3,29],"tags":[1139],"class_list":["post-14898","post","type-post","status-publish","format-standard","has-post-thumbnail","hentry","category-batxillerat","category-eso","category-portada","tag-inici-de-les-classes-curs-2026-2027"],"post_mailing_queue_ids":[],"_links":{"self":[{"href":"https:\/\/agora.xtec.cat\/inslarboc\/wp-json\/wp\/v2\/posts\/14898","targetHints":{"allow":["GET"]}}],"collection":[{"href":"https:\/\/agora.xtec.cat\/inslarboc\/wp-json\/wp\/v2\/posts"}],"about":[{"href":"https:\/\/agora.xtec.cat\/inslarboc\/wp-json\/wp\/v2\/types\/post"}],"author":[{"embeddable":true,"href":"https:\/\/agora.xtec.cat\/inslarboc\/wp-json\/wp\/v2\/users\/1"}],"replies":[{"embeddable":true,"href":"https:\/\/agora.xtec.cat\/inslarboc\/wp-json\/wp\/v2\/comments?post=14898"}],"version-history":[{"count":5,"href":"https:\/\/agora.xtec.cat\/inslarboc\/wp-json\/wp\/v2\/posts\/14898\/revisions"}],"predecessor-version":[{"id":14903,"href":"https:\/\/agora.xtec.cat\/inslarboc\/wp-json\/wp\/v2\/posts\/14898\/revisions\/14903"}],"wp:featuredmedia":[{"embeddable":true,"href":"https:\/\/agora.xtec.cat\/inslarboc\/wp-json\/wp\/v2\/media\/14897"}],"wp:attachment":[{"href":"https:\/\/agora.xtec.cat\/inslarboc\/wp-json\/wp\/v2\/media?parent=14898"}],"wp:term":[{"taxonomy":"category","embeddable":true,"href":"https:\/\/agora.xtec.cat\/inslarboc\/wp-json\/wp\/v2\/categories?post=14898"},{"taxonomy":"post_tag","embeddable":true,"href":"https:\/\/agora.xtec.cat\/inslarboc\/wp-json\/wp\/v2\/tags?post=14898"}],"curies":[{"name":"wp","href":"https:\/\/api.w.org\/{rel}","templated":true}]}}