{"id":14431,"date":"2026-04-08T07:30:44","date_gmt":"2026-04-08T05:30:44","guid":{"rendered":"https:\/\/agora.xtec.cat\/inslarboc\/?p=14431"},"modified":"2026-04-08T08:46:56","modified_gmt":"2026-04-08T06:46:56","slug":"campanya-de-beques-per-a-estudis-postobligatoris-el-termini-de-presentacio-de-sollicituds-finalitza-el-18-de-maig","status":"publish","type":"post","link":"https:\/\/agora.xtec.cat\/inslarboc\/batxillerat\/campanya-de-beques-per-a-estudis-postobligatoris-el-termini-de-presentacio-de-sollicituds-finalitza-el-18-de-maig\/","title":{"rendered":"Campanya de beques per a estudis postobligatoris &#8211; El termini de presentaci\u00f3 de sol\u00b7licituds finalitza el 18 de maig"},"content":{"rendered":"<h3 id=\"pageTitle\" class=\"ms-core-pageTitle\" style=\"text-align: center;\"><span id=\"DeltaPlaceHolderPageTitleInTitleArea\">Campanya de beques per a estudis postobligatoris\u00a0<\/span><\/h3>\n<p style=\"text-align: justify;\">Est\u00e0 obert el termini per demanar una beca per cursar estudis postobligatoris, tant universitaris com no universitaris.<\/p>\n<p style=\"text-align: justify;\">Enguany, la Generalitat s&#8217;ocupa de\u00a0gestionar\u00a0les beques, fet que comporta\u00a0alguns canvis en el proc\u00e9s de sol\u00b7licitud.\u00a0Per tal d&#8217;informar-vos-en\u00a0adequadament i\u00a0poder\u00a0donar suport a l&#8217;alumnat que la\u00a0vulgui sol\u00b7licitar, consulteu\u00a0l&#8217;espai\u00a0<a href=\"https:\/\/web.gencat.cat\/ca\/ciutadania\/actualitat\/demanar-beques-i-ajuts-per-estudiar\"><strong>Demanar beques per estudiar<\/strong><\/a><strong>.<\/strong><\/p>\n<h3 style=\"text-align: center;\"><span style=\"color: #ff0000;\"><strong>El termini de presentaci\u00f3 de sol\u00b7licituds finalitza el 18 de maig.\u200b<\/strong><\/span><\/h3>\n<p><a href=\"https:\/\/agora.xtec.cat\/inslarboc\/wp-content\/uploads\/usu1712\/2026\/04\/Visor_web_beques.png\"><img loading=\"lazy\" decoding=\"async\" class=\"aligncenter wp-image-14430 size-full\" src=\"https:\/\/agora.xtec.cat\/inslarboc\/wp-content\/uploads\/usu1712\/2026\/04\/Visor_web_beques.png\" alt=\"\" width=\"555\" height=\"431\" srcset=\"https:\/\/agora.xtec.cat\/inslarboc\/wp-content\/uploads\/usu1712\/2026\/04\/Visor_web_beques.png 555w, https:\/\/agora.xtec.cat\/inslarboc\/wp-content\/uploads\/usu1712\/2026\/04\/Visor_web_beques-300x233.png 300w\" sizes=\"auto, (max-width: 555px) 100vw, 555px\" \/><\/a><\/p>\n<hr \/>\n<p style=\"text-align: center;\"><strong>Els estudiants i les fam\u00edlies han de fer la sol\u00b7licitud mitjan\u00e7ant el web del Departament:\u00a0<span style=\"color: #0000ff;\"><em><a style=\"color: #0000ff;\" title=\"Ves al tr\u00e0mit\" href=\"https:\/\/tramits.gencat.cat\/ca\/tramits\/tramits-temes\/beques-ministeri-postobligatoris?category=7449fd1c-a82c-11e3-a972-000c29052e2c\" target=\"_blank\" rel=\"noopener\">Beques \u200bp\u200ber a estudis no universitaris<\/a><\/em><\/span>.<\/strong><\/p>\n<hr \/>\n<h3 id=\"h20\">Destinataris i estudis<\/h3>\n<p>S\u00f3n les beques per als estudiants d&#8217;estudis no universitaris, que convoca el Departament d&#8217;Educaci\u00f3 i Formaci\u00f3 Professional\u200b\u200b.<\/p>\n<ul>\n<li>\u200bBatxillerat<\/li>\n<li>Formaci\u00f3 professional de grau mitj\u00e0 i de grau superior<\/li>\n<li>Ensenyaments art\u00edstics professionals, esportius o art\u00edstics superiors<\/li>\n<li>Estudis religiosos superiors<\/li>\n<li>Estudis d&#8217;idiomes en escoles oficials (inclosa la modalitat de dist\u00e0ncia)<\/li>\n<li>Cursos d&#8217;acc\u00e9s i cursos de preparaci\u00f3 per a les proves d&#8217;acc\u00e9s a la formaci\u00f3 professional i cursos de formaci\u00f3 espec\u00edfics per a l&#8217;acc\u00e9s als cicles de grau mitj\u00e0 i de grau superior en centres p\u00fablics i en privats concertats sempre que tinguin autoritzats estudis de formaci\u00f3 professional<\/li>\n<li>Cicles formatius de grau b\u00e0sic\u200b<\/li>\n<\/ul>\n<p><strong>Els estudiants i les fam\u00edlies han de fer la sol\u00b7licitud mitjan\u00e7ant el web del Departament:\u00a0<\/strong><a title=\"Ves al tr\u00e0mit\" href=\"https:\/\/tramits.gencat.cat\/ca\/tramits\/tramits-temes\/beques-ministeri-postobligatoris?category=7449fd1c-a82c-11e3-a972-000c29052e2c\" target=\"_blank\" rel=\"noopener\"><strong>Beques \u200bp\u200ber a estudis no universitaris<\/strong><\/a>.<\/p>\n<hr \/>\n<h3 id=\"h21\">Calendari d&#8217;accions\u200b<\/h3>\n<p><strong>Del 7 d&#8217;abril al 18 de maig de\u200b 2026:<\/strong>\u00a0presentaci\u00f3 de sol\u00b7licituds<\/p>\n<p><strong>A l&#8217;octubre<\/strong>: els serveis territorials enviaran al centre les llistes dels seus alumnes que han sol\u00b7licitat beca.<\/p>\n<p><strong>Abans de finalitzar el mes\u00a0d&#8217;octubre\u200b<\/strong>: els centres han de confeccionar els certificats acad\u00e8mics\u00a0i retornar-los als serveis territorials.<\/p>\n<p><strong>Durant el curs<\/strong>: els serveis territorials\u00a0enviaran llistes\u00a0amb la relaci\u00f3 dels alumnes que tenen la beca proposada per concedir amb indicaci\u00f3 dels conceptes proposats o b\u00e9, que tenen proposada per denegar amb indicaci\u00f3 dels motius de denegaci\u00f3.<\/p>\n<p>Els alumnes rebran mitjan\u00e7ant una notificaci\u00f3 electr\u00f2nica la comunicaci\u00f3 de la resoluci\u00f3. L\u2019av\u00eds el rebran per correu electr\u00f2nic. Per accedir al contingut de la notificaci\u00f3 necessitaran l\u2019IdCAT M\u00f2bil, un certificat digital o un sistema de contrasenya d\u2019un sol \u00fas. En aquest sistema de contrasenya d\u2019un sol \u00fas, s\u2019ha de \u200bposar el DNI\/NIE del sol\u00b7licitant de la beca i el correu electr\u00f2nic que es va informar en la sol\u00b7licitud de la beca.\u200b<\/p>\n","protected":false},"excerpt":{"rendered":"<p>S&#8217;ha iniciat la campanya de beques per a estudis postobligatoris. El termini de presentaci\u00f3 de sol\u00b7licituds finalitza el 18 de maig&hellip;  <a href=\"https:\/\/agora.xtec.cat\/inslarboc\/batxillerat\/campanya-de-beques-per-a-estudis-postobligatoris-el-termini-de-presentacio-de-sollicituds-finalitza-el-18-de-maig\/\" title=\"Read Campanya de beques per a estudis postobligatoris &#8211; El termini de presentaci\u00f3 de sol\u00b7licituds finalitza el 18 de maig\">Llegeix m\u00e9s\u00bb<\/a><\/p>\n","protected":false},"author":1,"featured_media":14430,"comment_status":"open","ping_status":"open","sticky":false,"template":"","format":"standard","meta":{"_bbp_topic_count":0,"_bbp_reply_count":0,"_bbp_total_topic_count":0,"_bbp_total_reply_count":0,"_bbp_voice_count":0,"_bbp_anonymous_reply_count":0,"_bbp_topic_count_hidden":0,"_bbp_reply_count_hidden":0,"_bbp_forum_subforum_count":0,"footnotes":""},"categories":[8,29],"tags":[1114,1115],"class_list":["post-14431","post","type-post","status-publish","format-standard","has-post-thumbnail","hentry","category-batxillerat","category-portada","tag-campanya-de-beques-per-a-estudis-postobligatoris","tag-el-termini-de-presentacio-de-sollicituds-finalitza-el-18-de-maig"],"post_mailing_queue_ids":[],"_links":{"self":[{"href":"https:\/\/agora.xtec.cat\/inslarboc\/wp-json\/wp\/v2\/posts\/14431","targetHints":{"allow":["GET"]}}],"collection":[{"href":"https:\/\/agora.xtec.cat\/inslarboc\/wp-json\/wp\/v2\/posts"}],"about":[{"href":"https:\/\/agora.xtec.cat\/inslarboc\/wp-json\/wp\/v2\/types\/post"}],"author":[{"embeddable":true,"href":"https:\/\/agora.xtec.cat\/inslarboc\/wp-json\/wp\/v2\/users\/1"}],"replies":[{"embeddable":true,"href":"https:\/\/agora.xtec.cat\/inslarboc\/wp-json\/wp\/v2\/comments?post=14431"}],"version-history":[{"count":6,"href":"https:\/\/agora.xtec.cat\/inslarboc\/wp-json\/wp\/v2\/posts\/14431\/revisions"}],"predecessor-version":[{"id":14437,"href":"https:\/\/agora.xtec.cat\/inslarboc\/wp-json\/wp\/v2\/posts\/14431\/revisions\/14437"}],"wp:featuredmedia":[{"embeddable":true,"href":"https:\/\/agora.xtec.cat\/inslarboc\/wp-json\/wp\/v2\/media\/14430"}],"wp:attachment":[{"href":"https:\/\/agora.xtec.cat\/inslarboc\/wp-json\/wp\/v2\/media?parent=14431"}],"wp:term":[{"taxonomy":"category","embeddable":true,"href":"https:\/\/agora.xtec.cat\/inslarboc\/wp-json\/wp\/v2\/categories?post=14431"},{"taxonomy":"post_tag","embeddable":true,"href":"https:\/\/agora.xtec.cat\/inslarboc\/wp-json\/wp\/v2\/tags?post=14431"}],"curies":[{"name":"wp","href":"https:\/\/api.w.org\/{rel}","templated":true}]}}