{"id":14287,"date":"2026-03-22T08:51:51","date_gmt":"2026-03-22T07:51:51","guid":{"rendered":"https:\/\/agora.xtec.cat\/inslarboc\/?p=14287"},"modified":"2026-03-22T08:50:01","modified_gmt":"2026-03-22T07:50:01","slug":"1r-de-batxillerat-viatja-a-malta-cinc-dies-daprenentatge-cultura-i-convivencia","status":"publish","type":"post","link":"https:\/\/agora.xtec.cat\/inslarboc\/portada\/1r-de-batxillerat-viatja-a-malta-cinc-dies-daprenentatge-cultura-i-convivencia\/","title":{"rendered":"1r de Batxillerat viatja a Malta: cinc dies d\u2019aprenentatge, cultura i conviv\u00e8ncia"},"content":{"rendered":"<p style=\"text-align: justify;\"><strong>Del 22 al 26 de mar\u00e7<\/strong>, els alumnes de 1r de Batxillerat del nostre centre estan realitzant un viatge educatiu a Malta, una experi\u00e8ncia que combina aprenentatge, conviv\u00e8ncia i descoberta cultural.<\/p>\n<p style=\"text-align: center;\"><a href=\"https:\/\/agora.xtec.cat\/inslarboc\/wp-content\/uploads\/usu1712\/2026\/03\/Sortida-de-davant-de-linstitut-el-22_03_2026-a-les-08_30h_LR.jpg\"><img loading=\"lazy\" decoding=\"async\" class=\"aligncenter wp-image-14336 size-full\" src=\"https:\/\/agora.xtec.cat\/inslarboc\/wp-content\/uploads\/usu1712\/2026\/03\/Sortida-de-davant-de-linstitut-el-22_03_2026-a-les-08_30h_LR.jpg\" alt=\"\" width=\"768\" height=\"432\" srcset=\"https:\/\/agora.xtec.cat\/inslarboc\/wp-content\/uploads\/usu1712\/2026\/03\/Sortida-de-davant-de-linstitut-el-22_03_2026-a-les-08_30h_LR.jpg 768w, https:\/\/agora.xtec.cat\/inslarboc\/wp-content\/uploads\/usu1712\/2026\/03\/Sortida-de-davant-de-linstitut-el-22_03_2026-a-les-08_30h_LR-300x169.jpg 300w\" sizes=\"auto, (max-width: 768px) 100vw, 768px\" \/><\/a><em><sub>Sortida de davant de l&#8217;Institut de l&#8217;Arbo\u00e7 el diumenge 22 de mar\u00e7 de 2026 a les 08:30 hores<\/sub><\/em><\/p>\n<p style=\"text-align: justify;\">Durant aquests dies, l\u2019alumnat recorre diversos indrets emblem\u00e0tics de l\u2019illa i t\u00e9 l\u2019oportunitat de con\u00e8ixer de prop la seva hist\u00f2ria, cultura i paisatges, alhora que practica l\u2019angl\u00e8s en un context real i comparteix una experi\u00e8ncia fora de l\u2019aula amb els companys i professores.<\/p>\n<p style=\"text-align: justify;\">Entre les visites previstes hi ha la capital, <strong>La Valletta,<\/strong> amb el seu ric patrimoni hist\u00f2ric i arquitect\u00f2nic; les conegudes<strong> Tres Ciutats (Senglea, Vittoriosa i Cospicua)<\/strong>; i la ciutat emmurallada de <strong>Mdina<\/strong>, una de les joies patrimonials de Malta. El recorregut tamb\u00e9 inclou espais naturals i paisatges caracter\u00edstics de l\u2019illa, com la <strong>Gruta Blava, <\/strong>el pintoresc poble pesquer de <strong>Marsaxlokk <\/strong>o la zona costanera de <strong>Qawra Point.<\/strong><\/p>\n<p style=\"text-align: justify;\">Aquest tipus d\u2019activitats permeten aprendre fora de l\u2019aula, refor\u00e7ar la conviv\u00e8ncia del grup i viure experi\u00e8ncies que contribueixen al creixement personal de l\u2019alumnat.<\/p>\n<p style=\"text-align: justify;\">Una experi\u00e8ncia educativa que, sens dubte, recordaran durant molt de temps. \u2708\ufe0f\ud83c\udf0d<\/p>\n<h4 style=\"text-align: center;\"><em><a href=\"https:\/\/agora.xtec.cat\/inslarboc\/wp-content\/uploads\/usu1712\/2026\/03\/RECORREGUT-MALTA-PARES.pdf\" target=\"_blank\" rel=\"noopener\">ACC\u00c9S A LA GUIA DETALLADA DEL VIATGE<\/a><\/em><\/h4>\n<p style=\"text-align: center;\"><a href=\"https:\/\/agora.xtec.cat\/inslarboc\/wp-content\/uploads\/usu1712\/2026\/03\/portada.jpg\"><img loading=\"lazy\" decoding=\"async\" class=\"aligncenter wp-image-14285 size-full\" src=\"https:\/\/agora.xtec.cat\/inslarboc\/wp-content\/uploads\/usu1712\/2026\/03\/portada.jpg\" alt=\"\" width=\"887\" height=\"467\" srcset=\"https:\/\/agora.xtec.cat\/inslarboc\/wp-content\/uploads\/usu1712\/2026\/03\/portada.jpg 887w, https:\/\/agora.xtec.cat\/inslarboc\/wp-content\/uploads\/usu1712\/2026\/03\/portada-300x158.jpg 300w, https:\/\/agora.xtec.cat\/inslarboc\/wp-content\/uploads\/usu1712\/2026\/03\/portada-768x404.jpg 768w\" sizes=\"auto, (max-width: 887px) 100vw, 887px\" \/><\/a><\/p>\n<h4 style=\"text-align: center;\">[<em><a href=\"https:\/\/drive.google.com\/drive\/folders\/1Ic-drXDCv0NOmn-6M-VbMzJG9YV64X5w?usp=drive_link\" target=\"_blank\" rel=\"noopener\">GALERIA D&#8217;IMATGES<\/a><\/em>]<\/h4>\n","protected":false},"excerpt":{"rendered":"<p>Del 22 al 26 de mar\u00e7, els alumnes de 1r de Batxillerat del nostre centre estan realitzant un viatge educatiu a Malta, una experi\u00e8ncia que combina aprenentatge, conviv\u00e8ncia i descoberta cultural&hellip;  <a href=\"https:\/\/agora.xtec.cat\/inslarboc\/portada\/1r-de-batxillerat-viatja-a-malta-cinc-dies-daprenentatge-cultura-i-convivencia\/\" title=\"Read 1r de Batxillerat viatja a Malta: cinc dies d\u2019aprenentatge, cultura i conviv\u00e8ncia\">Llegeix m\u00e9s\u00bb<\/a><\/p>\n","protected":false},"author":1,"featured_media":14336,"comment_status":"closed","ping_status":"closed","sticky":false,"template":"","format":"standard","meta":{"_bbp_topic_count":0,"_bbp_reply_count":0,"_bbp_total_topic_count":0,"_bbp_total_reply_count":0,"_bbp_voice_count":0,"_bbp_anonymous_reply_count":0,"_bbp_topic_count_hidden":0,"_bbp_reply_count_hidden":0,"_bbp_forum_subforum_count":0,"footnotes":""},"categories":[29,113],"tags":[1099],"class_list":["post-14287","post","type-post","status-publish","format-standard","has-post-thumbnail","hentry","category-portada","category-castanyada","tag-1r-de-batxillerat-viatja-a-malta"],"post_mailing_queue_ids":[],"_links":{"self":[{"href":"https:\/\/agora.xtec.cat\/inslarboc\/wp-json\/wp\/v2\/posts\/14287","targetHints":{"allow":["GET"]}}],"collection":[{"href":"https:\/\/agora.xtec.cat\/inslarboc\/wp-json\/wp\/v2\/posts"}],"about":[{"href":"https:\/\/agora.xtec.cat\/inslarboc\/wp-json\/wp\/v2\/types\/post"}],"author":[{"embeddable":true,"href":"https:\/\/agora.xtec.cat\/inslarboc\/wp-json\/wp\/v2\/users\/1"}],"replies":[{"embeddable":true,"href":"https:\/\/agora.xtec.cat\/inslarboc\/wp-json\/wp\/v2\/comments?post=14287"}],"version-history":[{"count":3,"href":"https:\/\/agora.xtec.cat\/inslarboc\/wp-json\/wp\/v2\/posts\/14287\/revisions"}],"predecessor-version":[{"id":14337,"href":"https:\/\/agora.xtec.cat\/inslarboc\/wp-json\/wp\/v2\/posts\/14287\/revisions\/14337"}],"wp:featuredmedia":[{"embeddable":true,"href":"https:\/\/agora.xtec.cat\/inslarboc\/wp-json\/wp\/v2\/media\/14336"}],"wp:attachment":[{"href":"https:\/\/agora.xtec.cat\/inslarboc\/wp-json\/wp\/v2\/media?parent=14287"}],"wp:term":[{"taxonomy":"category","embeddable":true,"href":"https:\/\/agora.xtec.cat\/inslarboc\/wp-json\/wp\/v2\/categories?post=14287"},{"taxonomy":"post_tag","embeddable":true,"href":"https:\/\/agora.xtec.cat\/inslarboc\/wp-json\/wp\/v2\/tags?post=14287"}],"curies":[{"name":"wp","href":"https:\/\/api.w.org\/{rel}","templated":true}]}}