{"id":12796,"date":"2025-03-25T07:15:14","date_gmt":"2025-03-25T06:15:14","guid":{"rendered":"https:\/\/agora.xtec.cat\/inslarboc\/?p=12796"},"modified":"2025-06-10T11:29:43","modified_gmt":"2025-06-10T09:29:43","slug":"preinscripcio-i-matricula-a-cicles-formatius-de-grau-superior-cfgs-curs-2025-2026","status":"publish","type":"post","link":"https:\/\/agora.xtec.cat\/inslarboc\/cicles-formatius\/preinscripcio-i-matricula-a-cicles-formatius-de-grau-superior-cfgs-curs-2025-2026\/","title":{"rendered":"Preinscripci\u00f3 i matr\u00edcula a Cicles Formatius de Grau Superior (CFGS). Curs 2025-2026"},"content":{"rendered":"<p style=\"text-align: justify;\">Disposeu en el portal <span style=\"color: #0000ff;\"><em><strong><a style=\"color: #0000ff;\" href=\"https:\/\/preinscripcio.gencat.cat\/ca\/estudis\/fp-grau-superior\/inici\/\" target=\"_blank\" rel=\"noopener\">Tria educativa<\/a><\/strong><\/em><\/span> de tota la informaci\u00f3 referent a la preinscripci\u00f3 als Cicles Formatius de Grau Superior per al proper curs 2025-2026. Des de la coordinaci\u00f3 de batxillerat hem preparat aquest <span style=\"color: #0000ff;\"><em><strong><a style=\"color: #0000ff;\" href=\"https:\/\/drive.google.com\/file\/d\/1Gffv0yIueVpr6kM2V5OMxP1f1vNoq9yC\/view?usp=sharing\" target=\"_blank\" rel=\"noopener\">manual<\/a><\/strong><\/em><\/span> (inclou una <span style=\"color: #0000ff;\"><em><strong><a style=\"color: #0000ff;\" href=\"https:\/\/view.genially.com\/6245e0b53ec51a001902cba6\/presentation-cicles-formatius-grau-superior\" target=\"_blank\" rel=\"noopener\">presentaci\u00f3 Genially<\/a><\/strong><\/em><\/span> amb una s\u00edntesi) d\u2019utilitat per als estudiants de batxillerat que estan interessades i interessats en els cicles formatius de grau superior.<\/p>\n<p style=\"text-align: justify;\">En la preinscripci\u00f3 per al proper curs 2025-2026 hi ha alguns canvis significatius i consideracions que has de tenir presents:<\/p>\n<ol>\n<li style=\"text-align: justify;\">El proc\u00e9s de preinscripci\u00f3 s\u2019assimila al proc\u00e9s d\u2019admissi\u00f3 universit\u00e0ria en el sentit que hi haur\u00e0 tres tandes d\u2019assignaci\u00f3 de places, amb els seus respectius terminis per confirmar la pla\u00e7a assignada i per fer el tr\u00e0mit posterior de matr\u00edcula. Estigues al cas de les dates de publicaci\u00f3 dels diferents llistats d&#8217;assignacions (10 de juliol-1\u00aa tanda \/ 18 de juliol-2\u00aatanda \/ 29 de juliol-3\u00aa tanda). Sigui quina sigui la pla\u00e7a que t&#8217;assignin tant a la primera com a la segona com a la tercera tanda, si tens intenci\u00f3 d&#8217;ocupar-la l&#8217;haur\u00e0s de confirmar; en cas contrari, la perdries.<\/li>\n<li style=\"text-align: justify;\">Haver obtingut pla\u00e7a a un Cicle no implica autom\u00e0ticament haver-se matriculat. Un cop coneguis la pla\u00e7a que t&#8217;han assignat a la primera, segona o tercera tanda, l&#8217;has de confirmar i, posteriorment, fer el tr\u00e0mit de matr\u00edcula al centre d&#8217;estudis on s&#8217;imparteixi el Cicle. La matr\u00edcula es formalitza en diferents moments depenent de la tanda d&#8217;assignaci\u00f3 on hagis aconseguit la pla\u00e7a (entre l&#8217;11 i el 23 de juliol si obtens a la primera tanda d&#8217;assignacions la primera pla\u00e7a que vas fer constar a la preinscripci\u00f3 \/ entre el 21 i el 23 de juliol si decideixes ocupar la pla\u00e7a assignada a la segona tanda \/ entre el 30 de juliol i el 4 de setembre si decideixes ocupar la pla\u00e7a assignada a la tercera tanda).<\/li>\n<li style=\"text-align: justify;\">S\u2019ha publicat una eina per poder fer la consulta de les notes de tall a la Formaci\u00f3 Professional de Grau Superior (i de grau mitj\u00e0). Pots consultar aquesta eina amb les notes de tall dels Cicles que t&#8217;interessin en aquest <span style=\"color: #0000ff;\"><em><strong><a style=\"color: #0000ff;\" href=\"https:\/\/preinscripcio.gencat.cat\/ca\/estudis\/fp-grau-superior\/informat\/consulta-notes-tall\/\" target=\"_blank\" rel=\"noopener\">enlla\u00e7<\/a><\/strong><\/em><\/span>. La nota de tall es refereix a la qualificaci\u00f3 de l&#8217;\u00faltim o \u00faltima estudiant que ha obtingut pla\u00e7a en un centre, cicle i torn durant el passat curs. El cercador et permet consultar fent \u00fas de diferents filtres com ara els Cicles que s&#8217;ofereixen a una determinada comarca, o a un determinat municipi o a un determinat centre educatiu. Tamb\u00e9 pots buscar directament per fam\u00edlies professionals o el Cicle concret que t&#8217;interessi. Com que en el teu cas accedir\u00e0s al Cicle despr\u00e9s d&#8217;haver cursat i obtingut el t\u00edtol de batxillerat, \u00e9s important que seleccionis l&#8217;opci\u00f3 &#8220;Si has superat el batxillerat els anys 2023, 2024 o 2025&#8221;.\n<ul>\n<li><a href=\"https:\/\/agora.xtec.cat\/inslarboc\/wp-content\/uploads\/usu1712\/2025\/03\/1.png\"><img loading=\"lazy\" decoding=\"async\" class=\"wp-image-12813 size-full alignleft\" src=\"https:\/\/agora.xtec.cat\/inslarboc\/wp-content\/uploads\/usu1712\/2025\/03\/1.png\" alt=\"\" width=\"1140\" height=\"189\" srcset=\"https:\/\/agora.xtec.cat\/inslarboc\/wp-content\/uploads\/usu1712\/2025\/03\/1.png 1140w, https:\/\/agora.xtec.cat\/inslarboc\/wp-content\/uploads\/usu1712\/2025\/03\/1-300x50.png 300w, https:\/\/agora.xtec.cat\/inslarboc\/wp-content\/uploads\/usu1712\/2025\/03\/1-1024x170.png 1024w, https:\/\/agora.xtec.cat\/inslarboc\/wp-content\/uploads\/usu1712\/2025\/03\/1-768x127.png 768w\" sizes=\"auto, (max-width: 1140px) 100vw, 1140px\" \/><\/a><\/li>\n<\/ul>\n<\/li>\n<li style=\"text-align: justify;\">Es prioritza en el proc\u00e9s de preinscripci\u00f3 i assignaci\u00f3 de places la modalitat preferent de batxillerat cursada, de tal manera que l\u2019alumnat que compleixi aquest requisit, a l\u2019hora d\u2019accedir al Cicle en q\u00fcesti\u00f3, ho far\u00e0 seguint la seg\u00fcent f\u00f3rmula: la seva nota de tall o d\u2019admissi\u00f3 es calcular\u00e0 partint de la seva Qualificaci\u00f3 Mitjana de Batxillerat i multiplicant-la per un factor de ponderaci\u00f3, que ser\u00e0 d\u20191.7 punts (aix\u00ed doncs, pot haver-hi Cicles amb notes de tall per sobre dels 10 punts). En aquest <span style=\"color: #0000ff;\"><strong><a style=\"color: #0000ff;\" href=\"https:\/\/triaeducativa.gencat.cat\/ca\/batxillerat\/prioritat-admissio-fp-gs\/\" target=\"_blank\" rel=\"noopener\"><em>enlla\u00e7<\/em><\/a><\/strong><\/span> pots consultar la taula de prioritats en l&#8217;admissi\u00f3 als Cicles Formatius de Grau Superior. Per fer-te una idea, funcionaria de la seg\u00fcent manera: imagina que dos estudiants indiquen com a primera petici\u00f3 que volen fer el Cicle en Higiene bucodental. Un d&#8217;ells ha cursat el batxillerat en Ci\u00e8ncies i Tecnologia i ha obtingut un 7 com a qualificaci\u00f3 mitjana; l&#8217;altre ha fet el batxillerat en Humanitats i Ci\u00e8ncies Socials i ha obtingut un 8 com a qualificaci\u00f3 final. Segons la taula de modalitats preferents, tenen prioritat els estudiants que hagin fet el batxillerat en Ci\u00e8ncies i tecnologia. Aix\u00ed doncs, per molt que la qualificaci\u00f3 final de l&#8217;alumne procedent del batxillerat en Humanitats i Ci\u00e8ncies Socials sigui superior a la de l&#8217;estudiant de Ci\u00e8ncies i Tecnologia, seria aquest darrer qui tindria prioritat per accedir al Cicle d&#8217;Higiene bucodental per complir el requisit de la modalitat preferent. A m\u00e9s, la seva qualificaci\u00f3 final de batxillerat es multiplicaria per 1.7 punts i passaria de ser un 7 a ser un 11.9.<\/li>\n<\/ol>\n<p style=\"text-align: center;\"><a href=\"https:\/\/agora.xtec.cat\/inslarboc\/wp-content\/uploads\/usu1712\/2025\/03\/dates-clau.jpg\"><img loading=\"lazy\" decoding=\"async\" class=\"aligncenter wp-image-12800 size-full\" src=\"https:\/\/agora.xtec.cat\/inslarboc\/wp-content\/uploads\/usu1712\/2025\/03\/dates-clau.jpg\" alt=\"\" width=\"1024\" height=\"768\" srcset=\"https:\/\/agora.xtec.cat\/inslarboc\/wp-content\/uploads\/usu1712\/2025\/03\/dates-clau.jpg 1024w, https:\/\/agora.xtec.cat\/inslarboc\/wp-content\/uploads\/usu1712\/2025\/03\/dates-clau-300x225.jpg 300w, https:\/\/agora.xtec.cat\/inslarboc\/wp-content\/uploads\/usu1712\/2025\/03\/dates-clau-768x576.jpg 768w, https:\/\/agora.xtec.cat\/inslarboc\/wp-content\/uploads\/usu1712\/2025\/03\/dates-clau-200x150.jpg 200w\" sizes=\"auto, (max-width: 1024px) 100vw, 1024px\" \/><\/a><\/p>\n","protected":false},"excerpt":{"rendered":"<p>Disposeu en el portal Tria educativa de tota la informaci\u00f3 referent a la preinscripci\u00f3 als Cicles Formatius de Grau Superior per al proper curs 2025-2026. Des de la coordinaci\u00f3 de batxillerat hem preparat&hellip;  <a href=\"https:\/\/agora.xtec.cat\/inslarboc\/cicles-formatius\/preinscripcio-i-matricula-a-cicles-formatius-de-grau-superior-cfgs-curs-2025-2026\/\" title=\"Read Preinscripci\u00f3 i matr\u00edcula a Cicles Formatius de Grau Superior (CFGS). Curs 2025-2026\">Llegeix m\u00e9s\u00bb<\/a><\/p>\n","protected":false},"author":1,"featured_media":10028,"comment_status":"closed","ping_status":"closed","sticky":false,"template":"","format":"standard","meta":{"_bbp_topic_count":0,"_bbp_reply_count":0,"_bbp_total_topic_count":0,"_bbp_total_reply_count":0,"_bbp_voice_count":0,"_bbp_anonymous_reply_count":0,"_bbp_topic_count_hidden":0,"_bbp_reply_count_hidden":0,"_bbp_forum_subforum_count":0,"footnotes":""},"categories":[30],"tags":[1012],"class_list":["post-12796","post","type-post","status-publish","format-standard","has-post-thumbnail","hentry","category-cicles-formatius","tag-preinscripcio-i-matricula-a-cicles-formatius-de-grau-superior-cfgs"],"post_mailing_queue_ids":[],"_links":{"self":[{"href":"https:\/\/agora.xtec.cat\/inslarboc\/wp-json\/wp\/v2\/posts\/12796","targetHints":{"allow":["GET"]}}],"collection":[{"href":"https:\/\/agora.xtec.cat\/inslarboc\/wp-json\/wp\/v2\/posts"}],"about":[{"href":"https:\/\/agora.xtec.cat\/inslarboc\/wp-json\/wp\/v2\/types\/post"}],"author":[{"embeddable":true,"href":"https:\/\/agora.xtec.cat\/inslarboc\/wp-json\/wp\/v2\/users\/1"}],"replies":[{"embeddable":true,"href":"https:\/\/agora.xtec.cat\/inslarboc\/wp-json\/wp\/v2\/comments?post=12796"}],"version-history":[{"count":6,"href":"https:\/\/agora.xtec.cat\/inslarboc\/wp-json\/wp\/v2\/posts\/12796\/revisions"}],"predecessor-version":[{"id":12816,"href":"https:\/\/agora.xtec.cat\/inslarboc\/wp-json\/wp\/v2\/posts\/12796\/revisions\/12816"}],"wp:featuredmedia":[{"embeddable":true,"href":"https:\/\/agora.xtec.cat\/inslarboc\/wp-json\/wp\/v2\/media\/10028"}],"wp:attachment":[{"href":"https:\/\/agora.xtec.cat\/inslarboc\/wp-json\/wp\/v2\/media?parent=12796"}],"wp:term":[{"taxonomy":"category","embeddable":true,"href":"https:\/\/agora.xtec.cat\/inslarboc\/wp-json\/wp\/v2\/categories?post=12796"},{"taxonomy":"post_tag","embeddable":true,"href":"https:\/\/agora.xtec.cat\/inslarboc\/wp-json\/wp\/v2\/tags?post=12796"}],"curies":[{"name":"wp","href":"https:\/\/api.w.org\/{rel}","templated":true}]}}