{"id":12308,"date":"2024-12-10T12:07:23","date_gmt":"2024-12-10T11:07:23","guid":{"rendered":"https:\/\/agora.xtec.cat\/inslarboc\/?p=12308"},"modified":"2025-06-10T11:15:01","modified_gmt":"2025-06-10T09:15:01","slug":"creativitat-i-tecnologia-a-loptativa-de-robotica-de-2n-deso","status":"publish","type":"post","link":"https:\/\/agora.xtec.cat\/inslarboc\/eso\/creativitat-i-tecnologia-a-loptativa-de-robotica-de-2n-deso\/","title":{"rendered":"Creativitat i tecnologia a l&#8217;optativa de Rob\u00f2tica de 2n d&#8217;ESO"},"content":{"rendered":"<p style=\"text-align: justify;\">L\u2019alumnat de l\u2019optativa de Rob\u00f2tica de 2n d\u2019ESO ha finalitzat un trimestre ple d\u2019aprenentatges i creativitat amb els MBot2, uns robots programables que han estat el punt de partida per a projectes originals i innovadors. L\u2019alumnat ha apr\u00e8s a comunicar-se amb aquests robots, enviant instruccions i utilitzant els seus sensors per dissenyar interaccions \u00faniques entre m\u00e0quines.<\/p>\n<p style=\"text-align: center;\"><a href=\"https:\/\/drive.google.com\/file\/d\/1ig2SWw2Mazl7SFc2giE2s5SkxnNZj44Z\/view?usp=sharing\" target=\"_blank\" rel=\"noopener\"><img loading=\"lazy\" decoding=\"async\" class=\"aligncenter wp-image-12318 size-medium\" src=\"https:\/\/agora.xtec.cat\/inslarboc\/wp-content\/uploads\/usu1712\/2024\/12\/Vid_1_Imatge-300x169.jpg\" alt=\"\" width=\"300\" height=\"169\" srcset=\"https:\/\/agora.xtec.cat\/inslarboc\/wp-content\/uploads\/usu1712\/2024\/12\/Vid_1_Imatge-300x169.jpg 300w, https:\/\/agora.xtec.cat\/inslarboc\/wp-content\/uploads\/usu1712\/2024\/12\/Vid_1_Imatge.jpg 400w\" sizes=\"auto, (max-width: 300px) 100vw, 300px\" \/><\/a><\/p>\n<p style=\"text-align: justify;\">El repte final de l\u2019assignatura ha consistit a treballar en parelles per contextualitzar dues m\u00e0quines que interactuaven entre si, creant hist\u00f2ries diverses. Els resultats han estat ben originals: des de persecucions policials i recerca d\u2019animals perduts, fins a robots que seguien l\u00ednies de colors, remolcaven vehicles o gestionaven entrades i sortides d\u2019un p\u00e0rquing.<\/p>\n<p style=\"text-align: center;\"><a href=\"https:\/\/drive.google.com\/file\/d\/1D7n5PbNDVuL2Us8NXtrRhTG4G-mbQjsB\/view?usp=sharing\" target=\"_blank\" rel=\"noopener\"><img loading=\"lazy\" decoding=\"async\" class=\"aligncenter size-medium wp-image-12317\" src=\"https:\/\/agora.xtec.cat\/inslarboc\/wp-content\/uploads\/usu1712\/2024\/12\/Vid_2_Imatge-300x207.jpg\" alt=\"\" width=\"300\" height=\"207\" srcset=\"https:\/\/agora.xtec.cat\/inslarboc\/wp-content\/uploads\/usu1712\/2024\/12\/Vid_2_Imatge-300x207.jpg 300w, https:\/\/agora.xtec.cat\/inslarboc\/wp-content\/uploads\/usu1712\/2024\/12\/Vid_2_Imatge.jpg 400w\" sizes=\"auto, (max-width: 300px) 100vw, 300px\" \/><\/a><\/p>\n<p style=\"text-align: justify;\">Els projectes han posat en pr\u00e0ctica els coneixements adquirits durant el trimestre, fent \u00fas de sensors com el de llum, ultrasons i detecci\u00f3 de l\u00ednies per donar vida als robots i recrear situacions realistes. Aquesta experi\u00e8ncia ha perm\u00e8s al grup treballar la creativitat, la col\u00b7laboraci\u00f3 i la resoluci\u00f3 de problemes, alhora que descobrien el potencial de la rob\u00f2tica.<\/p>\n<p style=\"text-align: center;\"><a href=\"https:\/\/drive.google.com\/file\/d\/1VUvz9WgBpNakDtFnlEZcXX6QyZzT2ll4\/view?usp=sharing\" target=\"_blank\" rel=\"noopener\"><img loading=\"lazy\" decoding=\"async\" class=\"aligncenter size-medium wp-image-12316\" src=\"https:\/\/agora.xtec.cat\/inslarboc\/wp-content\/uploads\/usu1712\/2024\/12\/Vid_3_Imatge-300x173.jpg\" alt=\"\" width=\"300\" height=\"173\" srcset=\"https:\/\/agora.xtec.cat\/inslarboc\/wp-content\/uploads\/usu1712\/2024\/12\/Vid_3_Imatge-300x173.jpg 300w, https:\/\/agora.xtec.cat\/inslarboc\/wp-content\/uploads\/usu1712\/2024\/12\/Vid_3_Imatge.jpg 400w\" sizes=\"auto, (max-width: 300px) 100vw, 300px\" \/><\/a><\/p>\n<p style=\"text-align: justify;\">L\u2019optativa de Rob\u00f2tica \u00e9s un espai on tecnologia i imaginaci\u00f3 es combinen, oferint a l\u2019alumnat l\u2019oportunitat d\u2019explorar el m\u00f3n de la programaci\u00f3 amb projectes que inspiren i potencien l\u2019enginy. Una experi\u00e8ncia educativa que prepara l\u2019alumnat per als reptes tecnol\u00f2gics del futur!<\/p>\n<p style=\"text-align: center;\"><a href=\"https:\/\/agora.xtec.cat\/inslarboc\/wp-content\/uploads\/usu1712\/2024\/12\/1-1.jpg\"><img loading=\"lazy\" decoding=\"async\" class=\"aligncenter wp-image-12315 size-full\" src=\"https:\/\/agora.xtec.cat\/inslarboc\/wp-content\/uploads\/usu1712\/2024\/12\/1-1.jpg\" alt=\"\" width=\"400\" height=\"681\" srcset=\"https:\/\/agora.xtec.cat\/inslarboc\/wp-content\/uploads\/usu1712\/2024\/12\/1-1.jpg 400w, https:\/\/agora.xtec.cat\/inslarboc\/wp-content\/uploads\/usu1712\/2024\/12\/1-1-176x300.jpg 176w\" sizes=\"auto, (max-width: 400px) 100vw, 400px\" \/><\/a><\/p>\n<p style=\"text-align: center;\"><a href=\"https:\/\/agora.xtec.cat\/inslarboc\/wp-content\/uploads\/usu1712\/2024\/12\/2-1.jpg\"><img loading=\"lazy\" decoding=\"async\" class=\"aligncenter wp-image-12314 size-full\" src=\"https:\/\/agora.xtec.cat\/inslarboc\/wp-content\/uploads\/usu1712\/2024\/12\/2-1.jpg\" alt=\"\" width=\"400\" height=\"629\" srcset=\"https:\/\/agora.xtec.cat\/inslarboc\/wp-content\/uploads\/usu1712\/2024\/12\/2-1.jpg 400w, https:\/\/agora.xtec.cat\/inslarboc\/wp-content\/uploads\/usu1712\/2024\/12\/2-1-191x300.jpg 191w\" sizes=\"auto, (max-width: 400px) 100vw, 400px\" \/><\/a><\/p>\n<p style=\"text-align: center;\"><a href=\"https:\/\/agora.xtec.cat\/inslarboc\/wp-content\/uploads\/usu1712\/2024\/12\/3-1.jpg\"><img loading=\"lazy\" decoding=\"async\" class=\"aligncenter wp-image-12313 size-full\" src=\"https:\/\/agora.xtec.cat\/inslarboc\/wp-content\/uploads\/usu1712\/2024\/12\/3-1.jpg\" alt=\"\" width=\"400\" height=\"180\" srcset=\"https:\/\/agora.xtec.cat\/inslarboc\/wp-content\/uploads\/usu1712\/2024\/12\/3-1.jpg 400w, https:\/\/agora.xtec.cat\/inslarboc\/wp-content\/uploads\/usu1712\/2024\/12\/3-1-300x135.jpg 300w\" sizes=\"auto, (max-width: 400px) 100vw, 400px\" \/><\/a><\/p>\n<p style=\"text-align: center;\"><a href=\"https:\/\/agora.xtec.cat\/inslarboc\/wp-content\/uploads\/usu1712\/2024\/12\/4-1.jpg\"><img loading=\"lazy\" decoding=\"async\" class=\"aligncenter wp-image-12312 size-full\" src=\"https:\/\/agora.xtec.cat\/inslarboc\/wp-content\/uploads\/usu1712\/2024\/12\/4-1.jpg\" alt=\"\" width=\"400\" height=\"181\" srcset=\"https:\/\/agora.xtec.cat\/inslarboc\/wp-content\/uploads\/usu1712\/2024\/12\/4-1.jpg 400w, https:\/\/agora.xtec.cat\/inslarboc\/wp-content\/uploads\/usu1712\/2024\/12\/4-1-300x136.jpg 300w\" sizes=\"auto, (max-width: 400px) 100vw, 400px\" \/><\/a><\/p>\n<p style=\"text-align: center;\"><a href=\"https:\/\/agora.xtec.cat\/inslarboc\/wp-content\/uploads\/usu1712\/2024\/12\/5.jpg\"><img loading=\"lazy\" decoding=\"async\" class=\"aligncenter wp-image-12311 size-full\" src=\"https:\/\/agora.xtec.cat\/inslarboc\/wp-content\/uploads\/usu1712\/2024\/12\/5.jpg\" alt=\"\" width=\"400\" height=\"189\" srcset=\"https:\/\/agora.xtec.cat\/inslarboc\/wp-content\/uploads\/usu1712\/2024\/12\/5.jpg 400w, https:\/\/agora.xtec.cat\/inslarboc\/wp-content\/uploads\/usu1712\/2024\/12\/5-300x142.jpg 300w\" sizes=\"auto, (max-width: 400px) 100vw, 400px\" \/><\/a><\/p>\n<p style=\"text-align: center;\"><a href=\"https:\/\/agora.xtec.cat\/inslarboc\/wp-content\/uploads\/usu1712\/2024\/12\/6.jpg\"><img loading=\"lazy\" decoding=\"async\" class=\"aligncenter wp-image-12310 size-full\" src=\"https:\/\/agora.xtec.cat\/inslarboc\/wp-content\/uploads\/usu1712\/2024\/12\/6.jpg\" alt=\"\" width=\"400\" height=\"163\" srcset=\"https:\/\/agora.xtec.cat\/inslarboc\/wp-content\/uploads\/usu1712\/2024\/12\/6.jpg 400w, https:\/\/agora.xtec.cat\/inslarboc\/wp-content\/uploads\/usu1712\/2024\/12\/6-300x122.jpg 300w\" sizes=\"auto, (max-width: 400px) 100vw, 400px\" \/><\/a><\/p>\n<p>&nbsp;<\/p>\n<p>&nbsp;<\/p>\n<p>&nbsp;<\/p>\n","protected":false},"excerpt":{"rendered":"<p>L\u2019alumnat de l\u2019optativa de Rob\u00f2tica de 2n d\u2019ESO ha finalitzat un trimestre ple d\u2019aprenentatges i creativitat amb els MBot2, uns robots programables que han estat el punt de partida per a projectes originals i innovadors&hellip;  <a href=\"https:\/\/agora.xtec.cat\/inslarboc\/eso\/creativitat-i-tecnologia-a-loptativa-de-robotica-de-2n-deso\/\" title=\"Read Creativitat i tecnologia a l&#8217;optativa de Rob\u00f2tica de 2n d&#8217;ESO\">Llegeix m\u00e9s\u00bb<\/a><\/p>\n","protected":false},"author":1,"featured_media":12316,"comment_status":"closed","ping_status":"closed","sticky":false,"template":"","format":"standard","meta":{"_bbp_topic_count":0,"_bbp_reply_count":0,"_bbp_total_topic_count":0,"_bbp_total_reply_count":0,"_bbp_voice_count":0,"_bbp_anonymous_reply_count":0,"_bbp_topic_count_hidden":0,"_bbp_reply_count_hidden":0,"_bbp_forum_subforum_count":0,"footnotes":""},"categories":[3,5,214],"tags":[983],"class_list":["post-12308","post","type-post","status-publish","format-standard","has-post-thumbnail","hentry","category-eso","category-eso-2","category-projectes","tag-creativitat-i-tecnologia-a-loptativa-de-robotica-de-2n-deso"],"post_mailing_queue_ids":[],"_links":{"self":[{"href":"https:\/\/agora.xtec.cat\/inslarboc\/wp-json\/wp\/v2\/posts\/12308","targetHints":{"allow":["GET"]}}],"collection":[{"href":"https:\/\/agora.xtec.cat\/inslarboc\/wp-json\/wp\/v2\/posts"}],"about":[{"href":"https:\/\/agora.xtec.cat\/inslarboc\/wp-json\/wp\/v2\/types\/post"}],"author":[{"embeddable":true,"href":"https:\/\/agora.xtec.cat\/inslarboc\/wp-json\/wp\/v2\/users\/1"}],"replies":[{"embeddable":true,"href":"https:\/\/agora.xtec.cat\/inslarboc\/wp-json\/wp\/v2\/comments?post=12308"}],"version-history":[{"count":4,"href":"https:\/\/agora.xtec.cat\/inslarboc\/wp-json\/wp\/v2\/posts\/12308\/revisions"}],"predecessor-version":[{"id":12321,"href":"https:\/\/agora.xtec.cat\/inslarboc\/wp-json\/wp\/v2\/posts\/12308\/revisions\/12321"}],"wp:featuredmedia":[{"embeddable":true,"href":"https:\/\/agora.xtec.cat\/inslarboc\/wp-json\/wp\/v2\/media\/12316"}],"wp:attachment":[{"href":"https:\/\/agora.xtec.cat\/inslarboc\/wp-json\/wp\/v2\/media?parent=12308"}],"wp:term":[{"taxonomy":"category","embeddable":true,"href":"https:\/\/agora.xtec.cat\/inslarboc\/wp-json\/wp\/v2\/categories?post=12308"},{"taxonomy":"post_tag","embeddable":true,"href":"https:\/\/agora.xtec.cat\/inslarboc\/wp-json\/wp\/v2\/tags?post=12308"}],"curies":[{"name":"wp","href":"https:\/\/api.w.org\/{rel}","templated":true}]}}