{"id":19310,"date":"2025-10-06T14:03:13","date_gmt":"2025-10-06T12:03:13","guid":{"rendered":"https:\/\/agora.xtec.cat\/inslaplana\/?p=19310"},"modified":"2025-10-09T17:01:46","modified_gmt":"2025-10-09T15:01:46","slug":"reunio-4t-deso-erasmus-de-llarga-durada","status":"publish","type":"post","link":"https:\/\/agora.xtec.cat\/inslaplana\/general\/reunio-4t-deso-erasmus-de-llarga-durada\/","title":{"rendered":"Reuni\u00f3 4t d&#8217;ESO. Erasmus de llarga durada."},"content":{"rendered":"<h6><strong>REUNI\u00d3 ERASMUS DE LLARGA DURADA. 4t d&#8217;ESO.<\/strong><\/h6>\n<p>Les fam\u00edlies interessades en participar a l&#8217;Erasmus de llarga durada estan convocades a una reuni\u00f3 telem\u00e0tica:<\/p>\n<p><a href=\"https:\/\/agora.xtec.cat\/inslaplana\/wp-content\/uploads\/usu1618\/2025\/10\/ERASMUS-RUTIGLIANO-FOTO.jpg\"><img loading=\"lazy\" decoding=\"async\" class=\" wp-image-19315 alignleft\" src=\"https:\/\/agora.xtec.cat\/inslaplana\/wp-content\/uploads\/usu1618\/2025\/10\/ERASMUS-RUTIGLIANO-FOTO-300x167.jpg\" alt=\"\" width=\"248\" height=\"138\" srcset=\"https:\/\/agora.xtec.cat\/inslaplana\/wp-content\/uploads\/usu1618\/2025\/10\/ERASMUS-RUTIGLIANO-FOTO-300x167.jpg 300w, https:\/\/agora.xtec.cat\/inslaplana\/wp-content\/uploads\/usu1618\/2025\/10\/ERASMUS-RUTIGLIANO-FOTO-1024x570.jpg 1024w, https:\/\/agora.xtec.cat\/inslaplana\/wp-content\/uploads\/usu1618\/2025\/10\/ERASMUS-RUTIGLIANO-FOTO-768x428.jpg 768w, https:\/\/agora.xtec.cat\/inslaplana\/wp-content\/uploads\/usu1618\/2025\/10\/ERASMUS-RUTIGLIANO-FOTO.jpg 1510w\" sizes=\"auto, (max-width: 248px) 100vw, 248px\" \/><\/a><\/p>\n<ul>\n<li>Dimecres 8 d&#8217;octubre a les 19 hores, a la biblioteca de l&#8217;institut.<\/li>\n<li>Informaci\u00f3 en la seg\u00fcent presentaci\u00f3<a href=\"https:\/\/agora.xtec.cat\/inslaplana\/wp-content\/uploads\/usu1618\/2025\/10\/Erasmus-Llarga-durada-1.pdf\" target=\"_blank\" rel=\"noopener\"> AQU\u00cd<\/a><\/li>\n<li>Criteris de selecci\u00f3: <a href=\"https:\/\/agora.xtec.cat\/inslaplana\/wp-content\/uploads\/usu1618\/2025\/10\/Criteris-seleccio-Erasmus-Mobilitat-llarga-durada.docx.pdf\" target=\"_blank\" rel=\"noopener\">AQU\u00cd<\/a><\/li>\n<\/ul>\n","protected":false},"excerpt":{"rendered":"<p>REUNI\u00d3 ERASMUS DE LLARGA DURADA. 4t d&#8217;ESO. Les fam\u00edlies interessades en participar a l&#8217;Erasmus de llarga durada estan convocades a una reuni\u00f3 telem\u00e0tica: Dimecres 8 d&#8217;octubre a les 19 hores, a la biblioteca de l&#8217;institut. Informaci\u00f3 en la seg\u00fcent presentaci\u00f3 AQU\u00cd Criteris de selecci\u00f3: AQU\u00cd<\/p>\n","protected":false},"author":1,"featured_media":0,"comment_status":"open","ping_status":"open","sticky":false,"template":"","format":"standard","meta":{"_bbp_topic_count":0,"_bbp_reply_count":0,"_bbp_total_topic_count":0,"_bbp_total_reply_count":0,"_bbp_voice_count":0,"_bbp_anonymous_reply_count":0,"_bbp_topic_count_hidden":0,"_bbp_reply_count_hidden":0,"_bbp_forum_subforum_count":0,"site-sidebar-layout":"default","site-content-layout":"","ast-site-content-layout":"","site-content-style":"default","site-sidebar-style":"default","ast-global-header-display":"","ast-banner-title-visibility":"","ast-main-header-display":"","ast-hfb-above-header-display":"","ast-hfb-below-header-display":"","ast-hfb-mobile-header-display":"","site-post-title":"","ast-breadcrumbs-content":"","ast-featured-img":"","footer-sml-layout":"","theme-transparent-header-meta":"","adv-header-id-meta":"","stick-header-meta":"","header-above-stick-meta":"","header-main-stick-meta":"","header-below-stick-meta":"","astra-migrate-meta-layouts":"default","ast-page-background-enabled":"default","ast-page-background-meta":{"desktop":{"background-color":"var(--ast-global-color-4)","background-image":"","background-repeat":"repeat","background-position":"center center","background-size":"auto","background-attachment":"scroll","background-type":"","background-media":"","overlay-type":"","overlay-color":"","overlay-opacity":"","overlay-gradient":""},"tablet":{"background-color":"","background-image":"","background-repeat":"repeat","background-position":"center center","background-size":"auto","background-attachment":"scroll","background-type":"","background-media":"","overlay-type":"","overlay-color":"","overlay-opacity":"","overlay-gradient":""},"mobile":{"background-color":"","background-image":"","background-repeat":"repeat","background-position":"center center","background-size":"auto","background-attachment":"scroll","background-type":"","background-media":"","overlay-type":"","overlay-color":"","overlay-opacity":"","overlay-gradient":""}},"ast-content-background-meta":{"desktop":{"background-color":"var(--ast-global-color-5)","background-image":"","background-repeat":"repeat","background-position":"center center","background-size":"auto","background-attachment":"scroll","background-type":"","background-media":"","overlay-type":"","overlay-color":"","overlay-opacity":"","overlay-gradient":""},"tablet":{"background-color":"var(--ast-global-color-5)","background-image":"","background-repeat":"repeat","background-position":"center center","background-size":"auto","background-attachment":"scroll","background-type":"","background-media":"","overlay-type":"","overlay-color":"","overlay-opacity":"","overlay-gradient":""},"mobile":{"background-color":"var(--ast-global-color-5)","background-image":"","background-repeat":"repeat","background-position":"center center","background-size":"auto","background-attachment":"scroll","background-type":"","background-media":"","overlay-type":"","overlay-color":"","overlay-opacity":"","overlay-gradient":""}},"footnotes":""},"categories":[1,288,287,29],"tags":[],"class_list":["post-19310","post","type-post","status-publish","format-standard","hentry","category-general","category-long-term-erasmus","category-mobilitats-erasmus-llarga-durada","category-portada"],"post_mailing_queue_ids":[],"_links":{"self":[{"href":"https:\/\/agora.xtec.cat\/inslaplana\/wp-json\/wp\/v2\/posts\/19310","targetHints":{"allow":["GET"]}}],"collection":[{"href":"https:\/\/agora.xtec.cat\/inslaplana\/wp-json\/wp\/v2\/posts"}],"about":[{"href":"https:\/\/agora.xtec.cat\/inslaplana\/wp-json\/wp\/v2\/types\/post"}],"author":[{"embeddable":true,"href":"https:\/\/agora.xtec.cat\/inslaplana\/wp-json\/wp\/v2\/users\/1"}],"replies":[{"embeddable":true,"href":"https:\/\/agora.xtec.cat\/inslaplana\/wp-json\/wp\/v2\/comments?post=19310"}],"version-history":[{"count":5,"href":"https:\/\/agora.xtec.cat\/inslaplana\/wp-json\/wp\/v2\/posts\/19310\/revisions"}],"predecessor-version":[{"id":19318,"href":"https:\/\/agora.xtec.cat\/inslaplana\/wp-json\/wp\/v2\/posts\/19310\/revisions\/19318"}],"wp:attachment":[{"href":"https:\/\/agora.xtec.cat\/inslaplana\/wp-json\/wp\/v2\/media?parent=19310"}],"wp:term":[{"taxonomy":"category","embeddable":true,"href":"https:\/\/agora.xtec.cat\/inslaplana\/wp-json\/wp\/v2\/categories?post=19310"},{"taxonomy":"post_tag","embeddable":true,"href":"https:\/\/agora.xtec.cat\/inslaplana\/wp-json\/wp\/v2\/tags?post=19310"}],"curies":[{"name":"wp","href":"https:\/\/api.w.org\/{rel}","templated":true}]}}