{"id":297,"count":0,"description":"Els resultats de les diferents proves d'avaluaci\u00f3 que s'han dut a terme a Catalunya \u2014compet\u00e8ncies b\u00e0siques de 6\u00e8 de prim\u00e0ria i de 4t d'ESO, i proves internacionals PISA\u2014 mostren un descens significatiu, especialment en el rendiment en compet\u00e8ncia matem\u00e0tica de l'alumnat. A partir d'aquesta informaci\u00f3, es dissenya un pla d'intervenci\u00f3 al centre.\r\n","link":"https:\/\/agora.xtec.cat\/inslaplana\/categoria\/florence\/","name":"Florence","slug":"florence","taxonomy":"category","parent":0,"meta":[],"_links":{"self":[{"href":"https:\/\/agora.xtec.cat\/inslaplana\/wp-json\/wp\/v2\/categories\/297","targetHints":{"allow":["GET"]}}],"collection":[{"href":"https:\/\/agora.xtec.cat\/inslaplana\/wp-json\/wp\/v2\/categories"}],"about":[{"href":"https:\/\/agora.xtec.cat\/inslaplana\/wp-json\/wp\/v2\/taxonomies\/category"}],"wp:post_type":[{"href":"https:\/\/agora.xtec.cat\/inslaplana\/wp-json\/wp\/v2\/posts?categories=297"}],"curies":[{"name":"wp","href":"https:\/\/api.w.org\/{rel}","templated":true}]}}