{"id":296,"count":0,"description":"El Programa d'Enfocament Restauratiu Global (ERG) \u00e9s fruit d'una col\u00b7laboraci\u00f3 entre diferents agents de l'\u00e0mbit educatiu catal\u00e0 amb l'objectiu de fer avan\u00e7ar el projecte de conviv\u00e8ncia positiva dins i fora dels centres educatius catalans. El programa ha estat dissenyat i promogut com una metodologia capa\u00e7 de donar una resposta educativa, inclusiva i positiva a les necessitats actuals i reals dels centres escolars.","link":"https:\/\/agora.xtec.cat\/inslaplana\/categoria\/programa-denfocament-restauratiu-global\/","name":"ERG","slug":"programa-denfocament-restauratiu-global","taxonomy":"category","parent":0,"meta":[],"_links":{"self":[{"href":"https:\/\/agora.xtec.cat\/inslaplana\/wp-json\/wp\/v2\/categories\/296","targetHints":{"allow":["GET"]}}],"collection":[{"href":"https:\/\/agora.xtec.cat\/inslaplana\/wp-json\/wp\/v2\/categories"}],"about":[{"href":"https:\/\/agora.xtec.cat\/inslaplana\/wp-json\/wp\/v2\/taxonomies\/category"}],"wp:post_type":[{"href":"https:\/\/agora.xtec.cat\/inslaplana\/wp-json\/wp\/v2\/posts?categories=296"}],"curies":[{"name":"wp","href":"https:\/\/api.w.org\/{rel}","templated":true}]}}