{"id":8153,"date":"2019-11-28T10:33:11","date_gmt":"2019-11-28T09:33:11","guid":{"rendered":"http:\/\/agora.xtec.cat\/inslacetania\/?p=8153"},"modified":"2019-11-28T10:38:00","modified_gmt":"2019-11-28T09:38:00","slug":"no-ens-tallareu-les-ales","status":"publish","type":"post","link":"https:\/\/agora.xtec.cat\/inslacetania\/portada\/no-ens-tallareu-les-ales\/","title":{"rendered":"NO ENS TALLAREU LES ALES"},"content":{"rendered":"<p><span style=\"color: #000000\">Amb motiu del Dia en Contra la Viol\u00e8ncia de G\u00e8nere, l&#8217;alumnat de 3r i 4t d&#8217;ESO de les optatives de pintura mural i d&#8217;escenografia, de Visual i Pl\u00e0stica amb la professora Montse Rosell han realitzat aquesta acci\u00f3 art\u00edstica sota el lema &#8220;NO ENS TALLAREU LES ALES&#8221; per tal de denunciar i sensibilitzar\u00a0 la societat davant\u00a0 de les viol\u00e8ncies f\u00edsiques, ps\u00edquiques i discriminacions per raons de g\u00e8nere o\u00a0 orientaci\u00f3 sexual. TOTS I TOTES DIEM PROU!<\/span><\/p>\n<div><span style=\"color: #000000;font-family: Open Sans, Helvetica, Arial, sans-serif\">Ben aviat podreu veure les &#8220;ales&#8221; exposades a l&#8217;institut. Gr\u00e0cies a tots i totes per la vostra col\u00b7laboraci\u00f3<\/span><b style=\"color: #000000;font-family: 'Open Sans', Helvetica, Arial, sans-serif\">!<\/b><\/div>\n<div><\/div>\n<div><\/div>\n<div>Aqu\u00ed teniu unes <a href=\"https:\/\/photos.app.goo.gl\/46SZeuT1eGuwuMfr9\" target=\"_blank\" rel=\"noopener noreferrer\">imatges<\/a> dels nostres alumnes.<\/div>\n<div><\/div>\n<div><\/div>\n<div><img loading=\"lazy\" decoding=\"async\" class=\"aligncenter size-medium wp-image-8157\" src=\"https:\/\/agora.xtec.cat\/inslacetania\/wp-content\/uploads\/usu1045\/2019\/11\/DSC7503titol-300x210.jpg\" alt=\"\" width=\"300\" height=\"210\" srcset=\"https:\/\/agora.xtec.cat\/inslacetania\/wp-content\/uploads\/usu1045\/2019\/11\/DSC7503titol-300x210.jpg 300w, https:\/\/agora.xtec.cat\/inslacetania\/wp-content\/uploads\/usu1045\/2019\/11\/DSC7503titol.jpg 700w\" sizes=\"auto, (max-width: 300px) 100vw, 300px\" \/><\/div>\n<div><\/div>\n","protected":false},"excerpt":{"rendered":"<p>Amb motiu del Dia en Contra la Viol\u00e8ncia de G\u00e8nere, l&#8217;alumnat de 3r i 4t d&#8217;ESO de les optatives de pintura mural i d&#8217;escenografia, de Visual i Pl\u00e0stica amb la professora Montse Rosell han realitzat aquesta acci\u00f3 art\u00edstica sota el lema &#8220;NO ENS TALLAREU LES ALES&#8221; per tal de denunciar i sensibilitzar\u00a0 la societat davant\u00a0 [&hellip;]<\/p>\n","protected":false},"author":16,"featured_media":8175,"comment_status":"closed","ping_status":"closed","sticky":false,"template":"","format":"standard","meta":{"_bbp_topic_count":0,"_bbp_reply_count":0,"_bbp_total_topic_count":0,"_bbp_total_reply_count":0,"_bbp_voice_count":0,"_bbp_anonymous_reply_count":0,"_bbp_topic_count_hidden":0,"_bbp_reply_count_hidden":0,"_bbp_forum_subforum_count":0,"site-sidebar-layout":"default","site-content-layout":"","ast-site-content-layout":"","site-content-style":"default","site-sidebar-style":"default","ast-global-header-display":"","ast-banner-title-visibility":"","ast-main-header-display":"","ast-hfb-above-header-display":"","ast-hfb-below-header-display":"","ast-hfb-mobile-header-display":"","site-post-title":"","ast-breadcrumbs-content":"","ast-featured-img":"","footer-sml-layout":"","theme-transparent-header-meta":"","adv-header-id-meta":"","stick-header-meta":"","header-above-stick-meta":"","header-main-stick-meta":"","header-below-stick-meta":"","astra-migrate-meta-layouts":"default","ast-page-background-enabled":"default","ast-page-background-meta":{"desktop":{"background-color":"var(--ast-global-color-4)","background-image":"","background-repeat":"repeat","background-position":"center center","background-size":"auto","background-attachment":"scroll","background-type":"","background-media":"","overlay-type":"","overlay-color":"","overlay-opacity":"","overlay-gradient":""},"tablet":{"background-color":"","background-image":"","background-repeat":"repeat","background-position":"center center","background-size":"auto","background-attachment":"scroll","background-type":"","background-media":"","overlay-type":"","overlay-color":"","overlay-opacity":"","overlay-gradient":""},"mobile":{"background-color":"","background-image":"","background-repeat":"repeat","background-position":"center center","background-size":"auto","background-attachment":"scroll","background-type":"","background-media":"","overlay-type":"","overlay-color":"","overlay-opacity":"","overlay-gradient":""}},"ast-content-background-meta":{"desktop":{"background-color":"var(--ast-global-color-5)","background-image":"","background-repeat":"repeat","background-position":"center center","background-size":"auto","background-attachment":"scroll","background-type":"","background-media":"","overlay-type":"","overlay-color":"","overlay-opacity":"","overlay-gradient":""},"tablet":{"background-color":"var(--ast-global-color-5)","background-image":"","background-repeat":"repeat","background-position":"center center","background-size":"auto","background-attachment":"scroll","background-type":"","background-media":"","overlay-type":"","overlay-color":"","overlay-opacity":"","overlay-gradient":""},"mobile":{"background-color":"var(--ast-global-color-5)","background-image":"","background-repeat":"repeat","background-position":"center center","background-size":"auto","background-attachment":"scroll","background-type":"","background-media":"","overlay-type":"","overlay-color":"","overlay-opacity":"","overlay-gradient":""}},"footnotes":""},"categories":[136,29,137],"tags":[293,584],"class_list":["post-8153","post","type-post","status-publish","format-standard","has-post-thumbnail","hentry","category-noticies","category-portada","category-sortides","tag-noalaviolenciadegenere","tag-visualiplastica"],"post_mailing_queue_ids":[],"_links":{"self":[{"href":"https:\/\/agora.xtec.cat\/inslacetania\/wp-json\/wp\/v2\/posts\/8153","targetHints":{"allow":["GET"]}}],"collection":[{"href":"https:\/\/agora.xtec.cat\/inslacetania\/wp-json\/wp\/v2\/posts"}],"about":[{"href":"https:\/\/agora.xtec.cat\/inslacetania\/wp-json\/wp\/v2\/types\/post"}],"author":[{"embeddable":true,"href":"https:\/\/agora.xtec.cat\/inslacetania\/wp-json\/wp\/v2\/users\/16"}],"replies":[{"embeddable":true,"href":"https:\/\/agora.xtec.cat\/inslacetania\/wp-json\/wp\/v2\/comments?post=8153"}],"version-history":[{"count":3,"href":"https:\/\/agora.xtec.cat\/inslacetania\/wp-json\/wp\/v2\/posts\/8153\/revisions"}],"predecessor-version":[{"id":8176,"href":"https:\/\/agora.xtec.cat\/inslacetania\/wp-json\/wp\/v2\/posts\/8153\/revisions\/8176"}],"wp:featuredmedia":[{"embeddable":true,"href":"https:\/\/agora.xtec.cat\/inslacetania\/wp-json\/wp\/v2\/media\/8175"}],"wp:attachment":[{"href":"https:\/\/agora.xtec.cat\/inslacetania\/wp-json\/wp\/v2\/media?parent=8153"}],"wp:term":[{"taxonomy":"category","embeddable":true,"href":"https:\/\/agora.xtec.cat\/inslacetania\/wp-json\/wp\/v2\/categories?post=8153"},{"taxonomy":"post_tag","embeddable":true,"href":"https:\/\/agora.xtec.cat\/inslacetania\/wp-json\/wp\/v2\/tags?post=8153"}],"curies":[{"name":"wp","href":"https:\/\/api.w.org\/{rel}","templated":true}]}}