{"id":7538,"date":"2019-10-01T09:13:58","date_gmt":"2019-10-01T07:13:58","guid":{"rendered":"http:\/\/agora.xtec.cat\/inslacetania\/?p=7538"},"modified":"2019-10-01T09:15:25","modified_gmt":"2019-10-01T07:15:25","slug":"sortides-dels-alumnes-de-batxillerat","status":"publish","type":"post","link":"https:\/\/agora.xtec.cat\/inslacetania\/batxillerat\/sortides-dels-alumnes-de-batxillerat\/","title":{"rendered":"SORTIDES DELS ALUMNES DE BATXILLERAT"},"content":{"rendered":"<p>El curs ja ha comen\u00e7at, i com ja \u00e9s tradici\u00f3 els alumnes de Batxillerat del nostre centre fan les seves sortides l\u00fadiques i culturals de cada any. Per una banda els alumnes de 1r fan una travessa pel Bergued\u00e0 durant 2 dies i els de 2n marxen 4 dies cap a S\u00f2ria, visitant la Laguna Negra, la catedral de Burgos i les ru\u00efnes de Numancia. Tot plegat, unes sortides molt esperades pels alumnes quan arriben a aquesta etapa. Des de l&#8217;institut us desitgem que ho passeu molt b\u00e9.<\/p>\n<p>Us deixem amb algunes <a href=\"https:\/\/photos.app.goo.gl\/RBHUhX1zvfkzNZVZ7\" target=\"_blank\" rel=\"noopener noreferrer\">imatges<\/a> de l&#8217;any passat.<\/p>\n<p><img loading=\"lazy\" decoding=\"async\" class=\"aligncenter size-medium wp-image-7539\" src=\"https:\/\/agora.xtec.cat\/inslacetania\/wp-content\/uploads\/usu1045\/2019\/10\/1r-BATXILLERAT_2017-18-19P-300x225.jpg\" alt=\"\" width=\"300\" height=\"225\" srcset=\"https:\/\/agora.xtec.cat\/inslacetania\/wp-content\/uploads\/usu1045\/2019\/10\/1r-BATXILLERAT_2017-18-19P-300x225.jpg 300w, https:\/\/agora.xtec.cat\/inslacetania\/wp-content\/uploads\/usu1045\/2019\/10\/1r-BATXILLERAT_2017-18-19P-768x576.jpg 768w, https:\/\/agora.xtec.cat\/inslacetania\/wp-content\/uploads\/usu1045\/2019\/10\/1r-BATXILLERAT_2017-18-19P-200x150.jpg 200w, https:\/\/agora.xtec.cat\/inslacetania\/wp-content\/uploads\/usu1045\/2019\/10\/1r-BATXILLERAT_2017-18-19P.jpg 850w\" sizes=\"auto, (max-width: 300px) 100vw, 300px\" \/><\/p>\n","protected":false},"excerpt":{"rendered":"<p>El curs ja ha comen\u00e7at, i com ja \u00e9s tradici\u00f3 els alumnes de Batxillerat del nostre centre fan les seves sortides l\u00fadiques i culturals de cada any. Per una banda els alumnes de 1r fan una travessa pel Bergued\u00e0 durant 2 dies i els de 2n marxen 4 dies cap a S\u00f2ria, visitant la Laguna [&hellip;]<\/p>\n","protected":false},"author":16,"featured_media":7539,"comment_status":"closed","ping_status":"closed","sticky":false,"template":"","format":"standard","meta":{"_bbp_topic_count":0,"_bbp_reply_count":0,"_bbp_total_topic_count":0,"_bbp_total_reply_count":0,"_bbp_voice_count":0,"_bbp_anonymous_reply_count":0,"_bbp_topic_count_hidden":0,"_bbp_reply_count_hidden":0,"_bbp_forum_subforum_count":0,"site-sidebar-layout":"default","site-content-layout":"","ast-site-content-layout":"","site-content-style":"default","site-sidebar-style":"default","ast-global-header-display":"","ast-banner-title-visibility":"","ast-main-header-display":"","ast-hfb-above-header-display":"","ast-hfb-below-header-display":"","ast-hfb-mobile-header-display":"","site-post-title":"","ast-breadcrumbs-content":"","ast-featured-img":"","footer-sml-layout":"","theme-transparent-header-meta":"","adv-header-id-meta":"","stick-header-meta":"","header-above-stick-meta":"","header-main-stick-meta":"","header-below-stick-meta":"","astra-migrate-meta-layouts":"default","ast-page-background-enabled":"default","ast-page-background-meta":{"desktop":{"background-color":"var(--ast-global-color-4)","background-image":"","background-repeat":"repeat","background-position":"center center","background-size":"auto","background-attachment":"scroll","background-type":"","background-media":"","overlay-type":"","overlay-color":"","overlay-opacity":"","overlay-gradient":""},"tablet":{"background-color":"","background-image":"","background-repeat":"repeat","background-position":"center center","background-size":"auto","background-attachment":"scroll","background-type":"","background-media":"","overlay-type":"","overlay-color":"","overlay-opacity":"","overlay-gradient":""},"mobile":{"background-color":"","background-image":"","background-repeat":"repeat","background-position":"center center","background-size":"auto","background-attachment":"scroll","background-type":"","background-media":"","overlay-type":"","overlay-color":"","overlay-opacity":"","overlay-gradient":""}},"ast-content-background-meta":{"desktop":{"background-color":"var(--ast-global-color-5)","background-image":"","background-repeat":"repeat","background-position":"center center","background-size":"auto","background-attachment":"scroll","background-type":"","background-media":"","overlay-type":"","overlay-color":"","overlay-opacity":"","overlay-gradient":""},"tablet":{"background-color":"var(--ast-global-color-5)","background-image":"","background-repeat":"repeat","background-position":"center center","background-size":"auto","background-attachment":"scroll","background-type":"","background-media":"","overlay-type":"","overlay-color":"","overlay-opacity":"","overlay-gradient":""},"mobile":{"background-color":"var(--ast-global-color-5)","background-image":"","background-repeat":"repeat","background-position":"center center","background-size":"auto","background-attachment":"scroll","background-type":"","background-media":"","overlay-type":"","overlay-color":"","overlay-opacity":"","overlay-gradient":""}},"footnotes":""},"categories":[8,136,29],"tags":[282,339,284,340,283],"class_list":["post-7538","post","type-post","status-publish","format-standard","has-post-thumbnail","hentry","category-batxillerat","category-noticies","category-portada","tag-1batxillerat","tag-2batxillerat","tag-bergueda","tag-soria","tag-travessa"],"post_mailing_queue_ids":[],"_links":{"self":[{"href":"https:\/\/agora.xtec.cat\/inslacetania\/wp-json\/wp\/v2\/posts\/7538","targetHints":{"allow":["GET"]}}],"collection":[{"href":"https:\/\/agora.xtec.cat\/inslacetania\/wp-json\/wp\/v2\/posts"}],"about":[{"href":"https:\/\/agora.xtec.cat\/inslacetania\/wp-json\/wp\/v2\/types\/post"}],"author":[{"embeddable":true,"href":"https:\/\/agora.xtec.cat\/inslacetania\/wp-json\/wp\/v2\/users\/16"}],"replies":[{"embeddable":true,"href":"https:\/\/agora.xtec.cat\/inslacetania\/wp-json\/wp\/v2\/comments?post=7538"}],"version-history":[{"count":2,"href":"https:\/\/agora.xtec.cat\/inslacetania\/wp-json\/wp\/v2\/posts\/7538\/revisions"}],"predecessor-version":[{"id":7541,"href":"https:\/\/agora.xtec.cat\/inslacetania\/wp-json\/wp\/v2\/posts\/7538\/revisions\/7541"}],"wp:featuredmedia":[{"embeddable":true,"href":"https:\/\/agora.xtec.cat\/inslacetania\/wp-json\/wp\/v2\/media\/7539"}],"wp:attachment":[{"href":"https:\/\/agora.xtec.cat\/inslacetania\/wp-json\/wp\/v2\/media?parent=7538"}],"wp:term":[{"taxonomy":"category","embeddable":true,"href":"https:\/\/agora.xtec.cat\/inslacetania\/wp-json\/wp\/v2\/categories?post=7538"},{"taxonomy":"post_tag","embeddable":true,"href":"https:\/\/agora.xtec.cat\/inslacetania\/wp-json\/wp\/v2\/tags?post=7538"}],"curies":[{"name":"wp","href":"https:\/\/api.w.org\/{rel}","templated":true}]}}