{"id":30508,"date":"2026-09-01T07:30:00","date_gmt":"2026-09-01T05:30:00","guid":{"rendered":"https:\/\/agora.xtec.cat\/inslacetania\/?p=30508"},"modified":"2026-08-31T14:05:36","modified_gmt":"2026-08-31T12:05:36","slug":"erasmus-fp-testimonis-de-lexperiencia-erasmus-a-forli","status":"publish","type":"post","link":"https:\/\/agora.xtec.cat\/inslacetania\/general\/erasmus-fp-testimonis-de-lexperiencia-erasmus-a-forli\/","title":{"rendered":"Erasmus+ FP: Testimonis de l\u2019experi\u00e8ncia Erasmus+ a Forl\u00ec"},"content":{"rendered":"\n<p>Encetem un nou curs amb il\u00b7lusi\u00f3, i amb la maduresa que ens proporciona haver viscut una experi\u00e8ncia Erasmus el passat mes de juliol a Forl\u00ec (It\u00e0lia); on 11 alumnes de Grau Mitj\u00e0 i 3 de Grau Superior de diferents cicles formatius del centre, van estar fent pr\u00e0ctiques en empreses en el marc del <strong>Programa Erasmus+.<\/strong><\/p>\n\n\n\n<p>Comptem amb els testimonis del Diego i la Yousra, que volen compartir amb vosaltres la seva experi\u00e8ncia.<\/p>\n\n\n\n<p>Aquest curs hi haur\u00e0 nova convocat\u00f2ria. Animeu-vos!<\/p>\n\n\n\n<div class=\"wp-block-columns is-layout-flex wp-container-core-columns-is-layout-1 wp-block-columns-is-layout-flex\">\n<div class=\"wp-block-column is-layout-flow wp-block-column-is-layout-flow\">\n<p><strong>Diego \u00c1lvarez [GS Automoci\u00f3]:<\/strong> <em>\u201cAquest juliol he tingut l&#8217;oportunitat de fer les pr\u00e0ctiques Erasmus+ a It\u00e0lia. Estudio el Cicle Formatiu de Grau Superior d&#8217;Automoci\u00f3 a l&#8217;Institut Lacet\u00e0nia i he estat treballant a l&#8217;empresa Destefani, situada a Forl\u00ec.<\/em><\/p>\n\n\n\n<p><em>Ha estat una experi\u00e8ncia molt positiva. A nivell professional he apr\u00e8s moltes coses noves, he pogut posar en pr\u00e0ctica els coneixements que havia apr\u00e8s a classe i he conegut una manera diferent de treballar en un taller. Aquesta experi\u00e8ncia m&#8217;ha ajudat a guanyar confian\u00e7a i a continuar millorant com a futur professional del sector de l&#8217;automoci\u00f3.<\/em><\/p>\n\n\n\n<p><em>A nivell personal tamb\u00e9 ha estat una experi\u00e8ncia molt bona. Viure durant unes setmanes en un altre pa\u00eds m&#8217;ha fet ser m\u00e9s independent, espavilar-me m\u00e9s en el dia a dia i sortir de la meva zona de confort. Tamb\u00e9 m&#8217;ha agradat descobrir una mica m\u00e9s del m\u00f3n, con\u00e8ixer una altra cultura i gaudir de la tranquil\u00b7litat d&#8217;estar pel meu compte.<\/em><\/p>\n\n\n\n<p><em>En general, he marxat molt content amb aquesta experi\u00e8ncia. M\u2019he emportat nous coneixements, bons records i una experi\u00e8ncia que m&#8217;ha ajudat a cr\u00e9ixer tant professionalment com personalment. Sens dubte, recomanaria a qualsevol estudiant que aprofit\u00e9s una oportunitat com aquesta.<\/em><\/p>\n<\/div>\n\n\n\n<div class=\"wp-block-column is-layout-flow wp-block-column-is-layout-flow\">\n<figure class=\"wp-block-image size-large\"><a href=\"https:\/\/agora.xtec.cat\/inslacetania\/wp-content\/uploads\/usu1045\/2026\/08\/WhatsApp-Image-2026-08-06-at-00.32.17-2.jpeg\"><img loading=\"lazy\" decoding=\"async\" width=\"768\" height=\"1024\" src=\"https:\/\/agora.xtec.cat\/inslacetania\/wp-content\/uploads\/usu1045\/2026\/08\/WhatsApp-Image-2026-08-06-at-00.32.17-2-768x1024.jpeg\" alt=\"\" class=\"wp-image-30512\" srcset=\"https:\/\/agora.xtec.cat\/inslacetania\/wp-content\/uploads\/usu1045\/2026\/08\/WhatsApp-Image-2026-08-06-at-00.32.17-2-768x1024.jpeg 768w, https:\/\/agora.xtec.cat\/inslacetania\/wp-content\/uploads\/usu1045\/2026\/08\/WhatsApp-Image-2026-08-06-at-00.32.17-2-225x300.jpeg 225w, https:\/\/agora.xtec.cat\/inslacetania\/wp-content\/uploads\/usu1045\/2026\/08\/WhatsApp-Image-2026-08-06-at-00.32.17-2-1152x1536.jpeg 1152w, https:\/\/agora.xtec.cat\/inslacetania\/wp-content\/uploads\/usu1045\/2026\/08\/WhatsApp-Image-2026-08-06-at-00.32.17-2.jpeg 1200w\" sizes=\"auto, (max-width: 768px) 100vw, 768px\" \/><\/a><\/figure>\n<\/div>\n<\/div>\n\n\n\n<div class=\"wp-block-columns is-layout-flex wp-container-core-columns-is-layout-2 wp-block-columns-is-layout-flex\">\n<div class=\"wp-block-column is-layout-flow wp-block-column-is-layout-flow\" style=\"flex-basis:66.66%\">\n<p><strong>Yousria Attia [GM Gesti\u00f3 administrativa]:<\/strong> <em>\u201cA nivell personal, aquesta experi\u00e8ncia ha estat encara m\u00e9s enriquidora. He conegut persones noves, tant companys com gent del pa\u00eds, i he pogut conviure amb persones de diferents \u00a0cultures. Tot i que la conviv\u00e8ncia no sempre ha estat f\u00e0cil, tamb\u00e9 m&#8217;ha ajudat a aprendre a adaptar-me, a respectar diferents maneres de pensar i a gestionar millor algunes situacions.<br \/>Fora de les pr\u00e0ctiques tamb\u00e9 hem aprofitat molt el temps. Durant els caps de setmana hem viatjat en tren per visitar ciutats com Roma, Pisa, Mil\u00e0 i altres llocs d&#8217;It\u00e0lia. A m\u00e9s, alguns dies tamb\u00e9 f\u00e8iem petites escapades pels voltants de Forl\u00ec o b\u00e9 Ravenna, descobrint llocs menys tur\u00edstics com muntanyes, rius o platges. Ha estat una manera molt bonica de con\u00e8ixer el pa\u00eds m\u00e9s enll\u00e0 dels llocs m\u00e9s famosos.<br \/>Les tardes, quan acab\u00e0vem les pr\u00e0ctiques, tamb\u00e9 han estat molt especials. Molts dies qued\u00e0vem amb els companys per anar a menjar un gelat, passejar pel centre, sortir amb bicicleta, anar als apartaments dels altres per jugar, parlar o simplement passar una estona junts i con\u00e8ixer-nos millor. S\u00f3n moments que recordar\u00e9 amb molt de carinyo, perqu\u00e8 han fet que aquesta experi\u00e8ncia fos molt m\u00e9s que unes pr\u00e0ctiques.<br \/>En definitiva, aquesta experi\u00e8ncia m&#8217;ha ajudat a cr\u00e9ixer tant personalment com professionalment. Marxo amb nous coneixements, m\u00e9s confian\u00e7a en mi mateixa, nous amics, records inoblidables i moltes ganes de continuar aprenent. Sens dubte, recomanaria viure una experi\u00e8ncia Erasmus a qualsevol estudiant, perqu\u00e8 \u00e9s una oportunitat \u00fanica per aprendre, descobrir nous llocs i sortir de la zona de confort\u201d.<\/em><\/p>\n<\/div>\n\n\n\n<div class=\"wp-block-column is-layout-flow wp-block-column-is-layout-flow\" style=\"flex-basis:33.33%\">\n<figure class=\"wp-block-gallery has-nested-images columns-default is-cropped wp-block-gallery-1 is-layout-flex wp-block-gallery-is-layout-flex\">\n<figure class=\"wp-block-image size-large\"><a href=\"https:\/\/agora.xtec.cat\/inslacetania\/wp-content\/uploads\/usu1045\/2026\/08\/WhatsApp-Image-2026-08-06-at-00.32.18-1.jpeg\"><img loading=\"lazy\" decoding=\"async\" width=\"1024\" height=\"768\" src=\"https:\/\/agora.xtec.cat\/inslacetania\/wp-content\/uploads\/usu1045\/2026\/08\/WhatsApp-Image-2026-08-06-at-00.32.18-1-1024x768.jpeg\" alt=\"\" class=\"wp-image-30516\" srcset=\"https:\/\/agora.xtec.cat\/inslacetania\/wp-content\/uploads\/usu1045\/2026\/08\/WhatsApp-Image-2026-08-06-at-00.32.18-1-1024x768.jpeg 1024w, https:\/\/agora.xtec.cat\/inslacetania\/wp-content\/uploads\/usu1045\/2026\/08\/WhatsApp-Image-2026-08-06-at-00.32.18-1-300x225.jpeg 300w, https:\/\/agora.xtec.cat\/inslacetania\/wp-content\/uploads\/usu1045\/2026\/08\/WhatsApp-Image-2026-08-06-at-00.32.18-1-768x576.jpeg 768w, https:\/\/agora.xtec.cat\/inslacetania\/wp-content\/uploads\/usu1045\/2026\/08\/WhatsApp-Image-2026-08-06-at-00.32.18-1-1536x1152.jpeg 1536w, https:\/\/agora.xtec.cat\/inslacetania\/wp-content\/uploads\/usu1045\/2026\/08\/WhatsApp-Image-2026-08-06-at-00.32.18-1.jpeg 1600w\" sizes=\"auto, (max-width: 1024px) 100vw, 1024px\" \/><\/a><\/figure>\n<\/figure>\n<\/div>\n<\/div>\n","protected":false},"excerpt":{"rendered":"<p>Encetem un nou curs amb il\u00b7lusi\u00f3, i amb la maduresa que ens proporciona haver viscut una experi\u00e8ncia Erasmus el passat mes de juliol a Forl\u00ec (It\u00e0lia); on 11 alumnes de Grau Mitj\u00e0 i 3 de Grau Superior de diferents cicles formatius del centre, van estar fent pr\u00e0ctiques en empreses en el marc del Programa Erasmus+. [&hellip;]<\/p>\n","protected":false},"author":190,"featured_media":30519,"comment_status":"closed","ping_status":"open","sticky":false,"template":"","format":"standard","meta":{"_bbp_topic_count":0,"_bbp_reply_count":0,"_bbp_total_topic_count":0,"_bbp_total_reply_count":0,"_bbp_voice_count":0,"_bbp_anonymous_reply_count":0,"_bbp_topic_count_hidden":0,"_bbp_reply_count_hidden":0,"_bbp_forum_subforum_count":0,"site-sidebar-layout":"default","site-content-layout":"","ast-site-content-layout":"default","site-content-style":"default","site-sidebar-style":"default","ast-global-header-display":"","ast-banner-title-visibility":"","ast-main-header-display":"","ast-hfb-above-header-display":"","ast-hfb-below-header-display":"","ast-hfb-mobile-header-display":"","site-post-title":"","ast-breadcrumbs-content":"","ast-featured-img":"","footer-sml-layout":"","theme-transparent-header-meta":"","adv-header-id-meta":"","stick-header-meta":"","header-above-stick-meta":"","header-main-stick-meta":"","header-below-stick-meta":"","astra-migrate-meta-layouts":"set","ast-page-background-enabled":"default","ast-page-background-meta":{"desktop":{"background-color":"var(--ast-global-color-4)","background-image":"","background-repeat":"repeat","background-position":"center center","background-size":"auto","background-attachment":"scroll","background-type":"","background-media":"","overlay-type":"","overlay-color":"","overlay-opacity":"","overlay-gradient":""},"tablet":{"background-color":"","background-image":"","background-repeat":"repeat","background-position":"center center","background-size":"auto","background-attachment":"scroll","background-type":"","background-media":"","overlay-type":"","overlay-color":"","overlay-opacity":"","overlay-gradient":""},"mobile":{"background-color":"","background-image":"","background-repeat":"repeat","background-position":"center center","background-size":"auto","background-attachment":"scroll","background-type":"","background-media":"","overlay-type":"","overlay-color":"","overlay-opacity":"","overlay-gradient":""}},"ast-content-background-meta":{"desktop":{"background-color":"var(--ast-global-color-5)","background-image":"","background-repeat":"repeat","background-position":"center center","background-size":"auto","background-attachment":"scroll","background-type":"","background-media":"","overlay-type":"","overlay-color":"","overlay-opacity":"","overlay-gradient":""},"tablet":{"background-color":"var(--ast-global-color-5)","background-image":"","background-repeat":"repeat","background-position":"center center","background-size":"auto","background-attachment":"scroll","background-type":"","background-media":"","overlay-type":"","overlay-color":"","overlay-opacity":"","overlay-gradient":""},"mobile":{"background-color":"var(--ast-global-color-5)","background-image":"","background-repeat":"repeat","background-position":"center center","background-size":"auto","background-attachment":"scroll","background-type":"","background-media":"","overlay-type":"","overlay-color":"","overlay-opacity":"","overlay-gradient":""}},"footnotes":""},"categories":[169,172,852,853,209,30,1,270,29],"tags":[],"class_list":["post-30508","post","type-post","status-publish","format-standard","has-post-thumbnail","hentry","category-adm","category-auto","category-cfgm","category-cfgs","category-mobilitat-erasmus","category-fp","category-general","category-idioma","category-portada"],"post_mailing_queue_ids":[],"_links":{"self":[{"href":"https:\/\/agora.xtec.cat\/inslacetania\/wp-json\/wp\/v2\/posts\/30508","targetHints":{"allow":["GET"]}}],"collection":[{"href":"https:\/\/agora.xtec.cat\/inslacetania\/wp-json\/wp\/v2\/posts"}],"about":[{"href":"https:\/\/agora.xtec.cat\/inslacetania\/wp-json\/wp\/v2\/types\/post"}],"author":[{"embeddable":true,"href":"https:\/\/agora.xtec.cat\/inslacetania\/wp-json\/wp\/v2\/users\/190"}],"replies":[{"embeddable":true,"href":"https:\/\/agora.xtec.cat\/inslacetania\/wp-json\/wp\/v2\/comments?post=30508"}],"version-history":[{"count":6,"href":"https:\/\/agora.xtec.cat\/inslacetania\/wp-json\/wp\/v2\/posts\/30508\/revisions"}],"predecessor-version":[{"id":30520,"href":"https:\/\/agora.xtec.cat\/inslacetania\/wp-json\/wp\/v2\/posts\/30508\/revisions\/30520"}],"wp:featuredmedia":[{"embeddable":true,"href":"https:\/\/agora.xtec.cat\/inslacetania\/wp-json\/wp\/v2\/media\/30519"}],"wp:attachment":[{"href":"https:\/\/agora.xtec.cat\/inslacetania\/wp-json\/wp\/v2\/media?parent=30508"}],"wp:term":[{"taxonomy":"category","embeddable":true,"href":"https:\/\/agora.xtec.cat\/inslacetania\/wp-json\/wp\/v2\/categories?post=30508"},{"taxonomy":"post_tag","embeddable":true,"href":"https:\/\/agora.xtec.cat\/inslacetania\/wp-json\/wp\/v2\/tags?post=30508"}],"curies":[{"name":"wp","href":"https:\/\/api.w.org\/{rel}","templated":true}]}}