{"id":29673,"date":"2026-04-24T11:05:56","date_gmt":"2026-04-24T09:05:56","guid":{"rendered":"https:\/\/agora.xtec.cat\/inslacetania\/?p=29673"},"modified":"2026-04-24T11:08:01","modified_gmt":"2026-04-24T09:08:01","slug":"ens-endinsem-en-el-projecte-manresa-mauthausen","status":"publish","type":"post","link":"https:\/\/agora.xtec.cat\/inslacetania\/eso\/ens-endinsem-en-el-projecte-manresa-mauthausen\/","title":{"rendered":"Ens endinsem en el projecte Manresa &#8211; Mauthausen"},"content":{"rendered":"\n<p>Un grup d\u2019alumnes de batxillerat de l\u2019Institut Lacet\u00e0nia participa anualment en una iniciativa que connecta als estudiants amb els camps de concentraci\u00f3 de Mauthausen (\u00c0ustria) per a reflexionar sobre el passat i els drets humans.&nbsp;<\/p>\n\n\n\n<p><strong>D\u2019on neix el projecte?<\/strong><\/p>\n\n\n\n<figure class=\"wp-block-image alignright size-large is-resized\"><a href=\"https:\/\/agora.xtec.cat\/inslacetania\/wp-content\/uploads\/usu1045\/2026\/04\/IMG_6036-1-scaled.jpeg\"><img loading=\"lazy\" decoding=\"async\" width=\"1024\" height=\"980\" src=\"https:\/\/agora.xtec.cat\/inslacetania\/wp-content\/uploads\/usu1045\/2026\/04\/IMG_6036-1-1024x980.jpeg\" alt=\"\" class=\"wp-image-29675\" style=\"width:353px;height:auto\" srcset=\"https:\/\/agora.xtec.cat\/inslacetania\/wp-content\/uploads\/usu1045\/2026\/04\/IMG_6036-1-1024x980.jpeg 1024w, https:\/\/agora.xtec.cat\/inslacetania\/wp-content\/uploads\/usu1045\/2026\/04\/IMG_6036-1-300x287.jpeg 300w, https:\/\/agora.xtec.cat\/inslacetania\/wp-content\/uploads\/usu1045\/2026\/04\/IMG_6036-1-768x735.jpeg 768w, https:\/\/agora.xtec.cat\/inslacetania\/wp-content\/uploads\/usu1045\/2026\/04\/IMG_6036-1-1536x1469.jpeg 1536w, https:\/\/agora.xtec.cat\/inslacetania\/wp-content\/uploads\/usu1045\/2026\/04\/IMG_6036-1-2048x1959.jpeg 2048w\" sizes=\"auto, (max-width: 1024px) 100vw, 1024px\" \/><\/a><\/figure>\n\n\n\n<p>Els Instituts Llu\u00eds de Peguera i Pius Font i Quer van engegar el Projecte Manresa-Mauthausen coincidint amb la celebraci\u00f3 del centenari del naixement de l&#8217;escriptor manres\u00e0 Joaquim Amat-Piniella, l&#8217;any 2013. De seguida s&#8217;hi van afegir l&#8217;Institut Lacet\u00e0nia i l&#8217;institut Gerbert d&#8217;Aurillac (Sant Fruit\u00f3s de Bages) i ara el projecte s&#8217;est\u00e9n a altres centres de secund\u00e0ria del Bages, tots ells activament compromesos des de fa anys amb el treball de la mem\u00f2ria hist\u00f2rica i la prevenci\u00f3 del feixisme.<\/p>\n\n\n\n<p>El <strong>projecte Manresa &#8211; Mauthausen<\/strong> \u00e9s una iniciativa educativa que t\u00e9 com a objectiu difondre entre l\u2019alumnat de 1r de Batxillerat la hist\u00f2ria i l\u2019horror que van viure centenars de persones deportades als camps de concentraci\u00f3 nazis. Molts d\u2019aquests deportats eren republicans espanyols que havien fugit despr\u00e9s de la Guerra Civil i que, amb l\u2019aven\u00e7 del franquisme i la Segona Guerra Mundial, van acabar empresonats en condicions extremes. Alguns d\u2019ells manresans, com Joaquim Amat-Piniella, un escriptor manres\u00e0 que es va exiliar durant la guerra civil i que va anar a espetegar a Mauthausen. Per\u00f2 va aconseguir sobreviure-hi.\u00a0<\/p>\n\n\n\n<p>Hem parlat amb el professor de Socials, el <strong>Marc Peraire<\/strong>, que aquest curs est\u00e0 al capdavant de la iniciativa a 1r de Batxillerat. Ens ha explicat que el punt fort d\u2019aquest projecte acaba sent el viatge als camps de concentraci\u00f3 de Mauthausen i Gusen, per tal de con\u00e8ixer m\u00e9s de prop l&#8217;horror que van suposar aquests camps. Aquest curs hi participaran <strong>8 alumnes de l\u2019institut<\/strong> i marxaran <strong>del 8 al 10 de maig<\/strong>. S\u2019hi va en aquestes dates perqu\u00e8 s\u00f3n els dies en qu\u00e8 es va alliberar el camp de concentraci\u00f3.<\/p>\n\n\n\n<p><strong>L\u2019experi\u00e8ncia d\u2019una alumna de 2n de batxillerat<\/strong><\/p>\n\n\n\n<figure class=\"wp-block-image alignleft size-full is-resized\"><a href=\"https:\/\/agora.xtec.cat\/inslacetania\/wp-content\/uploads\/usu1045\/2026\/04\/matthausen.jpg\"><img loading=\"lazy\" decoding=\"async\" width=\"669\" height=\"446\" src=\"https:\/\/agora.xtec.cat\/inslacetania\/wp-content\/uploads\/usu1045\/2026\/04\/matthausen.jpg\" alt=\"\" class=\"wp-image-29677\" style=\"width:436px;height:auto\" srcset=\"https:\/\/agora.xtec.cat\/inslacetania\/wp-content\/uploads\/usu1045\/2026\/04\/matthausen.jpg 669w, https:\/\/agora.xtec.cat\/inslacetania\/wp-content\/uploads\/usu1045\/2026\/04\/matthausen-300x200.jpg 300w\" sizes=\"auto, (max-width: 669px) 100vw, 669px\" \/><\/a><\/figure>\n\n\n\n<p>Tamb\u00e9 vam contactar amb la<strong> Mea Photskhverashvili, alumna de 2n de batxillerat,<\/strong> que l\u2019any passat va tenir l\u2019oportunitat de visitar el camp de concentraci\u00f3 per con\u00e8ixer la seva experi\u00e8ncia personal com a estudiant. Ens va explicar que va decidir participar-hi perqu\u00e8 era una manera diferent d\u2019estudiar aquest tema i perqu\u00e8 t\u00e9 inter\u00e8s en la Segona Guerra Mundial. A m\u00e9s, <strong>va ser una experi\u00e8ncia que li va agradar a nivell personal.<\/strong><\/p>\n\n\n\n<p>Abans de la visita, els set alumnes seleccionats van haver de fer un treball previ amb l\u2019objectiu de con\u00e8ixer de primera m\u00e0 els horrors viscuts als camps de concentraci\u00f3, especialment a Mauthausen. <strong>En aquest projecte van investigar el camp, el context hist\u00f2ric i les persones que hi van ser empresonades.&nbsp;<\/strong><\/p>\n\n\n\n<p>Durant la visita, els alumnes van con\u00e8ixer altres camps com <strong>Gusen i Ebensee<\/strong>. Dins de <strong>Mauthausen<\/strong>, van rec\u00f3rrer espais com <strong>els crematoris, els memorials, el pati i les escales de la mort<\/strong>. El que m\u00e9s va impactar a l\u2019alumna van ser les dures <strong>condicions<\/strong> de vida dels presoners. Segons va explicar: \u201cDurant la visita vaig sentir sobretot<strong> tristesa<\/strong> i <strong>impot\u00e8ncia<\/strong>: tristesa pel que van haver de viure les persones que hi eren, i impot\u00e8ncia perqu\u00e8 \u00e9s una <strong>injust\u00edcia<\/strong> que ja ha passat i no es pot canviar\u201d.&nbsp;<\/p>\n\n\n\n<p>Fet per: Marwa Berraha i Mercedes Miranda, alumnes de Revista. <\/p>\n","protected":false},"excerpt":{"rendered":"<p>Un grup d\u2019alumnes de batxillerat de l\u2019Institut Lacet\u00e0nia participa anualment en una iniciativa que connecta als estudiants amb els camps de concentraci\u00f3 de Mauthausen (\u00c0ustria) per a reflexionar sobre el passat i els drets humans.&nbsp; D\u2019on neix el projecte? Els Instituts Llu\u00eds de Peguera i Pius Font i Quer van engegar el Projecte Manresa-Mauthausen coincidint [&hellip;]<\/p>\n","protected":false},"author":1472,"featured_media":29675,"comment_status":"closed","ping_status":"open","sticky":false,"template":"","format":"standard","meta":{"_bbp_topic_count":0,"_bbp_reply_count":0,"_bbp_total_topic_count":0,"_bbp_total_reply_count":0,"_bbp_voice_count":0,"_bbp_anonymous_reply_count":0,"_bbp_topic_count_hidden":0,"_bbp_reply_count_hidden":0,"_bbp_forum_subforum_count":0,"site-sidebar-layout":"default","site-content-layout":"","ast-site-content-layout":"default","site-content-style":"default","site-sidebar-style":"default","ast-global-header-display":"","ast-banner-title-visibility":"","ast-main-header-display":"","ast-hfb-above-header-display":"","ast-hfb-below-header-display":"","ast-hfb-mobile-header-display":"","site-post-title":"","ast-breadcrumbs-content":"","ast-featured-img":"","footer-sml-layout":"","theme-transparent-header-meta":"","adv-header-id-meta":"","stick-header-meta":"","header-above-stick-meta":"","header-main-stick-meta":"","header-below-stick-meta":"","astra-migrate-meta-layouts":"set","ast-page-background-enabled":"default","ast-page-background-meta":{"desktop":{"background-color":"var(--ast-global-color-4)","background-image":"","background-repeat":"repeat","background-position":"center center","background-size":"auto","background-attachment":"scroll","background-type":"","background-media":"","overlay-type":"","overlay-color":"","overlay-opacity":"","overlay-gradient":""},"tablet":{"background-color":"","background-image":"","background-repeat":"repeat","background-position":"center center","background-size":"auto","background-attachment":"scroll","background-type":"","background-media":"","overlay-type":"","overlay-color":"","overlay-opacity":"","overlay-gradient":""},"mobile":{"background-color":"","background-image":"","background-repeat":"repeat","background-position":"center center","background-size":"auto","background-attachment":"scroll","background-type":"","background-media":"","overlay-type":"","overlay-color":"","overlay-opacity":"","overlay-gradient":""}},"ast-content-background-meta":{"desktop":{"background-color":"var(--ast-global-color-5)","background-image":"","background-repeat":"repeat","background-position":"center center","background-size":"auto","background-attachment":"scroll","background-type":"","background-media":"","overlay-type":"","overlay-color":"","overlay-opacity":"","overlay-gradient":""},"tablet":{"background-color":"var(--ast-global-color-5)","background-image":"","background-repeat":"repeat","background-position":"center center","background-size":"auto","background-attachment":"scroll","background-type":"","background-media":"","overlay-type":"","overlay-color":"","overlay-opacity":"","overlay-gradient":""},"mobile":{"background-color":"var(--ast-global-color-5)","background-image":"","background-repeat":"repeat","background-position":"center center","background-size":"auto","background-attachment":"scroll","background-type":"","background-media":"","overlay-type":"","overlay-color":"","overlay-opacity":"","overlay-gradient":""}},"footnotes":""},"categories":[3,136,29,102,263,137],"tags":[],"class_list":["post-29673","post","type-post","status-publish","format-standard","has-post-thumbnail","hentry","category-eso","category-noticies","category-portada","category-revista","category-socials","category-sortides"],"post_mailing_queue_ids":[],"_links":{"self":[{"href":"https:\/\/agora.xtec.cat\/inslacetania\/wp-json\/wp\/v2\/posts\/29673","targetHints":{"allow":["GET"]}}],"collection":[{"href":"https:\/\/agora.xtec.cat\/inslacetania\/wp-json\/wp\/v2\/posts"}],"about":[{"href":"https:\/\/agora.xtec.cat\/inslacetania\/wp-json\/wp\/v2\/types\/post"}],"author":[{"embeddable":true,"href":"https:\/\/agora.xtec.cat\/inslacetania\/wp-json\/wp\/v2\/users\/1472"}],"replies":[{"embeddable":true,"href":"https:\/\/agora.xtec.cat\/inslacetania\/wp-json\/wp\/v2\/comments?post=29673"}],"version-history":[{"count":6,"href":"https:\/\/agora.xtec.cat\/inslacetania\/wp-json\/wp\/v2\/posts\/29673\/revisions"}],"predecessor-version":[{"id":29746,"href":"https:\/\/agora.xtec.cat\/inslacetania\/wp-json\/wp\/v2\/posts\/29673\/revisions\/29746"}],"wp:featuredmedia":[{"embeddable":true,"href":"https:\/\/agora.xtec.cat\/inslacetania\/wp-json\/wp\/v2\/media\/29675"}],"wp:attachment":[{"href":"https:\/\/agora.xtec.cat\/inslacetania\/wp-json\/wp\/v2\/media?parent=29673"}],"wp:term":[{"taxonomy":"category","embeddable":true,"href":"https:\/\/agora.xtec.cat\/inslacetania\/wp-json\/wp\/v2\/categories?post=29673"},{"taxonomy":"post_tag","embeddable":true,"href":"https:\/\/agora.xtec.cat\/inslacetania\/wp-json\/wp\/v2\/tags?post=29673"}],"curies":[{"name":"wp","href":"https:\/\/api.w.org\/{rel}","templated":true}]}}