{"id":21265,"date":"2024-02-29T13:50:56","date_gmt":"2024-02-29T12:50:56","guid":{"rendered":"https:\/\/agora.xtec.cat\/inslacetania\/?p=21265"},"modified":"2024-02-29T13:54:11","modified_gmt":"2024-02-29T12:54:11","slug":"sortida-alumnes-professorat-cicles-informatica-tarda-al-collbaix","status":"publish","type":"post","link":"https:\/\/agora.xtec.cat\/inslacetania\/portada\/sortida-alumnes-professorat-cicles-informatica-tarda-al-collbaix\/","title":{"rendered":"Sortida d&#8217;alumnes i professorat dels cicles d&#8217;inform\u00e0tica de tarda al Collbaix"},"content":{"rendered":"<p>La setmana passada es va dur a terme una sortida de conviv\u00e8ncia del professorat i alumnes dels diferents cicles d&#8217;inform\u00e0tica que s&#8217;imparteixen durant la franja de tarda al nostre institut.<\/p>\n<p>La sortida va consistir en una caminada des del berenador que hi ha ubicat a la falda fins ben b\u00e9 el cim del Collbaix, de 543 metres, on v\u00e0rem gaudir d&#8217;unes vistes privilegiades del Bages i comarques circumdants. En finalitzar el descens es va seguir amb una cal\u00e7otada en el mateix berenador amb professors i alumnes per poder recuperar forces i gaudir d&#8217;una estona i moments ideals per teixir i enfortir les relacions entre tots i totes.<\/p>\n<p>El dia, mes propi de primavera que de finals de febrer, ens va acompanyar i premiar amb unes condicions climatol\u00f2giques immillorables, que ens va permetre allargar la sortida fins ben tard, tot gaudint de la bona companyia i una bona conversa.<\/p>\n<p>Creiem que aquestes sortides contribueixen molt positivament al clima de treball dels equips docents i de la relaci\u00f3 entre docents, alumnes i el mateix alumnat entre si.<\/p>\n<p><a href=\"https:\/\/agora.xtec.cat\/inslacetania\/wp-content\/uploads\/usu1045\/2024\/02\/IMG_20240219_132309.jpg\"><img loading=\"lazy\" decoding=\"async\" class=\"alignnone size-large wp-image-21268\" src=\"https:\/\/agora.xtec.cat\/inslacetania\/wp-content\/uploads\/usu1045\/2024\/02\/IMG_20240219_132309-768x1024.jpg\" alt=\"\" width=\"768\" height=\"1024\" srcset=\"https:\/\/agora.xtec.cat\/inslacetania\/wp-content\/uploads\/usu1045\/2024\/02\/IMG_20240219_132309-768x1024.jpg 768w, https:\/\/agora.xtec.cat\/inslacetania\/wp-content\/uploads\/usu1045\/2024\/02\/IMG_20240219_132309-225x300.jpg 225w, https:\/\/agora.xtec.cat\/inslacetania\/wp-content\/uploads\/usu1045\/2024\/02\/IMG_20240219_132309-1152x1536.jpg 1152w, https:\/\/agora.xtec.cat\/inslacetania\/wp-content\/uploads\/usu1045\/2024\/02\/IMG_20240219_132309.jpg 1500w\" sizes=\"auto, (max-width: 768px) 100vw, 768px\" \/><\/a> <a href=\"https:\/\/agora.xtec.cat\/inslacetania\/wp-content\/uploads\/usu1045\/2024\/02\/IMG_20240219_153910.jpg\"><img loading=\"lazy\" decoding=\"async\" class=\"alignnone size-large wp-image-21266\" src=\"https:\/\/agora.xtec.cat\/inslacetania\/wp-content\/uploads\/usu1045\/2024\/02\/IMG_20240219_153910-1024x768.jpg\" alt=\"\" width=\"1024\" height=\"768\" srcset=\"https:\/\/agora.xtec.cat\/inslacetania\/wp-content\/uploads\/usu1045\/2024\/02\/IMG_20240219_153910-1024x768.jpg 1024w, https:\/\/agora.xtec.cat\/inslacetania\/wp-content\/uploads\/usu1045\/2024\/02\/IMG_20240219_153910-300x225.jpg 300w, https:\/\/agora.xtec.cat\/inslacetania\/wp-content\/uploads\/usu1045\/2024\/02\/IMG_20240219_153910-768x576.jpg 768w, https:\/\/agora.xtec.cat\/inslacetania\/wp-content\/uploads\/usu1045\/2024\/02\/IMG_20240219_153910-1536x1152.jpg 1536w, https:\/\/agora.xtec.cat\/inslacetania\/wp-content\/uploads\/usu1045\/2024\/02\/IMG_20240219_153910-2048x1536.jpg 2048w, https:\/\/agora.xtec.cat\/inslacetania\/wp-content\/uploads\/usu1045\/2024\/02\/IMG_20240219_153910-200x150.jpg 200w\" sizes=\"auto, (max-width: 1024px) 100vw, 1024px\" \/><\/a><\/p>\n<p><a href=\"https:\/\/agora.xtec.cat\/inslacetania\/wp-content\/uploads\/usu1045\/2024\/02\/IMG_20240219_154723.jpg\"><img loading=\"lazy\" decoding=\"async\" class=\"alignnone size-large wp-image-21269\" src=\"https:\/\/agora.xtec.cat\/inslacetania\/wp-content\/uploads\/usu1045\/2024\/02\/IMG_20240219_154723-1024x768.jpg\" alt=\"\" width=\"1024\" height=\"768\" srcset=\"https:\/\/agora.xtec.cat\/inslacetania\/wp-content\/uploads\/usu1045\/2024\/02\/IMG_20240219_154723-1024x768.jpg 1024w, https:\/\/agora.xtec.cat\/inslacetania\/wp-content\/uploads\/usu1045\/2024\/02\/IMG_20240219_154723-300x225.jpg 300w, https:\/\/agora.xtec.cat\/inslacetania\/wp-content\/uploads\/usu1045\/2024\/02\/IMG_20240219_154723-768x576.jpg 768w, https:\/\/agora.xtec.cat\/inslacetania\/wp-content\/uploads\/usu1045\/2024\/02\/IMG_20240219_154723-1536x1152.jpg 1536w, https:\/\/agora.xtec.cat\/inslacetania\/wp-content\/uploads\/usu1045\/2024\/02\/IMG_20240219_154723-200x150.jpg 200w, https:\/\/agora.xtec.cat\/inslacetania\/wp-content\/uploads\/usu1045\/2024\/02\/IMG_20240219_154723.jpg 2000w\" sizes=\"auto, (max-width: 1024px) 100vw, 1024px\" \/><\/a> <a href=\"https:\/\/agora.xtec.cat\/inslacetania\/wp-content\/uploads\/usu1045\/2024\/02\/IMG_20240219_132652.jpg\"><img loading=\"lazy\" decoding=\"async\" class=\"alignnone size-large wp-image-21270\" src=\"https:\/\/agora.xtec.cat\/inslacetania\/wp-content\/uploads\/usu1045\/2024\/02\/IMG_20240219_132652-768x1024.jpg\" alt=\"\" width=\"768\" height=\"1024\" srcset=\"https:\/\/agora.xtec.cat\/inslacetania\/wp-content\/uploads\/usu1045\/2024\/02\/IMG_20240219_132652-768x1024.jpg 768w, https:\/\/agora.xtec.cat\/inslacetania\/wp-content\/uploads\/usu1045\/2024\/02\/IMG_20240219_132652-225x300.jpg 225w, https:\/\/agora.xtec.cat\/inslacetania\/wp-content\/uploads\/usu1045\/2024\/02\/IMG_20240219_132652-1152x1536.jpg 1152w, https:\/\/agora.xtec.cat\/inslacetania\/wp-content\/uploads\/usu1045\/2024\/02\/IMG_20240219_132652.jpg 1500w\" sizes=\"auto, (max-width: 768px) 100vw, 768px\" \/><\/a><\/p>\n","protected":false},"excerpt":{"rendered":"<p>La setmana passada es va dur a terme una sortida de conviv\u00e8ncia del professorat i alumnes dels diferents cicles d&#8217;inform\u00e0tica que s&#8217;imparteixen durant la franja de tarda al nostre institut. La sortida va consistir en una caminada des del berenador que hi ha ubicat a la falda fins ben b\u00e9 el cim del Collbaix, de [&hellip;]<\/p>\n","protected":false},"author":1050,"featured_media":21269,"comment_status":"closed","ping_status":"closed","sticky":false,"template":"","format":"standard","meta":{"_bbp_topic_count":0,"_bbp_reply_count":0,"_bbp_total_topic_count":0,"_bbp_total_reply_count":0,"_bbp_voice_count":0,"_bbp_anonymous_reply_count":0,"_bbp_topic_count_hidden":0,"_bbp_reply_count_hidden":0,"_bbp_forum_subforum_count":0,"site-sidebar-layout":"default","site-content-layout":"","ast-site-content-layout":"","site-content-style":"default","site-sidebar-style":"default","ast-global-header-display":"","ast-banner-title-visibility":"","ast-main-header-display":"","ast-hfb-above-header-display":"","ast-hfb-below-header-display":"","ast-hfb-mobile-header-display":"","site-post-title":"","ast-breadcrumbs-content":"","ast-featured-img":"","footer-sml-layout":"","theme-transparent-header-meta":"","adv-header-id-meta":"","stick-header-meta":"","header-above-stick-meta":"","header-main-stick-meta":"","header-below-stick-meta":"","astra-migrate-meta-layouts":"default","ast-page-background-enabled":"default","ast-page-background-meta":{"desktop":{"background-color":"var(--ast-global-color-4)","background-image":"","background-repeat":"repeat","background-position":"center center","background-size":"auto","background-attachment":"scroll","background-type":"","background-media":"","overlay-type":"","overlay-color":"","overlay-opacity":"","overlay-gradient":""},"tablet":{"background-color":"","background-image":"","background-repeat":"repeat","background-position":"center center","background-size":"auto","background-attachment":"scroll","background-type":"","background-media":"","overlay-type":"","overlay-color":"","overlay-opacity":"","overlay-gradient":""},"mobile":{"background-color":"","background-image":"","background-repeat":"repeat","background-position":"center center","background-size":"auto","background-attachment":"scroll","background-type":"","background-media":"","overlay-type":"","overlay-color":"","overlay-opacity":"","overlay-gradient":""}},"ast-content-background-meta":{"desktop":{"background-color":"var(--ast-global-color-5)","background-image":"","background-repeat":"repeat","background-position":"center center","background-size":"auto","background-attachment":"scroll","background-type":"","background-media":"","overlay-type":"","overlay-color":"","overlay-opacity":"","overlay-gradient":""},"tablet":{"background-color":"var(--ast-global-color-5)","background-image":"","background-repeat":"repeat","background-position":"center center","background-size":"auto","background-attachment":"scroll","background-type":"","background-media":"","overlay-type":"","overlay-color":"","overlay-opacity":"","overlay-gradient":""},"mobile":{"background-color":"var(--ast-global-color-5)","background-image":"","background-repeat":"repeat","background-position":"center center","background-size":"auto","background-attachment":"scroll","background-type":"","background-media":"","overlay-type":"","overlay-color":"","overlay-opacity":"","overlay-gradient":""}},"footnotes":""},"categories":[30,173,29],"tags":[897,898,815,830,157,295],"class_list":["post-21265","post","type-post","status-publish","format-standard","has-post-thumbnail","hentry","category-fp","category-inf","category-portada","tag-caminada","tag-collbaix","tag-convivencia","tag-dinar","tag-fp","tag-sortida"],"post_mailing_queue_ids":[],"_links":{"self":[{"href":"https:\/\/agora.xtec.cat\/inslacetania\/wp-json\/wp\/v2\/posts\/21265","targetHints":{"allow":["GET"]}}],"collection":[{"href":"https:\/\/agora.xtec.cat\/inslacetania\/wp-json\/wp\/v2\/posts"}],"about":[{"href":"https:\/\/agora.xtec.cat\/inslacetania\/wp-json\/wp\/v2\/types\/post"}],"author":[{"embeddable":true,"href":"https:\/\/agora.xtec.cat\/inslacetania\/wp-json\/wp\/v2\/users\/1050"}],"replies":[{"embeddable":true,"href":"https:\/\/agora.xtec.cat\/inslacetania\/wp-json\/wp\/v2\/comments?post=21265"}],"version-history":[{"count":2,"href":"https:\/\/agora.xtec.cat\/inslacetania\/wp-json\/wp\/v2\/posts\/21265\/revisions"}],"predecessor-version":[{"id":21271,"href":"https:\/\/agora.xtec.cat\/inslacetania\/wp-json\/wp\/v2\/posts\/21265\/revisions\/21271"}],"wp:featuredmedia":[{"embeddable":true,"href":"https:\/\/agora.xtec.cat\/inslacetania\/wp-json\/wp\/v2\/media\/21269"}],"wp:attachment":[{"href":"https:\/\/agora.xtec.cat\/inslacetania\/wp-json\/wp\/v2\/media?parent=21265"}],"wp:term":[{"taxonomy":"category","embeddable":true,"href":"https:\/\/agora.xtec.cat\/inslacetania\/wp-json\/wp\/v2\/categories?post=21265"},{"taxonomy":"post_tag","embeddable":true,"href":"https:\/\/agora.xtec.cat\/inslacetania\/wp-json\/wp\/v2\/tags?post=21265"}],"curies":[{"name":"wp","href":"https:\/\/api.w.org\/{rel}","templated":true}]}}