{"id":21214,"date":"2024-02-15T13:33:20","date_gmt":"2024-02-15T12:33:20","guid":{"rendered":"https:\/\/agora.xtec.cat\/inslacetania\/?p=21214"},"modified":"2024-02-15T13:33:20","modified_gmt":"2024-02-15T12:33:20","slug":"llistat-provisional-dadmesos-assessorament-2a-convocatoria","status":"publish","type":"post","link":"https:\/\/agora.xtec.cat\/inslacetania\/general\/llistat-provisional-dadmesos-assessorament-2a-convocatoria\/","title":{"rendered":"Llistat provisional d&#8217;admesos ASSESSORAMENT (2a convocat\u00f2ria)"},"content":{"rendered":"<p>Clicant el seg\u00fcent enlla\u00e7 <strong> <a href=\"https:\/\/agora.xtec.cat\/inslacetania\/wp-content\/uploads\/usu1045\/2024\/02\/Llistat-provisional-dadmesos-ASSESSORAMENT-23-24_2convocatoria.pdf\">Llistat provisional d&#8217;admesos ASSESSORAMENT 23-24_2convocat\u00f2ria<\/a><\/strong><a href=\"https:\/\/agora.xtec.cat\/inslacetania\/wp-content\/uploads\/usu1045\/2023\/09\/Llistat-provisional-dadmesos-ASSESSORAMENT-23-24_1convocatoria-1-2.pdf\">\u00a0<\/a>podreu consultar el llistat provisional d&#8217;admesos al servei d&#8217;assessorament (2a conv.23-24)<\/p>\n<p>El\u00a0<strong>servei d&#8217;assessorament\u00a0<\/strong>en la formaci\u00f3 professional t\u00e9 per objectiu definir i orientar un itinerari formatiu i professional de la persona interessada per aconseguir-ne millorar la qualificaci\u00f3. Compta amb l&#8217;atenci\u00f3 personalitzada d&#8217;experts de la fam\u00edlia professional escollida.<\/p>\n<p>Durant el proc\u00e9s d&#8217;assessorament, que es desenvolupa al llarg de\u00a0<strong>2 o 3 sessions presencials al centre<\/strong>, l&#8217;usuari aporta tota la documentaci\u00f3 de qu\u00e8 disposa perqu\u00e8 li sigui valorat l\u2019expedient formatiu i laboral.\u00a0Com a resultat del proc\u00e9s l&#8217;usuari obt\u00e9 un\u00a0<strong>informe d&#8217;assessorament<\/strong>\u00a0que cont\u00e9 el seu itinerari amb les recomanacions per dur-lo a terme.\u00a0<strong>Aquest informe \u00e9s un requisit previ per sol\u00b7licitar el servei de reconeixement acad\u00e8mic\u00a0<\/strong>dels aprenentatges que s&#8217;hagin assolit mitjan\u00e7ant l&#8217;experi\u00e8ncia laboral o en activitats socials.<\/p>\n","protected":false},"excerpt":{"rendered":"<p>Clicant el seg\u00fcent enlla\u00e7 Llistat provisional d&#8217;admesos ASSESSORAMENT 23-24_2convocat\u00f2ria\u00a0podreu consultar el llistat provisional d&#8217;admesos al servei d&#8217;assessorament (2a conv.23-24) El\u00a0servei d&#8217;assessorament\u00a0en la formaci\u00f3 professional t\u00e9 per objectiu definir i orientar un itinerari formatiu i professional de la persona interessada per aconseguir-ne millorar la qualificaci\u00f3. Compta amb l&#8217;atenci\u00f3 personalitzada d&#8217;experts de la fam\u00edlia professional escollida. Durant [&hellip;]<\/p>\n","protected":false},"author":13,"featured_media":19718,"comment_status":"closed","ping_status":"closed","sticky":false,"template":"","format":"standard","meta":{"_bbp_topic_count":0,"_bbp_reply_count":0,"_bbp_total_topic_count":0,"_bbp_total_reply_count":0,"_bbp_voice_count":0,"_bbp_anonymous_reply_count":0,"_bbp_topic_count_hidden":0,"_bbp_reply_count_hidden":0,"_bbp_forum_subforum_count":0,"site-sidebar-layout":"default","site-content-layout":"","ast-site-content-layout":"","site-content-style":"default","site-sidebar-style":"default","ast-global-header-display":"","ast-banner-title-visibility":"","ast-main-header-display":"","ast-hfb-above-header-display":"","ast-hfb-below-header-display":"","ast-hfb-mobile-header-display":"","site-post-title":"","ast-breadcrumbs-content":"","ast-featured-img":"","footer-sml-layout":"","theme-transparent-header-meta":"","adv-header-id-meta":"","stick-header-meta":"","header-above-stick-meta":"","header-main-stick-meta":"","header-below-stick-meta":"","astra-migrate-meta-layouts":"default","ast-page-background-enabled":"default","ast-page-background-meta":{"desktop":{"background-color":"var(--ast-global-color-4)","background-image":"","background-repeat":"repeat","background-position":"center center","background-size":"auto","background-attachment":"scroll","background-type":"","background-media":"","overlay-type":"","overlay-color":"","overlay-opacity":"","overlay-gradient":""},"tablet":{"background-color":"","background-image":"","background-repeat":"repeat","background-position":"center center","background-size":"auto","background-attachment":"scroll","background-type":"","background-media":"","overlay-type":"","overlay-color":"","overlay-opacity":"","overlay-gradient":""},"mobile":{"background-color":"","background-image":"","background-repeat":"repeat","background-position":"center center","background-size":"auto","background-attachment":"scroll","background-type":"","background-media":"","overlay-type":"","overlay-color":"","overlay-opacity":"","overlay-gradient":""}},"ast-content-background-meta":{"desktop":{"background-color":"var(--ast-global-color-5)","background-image":"","background-repeat":"repeat","background-position":"center center","background-size":"auto","background-attachment":"scroll","background-type":"","background-media":"","overlay-type":"","overlay-color":"","overlay-opacity":"","overlay-gradient":""},"tablet":{"background-color":"var(--ast-global-color-5)","background-image":"","background-repeat":"repeat","background-position":"center center","background-size":"auto","background-attachment":"scroll","background-type":"","background-media":"","overlay-type":"","overlay-color":"","overlay-opacity":"","overlay-gradient":""},"mobile":{"background-color":"var(--ast-global-color-5)","background-image":"","background-repeat":"repeat","background-position":"center center","background-size":"auto","background-attachment":"scroll","background-type":"","background-media":"","overlay-type":"","overlay-color":"","overlay-opacity":"","overlay-gradient":""}},"footnotes":""},"categories":[852,853,30,1,29,644],"tags":[],"class_list":["post-21214","post","type-post","status-publish","format-standard","has-post-thumbnail","hentry","category-cfgm","category-cfgs","category-fp","category-general","category-portada","category-sare"],"post_mailing_queue_ids":[],"_links":{"self":[{"href":"https:\/\/agora.xtec.cat\/inslacetania\/wp-json\/wp\/v2\/posts\/21214","targetHints":{"allow":["GET"]}}],"collection":[{"href":"https:\/\/agora.xtec.cat\/inslacetania\/wp-json\/wp\/v2\/posts"}],"about":[{"href":"https:\/\/agora.xtec.cat\/inslacetania\/wp-json\/wp\/v2\/types\/post"}],"author":[{"embeddable":true,"href":"https:\/\/agora.xtec.cat\/inslacetania\/wp-json\/wp\/v2\/users\/13"}],"replies":[{"embeddable":true,"href":"https:\/\/agora.xtec.cat\/inslacetania\/wp-json\/wp\/v2\/comments?post=21214"}],"version-history":[{"count":1,"href":"https:\/\/agora.xtec.cat\/inslacetania\/wp-json\/wp\/v2\/posts\/21214\/revisions"}],"predecessor-version":[{"id":21216,"href":"https:\/\/agora.xtec.cat\/inslacetania\/wp-json\/wp\/v2\/posts\/21214\/revisions\/21216"}],"wp:featuredmedia":[{"embeddable":true,"href":"https:\/\/agora.xtec.cat\/inslacetania\/wp-json\/wp\/v2\/media\/19718"}],"wp:attachment":[{"href":"https:\/\/agora.xtec.cat\/inslacetania\/wp-json\/wp\/v2\/media?parent=21214"}],"wp:term":[{"taxonomy":"category","embeddable":true,"href":"https:\/\/agora.xtec.cat\/inslacetania\/wp-json\/wp\/v2\/categories?post=21214"},{"taxonomy":"post_tag","embeddable":true,"href":"https:\/\/agora.xtec.cat\/inslacetania\/wp-json\/wp\/v2\/tags?post=21214"}],"curies":[{"name":"wp","href":"https:\/\/api.w.org\/{rel}","templated":true}]}}