{"id":19365,"date":"2023-07-20T21:43:46","date_gmt":"2023-07-20T19:43:46","guid":{"rendered":"https:\/\/agora.xtec.cat\/inslacetania\/?p=19365"},"modified":"2023-07-24T22:17:11","modified_gmt":"2023-07-24T20:17:11","slug":"places-assignades-acte-public-20-07-23-matriculacio","status":"publish","type":"post","link":"https:\/\/agora.xtec.cat\/inslacetania\/general\/places-assignades-acte-public-20-07-23-matriculacio\/","title":{"rendered":"CFGM. Places assignades acte p\u00fablic 20.07.23. MATRICULACI\u00d3."},"content":{"rendered":"<p><strong>PER A LES PERSONES QUE HAN TINGUT PLA\u00c7A A L\u2019ACTE P\u00daBLIC DEL DIJOUS 20.07.2023.<\/strong><\/p>\n<ul>\n<li>Termini de matr\u00edcula: <strong>del 21 al 22 de juliol<\/strong><\/li>\n<\/ul>\n<p>Procediment per realitzar la matr\u00edcula a CFGM:<\/p>\n<ol>\n<li>Llegiu el document <a href=\"https:\/\/drive.google.com\/file\/d\/1eFrU_7pe6UEsYHnZl4NhoVVseMxBGUqy\/view?usp=drive_link\">Instruccions de matr\u00edcula<\/a><\/li>\n<li>Accediu al seg\u00fcent <a href=\"https:\/\/aplicacions.lacetania.cat\/matricula\/\">enlla\u00e7<\/a> per formalitzar la matr\u00edcula.<\/li>\n<\/ol>\n<p>Excepte per als cicles TM10 i TM20, si voleu utilitzar un armariet de lloguer que ofereix l\u2019AMPA, descarregueu aquest <a href=\"https:\/\/drive.google.com\/file\/d\/1jSMtQMWm4V8tO_9pnK--mRvJ6upyZ4vs\/view\" target=\"_blank\" rel=\"noopener\">document<\/a>.<\/p>\n<p><strong>Important<\/strong>: per l\u2019alumnat de 1r curs del cicle AG10 Gesti\u00f3 administrativa, s\u2019ofereix la modalitat del Pla d\u2019impuls a les lleng\u00fces estrangeres. Llegiu el <a href=\"https:\/\/drive.google.com\/file\/d\/18M9H1I63z6nxC54u_FlvhntXK9YOfvf6\/view\" target=\"_blank\" rel=\"noopener\">document informatiu<\/a> i, en cas de NO voler optar per aquesta modalitat, cal que empleneu el document de ren\u00fancia a l\u2019esmentat Pla i l\u2019envieu a: fp.cfgm@lacetania.cat<\/p>\n<p><em>L\u2019alumnat del cicle de Gesti\u00f3 administrativa que no renuncia al Pla d\u2019impuls a les lleng\u00fces estrangeres es considerar\u00e0 que opta per aquesta modalitat.<\/em><\/p>\n","protected":false},"excerpt":{"rendered":"<p>PER A LES PERSONES QUE HAN TINGUT PLA\u00c7A A L\u2019ACTE P\u00daBLIC DEL DIJOUS 20.07.2023. Termini de matr\u00edcula: del 21 al 22 de juliol Procediment per realitzar la matr\u00edcula a CFGM: Llegiu el document Instruccions de matr\u00edcula Accediu al seg\u00fcent enlla\u00e7 per formalitzar la matr\u00edcula. Excepte per als cicles TM10 i TM20, si voleu utilitzar un [&hellip;]<\/p>\n","protected":false},"author":9,"featured_media":19367,"comment_status":"closed","ping_status":"closed","sticky":false,"template":"","format":"standard","meta":{"_bbp_topic_count":0,"_bbp_reply_count":0,"_bbp_total_topic_count":0,"_bbp_total_reply_count":0,"_bbp_voice_count":0,"_bbp_anonymous_reply_count":0,"_bbp_topic_count_hidden":0,"_bbp_reply_count_hidden":0,"_bbp_forum_subforum_count":0,"site-sidebar-layout":"default","site-content-layout":"","ast-site-content-layout":"","site-content-style":"default","site-sidebar-style":"default","ast-global-header-display":"","ast-banner-title-visibility":"","ast-main-header-display":"","ast-hfb-above-header-display":"","ast-hfb-below-header-display":"","ast-hfb-mobile-header-display":"","site-post-title":"","ast-breadcrumbs-content":"","ast-featured-img":"","footer-sml-layout":"","theme-transparent-header-meta":"","adv-header-id-meta":"","stick-header-meta":"","header-above-stick-meta":"","header-main-stick-meta":"","header-below-stick-meta":"","astra-migrate-meta-layouts":"default","ast-page-background-enabled":"default","ast-page-background-meta":{"desktop":{"background-color":"var(--ast-global-color-4)","background-image":"","background-repeat":"repeat","background-position":"center center","background-size":"auto","background-attachment":"scroll","background-type":"","background-media":"","overlay-type":"","overlay-color":"","overlay-opacity":"","overlay-gradient":""},"tablet":{"background-color":"","background-image":"","background-repeat":"repeat","background-position":"center center","background-size":"auto","background-attachment":"scroll","background-type":"","background-media":"","overlay-type":"","overlay-color":"","overlay-opacity":"","overlay-gradient":""},"mobile":{"background-color":"","background-image":"","background-repeat":"repeat","background-position":"center center","background-size":"auto","background-attachment":"scroll","background-type":"","background-media":"","overlay-type":"","overlay-color":"","overlay-opacity":"","overlay-gradient":""}},"ast-content-background-meta":{"desktop":{"background-color":"var(--ast-global-color-5)","background-image":"","background-repeat":"repeat","background-position":"center center","background-size":"auto","background-attachment":"scroll","background-type":"","background-media":"","overlay-type":"","overlay-color":"","overlay-opacity":"","overlay-gradient":""},"tablet":{"background-color":"var(--ast-global-color-5)","background-image":"","background-repeat":"repeat","background-position":"center center","background-size":"auto","background-attachment":"scroll","background-type":"","background-media":"","overlay-type":"","overlay-color":"","overlay-opacity":"","overlay-gradient":""},"mobile":{"background-color":"var(--ast-global-color-5)","background-image":"","background-repeat":"repeat","background-position":"center center","background-size":"auto","background-attachment":"scroll","background-type":"","background-media":"","overlay-type":"","overlay-color":"","overlay-opacity":"","overlay-gradient":""}},"footnotes":""},"categories":[852,30,1,29,182],"tags":[856],"class_list":["post-19365","post","type-post","status-publish","format-standard","has-post-thumbnail","hentry","category-cfgm","category-fp","category-general","category-portada","category-secretaria","tag-matriculacio"],"post_mailing_queue_ids":[],"_links":{"self":[{"href":"https:\/\/agora.xtec.cat\/inslacetania\/wp-json\/wp\/v2\/posts\/19365","targetHints":{"allow":["GET"]}}],"collection":[{"href":"https:\/\/agora.xtec.cat\/inslacetania\/wp-json\/wp\/v2\/posts"}],"about":[{"href":"https:\/\/agora.xtec.cat\/inslacetania\/wp-json\/wp\/v2\/types\/post"}],"author":[{"embeddable":true,"href":"https:\/\/agora.xtec.cat\/inslacetania\/wp-json\/wp\/v2\/users\/9"}],"replies":[{"embeddable":true,"href":"https:\/\/agora.xtec.cat\/inslacetania\/wp-json\/wp\/v2\/comments?post=19365"}],"version-history":[{"count":3,"href":"https:\/\/agora.xtec.cat\/inslacetania\/wp-json\/wp\/v2\/posts\/19365\/revisions"}],"predecessor-version":[{"id":19424,"href":"https:\/\/agora.xtec.cat\/inslacetania\/wp-json\/wp\/v2\/posts\/19365\/revisions\/19424"}],"wp:featuredmedia":[{"embeddable":true,"href":"https:\/\/agora.xtec.cat\/inslacetania\/wp-json\/wp\/v2\/media\/19367"}],"wp:attachment":[{"href":"https:\/\/agora.xtec.cat\/inslacetania\/wp-json\/wp\/v2\/media?parent=19365"}],"wp:term":[{"taxonomy":"category","embeddable":true,"href":"https:\/\/agora.xtec.cat\/inslacetania\/wp-json\/wp\/v2\/categories?post=19365"},{"taxonomy":"post_tag","embeddable":true,"href":"https:\/\/agora.xtec.cat\/inslacetania\/wp-json\/wp\/v2\/tags?post=19365"}],"curies":[{"name":"wp","href":"https:\/\/api.w.org\/{rel}","templated":true}]}}