{"id":18497,"date":"2023-05-08T09:49:01","date_gmt":"2023-05-08T07:49:01","guid":{"rendered":"https:\/\/agora.xtec.cat\/inslacetania\/?p=18497"},"modified":"2023-05-08T09:49:40","modified_gmt":"2023-05-08T07:49:40","slug":"sortida-anual-de-lalumnat-amb-perdua-auditiva","status":"publish","type":"post","link":"https:\/\/agora.xtec.cat\/inslacetania\/eso\/sortida-anual-de-lalumnat-amb-perdua-auditiva\/","title":{"rendered":"SORTIDA ANUAL DE L\u2019ALUMNAT AMB P\u00c8RDUA AUDITIVA"},"content":{"rendered":"<p>Dimecres passat, es va celebrar la sortida anual d\u2019alumnat amb p\u00e8rdua auditiva organitzada pel CREDA de la Catalunya Central.<\/p>\n<p><a href=\"https:\/\/agora.xtec.cat\/inslacetania\/wp-content\/uploads\/usu1045\/2023\/05\/0698154c-3bd1-48ba-b0af-ce2cb81ec365.jpg\"><img loading=\"lazy\" decoding=\"async\" class=\"wp-image-18514 aligncenter\" src=\"https:\/\/agora.xtec.cat\/inslacetania\/wp-content\/uploads\/usu1045\/2023\/05\/0698154c-3bd1-48ba-b0af-ce2cb81ec365-1024x827.jpg\" alt=\"\" width=\"462\" height=\"373\" srcset=\"https:\/\/agora.xtec.cat\/inslacetania\/wp-content\/uploads\/usu1045\/2023\/05\/0698154c-3bd1-48ba-b0af-ce2cb81ec365-1024x827.jpg 1024w, https:\/\/agora.xtec.cat\/inslacetania\/wp-content\/uploads\/usu1045\/2023\/05\/0698154c-3bd1-48ba-b0af-ce2cb81ec365-300x242.jpg 300w, https:\/\/agora.xtec.cat\/inslacetania\/wp-content\/uploads\/usu1045\/2023\/05\/0698154c-3bd1-48ba-b0af-ce2cb81ec365-768x620.jpg 768w, https:\/\/agora.xtec.cat\/inslacetania\/wp-content\/uploads\/usu1045\/2023\/05\/0698154c-3bd1-48ba-b0af-ce2cb81ec365-1536x1241.jpg 1536w, https:\/\/agora.xtec.cat\/inslacetania\/wp-content\/uploads\/usu1045\/2023\/05\/0698154c-3bd1-48ba-b0af-ce2cb81ec365.jpg 2048w\" sizes=\"auto, (max-width: 462px) 100vw, 462px\" \/><\/a><\/p>\n<p>Com cada any, tot l\u2019alumnat amb p\u00e8rdua auditiva del Lacet\u00e0nia hi ha participat i s\u2019han reunit amb una quarantena d\u2019alumnes m\u00e9s d\u2019Educaci\u00f3 Prim\u00e0ria i Secund\u00e0ria d\u2019escoles i instituts de l\u2019Anoia, el Bergued\u00e0, el Moian\u00e8s, Osona, el Bages i el Solson\u00e8s.<\/p>\n<p>La jornada va comen\u00e7ar\u00a0 a les 9 del mat\u00ed al Parc de l\u2019Agulla. Els estudiants del grau mig d\u2019Animaci\u00f3 S\u00f2ciocultural de l\u2019IES Guillem Cat\u00e0 de Manresa, eren els encarregats de dirigir i dinamitzar les activitats.<\/p>\n<p>Enguany, les activitats proposades consistien en un seguit de reptes cooperatius i col\u00b7laboratius que calia anar superant per arribar a aconseguir el desitjat tresor. Un cop aconseguit l\u2019objectiu, l\u2019alumnat ha pogut dinar al parc i intercanviar <span style=\"font-family: inherit;font-size: 1em\">experi\u00e8ncies, viv\u00e8ncies i inquietuds amb els companys i companyes.<\/span><\/p>\n<p><a href=\"https:\/\/agora.xtec.cat\/inslacetania\/wp-content\/uploads\/usu1045\/2023\/05\/fd9dfd29-3283-468b-9e36-408513daac20.jpg\"><img loading=\"lazy\" decoding=\"async\" class=\"wp-image-18513 alignright\" src=\"https:\/\/agora.xtec.cat\/inslacetania\/wp-content\/uploads\/usu1045\/2023\/05\/fd9dfd29-3283-468b-9e36-408513daac20-768x1024.jpg\" alt=\"\" width=\"208\" height=\"278\" srcset=\"https:\/\/agora.xtec.cat\/inslacetania\/wp-content\/uploads\/usu1045\/2023\/05\/fd9dfd29-3283-468b-9e36-408513daac20-768x1024.jpg 768w, https:\/\/agora.xtec.cat\/inslacetania\/wp-content\/uploads\/usu1045\/2023\/05\/fd9dfd29-3283-468b-9e36-408513daac20-225x300.jpg 225w, https:\/\/agora.xtec.cat\/inslacetania\/wp-content\/uploads\/usu1045\/2023\/05\/fd9dfd29-3283-468b-9e36-408513daac20-1152x1536.jpg 1152w, https:\/\/agora.xtec.cat\/inslacetania\/wp-content\/uploads\/usu1045\/2023\/05\/fd9dfd29-3283-468b-9e36-408513daac20.jpg 1536w\" sizes=\"auto, (max-width: 208px) 100vw, 208px\" \/><\/a><\/p>\n<p>Aquesta trobada, cada any, \u00e9s molt esperada per tots i totes, ja que, m\u00e9s enll\u00e0 de compartir una estona de jocs i diversi\u00f3, \u00e9s una trobada on els alumnes poden crear vincles amb altre alumnat<a href=\"https:\/\/agora.xtec.cat\/inslacetania\/wp-content\/uploads\/usu1045\/2023\/05\/IMG_6131.heic\"><img loading=\"lazy\" decoding=\"async\" class=\"alignnone size-large wp-image-18506\" src=\"https:\/\/agora.xtec.cat\/inslacetania\/wp-content\/uploads\/usu1045\/2023\/05\/IMG_6131.heic\" alt=\"\" width=\"1\" height=\"1\" \/><\/a><a href=\"https:\/\/agora.xtec.cat\/inslacetania\/wp-content\/uploads\/usu1045\/2023\/05\/IMG_6131.heic\"><img loading=\"lazy\" decoding=\"async\" class=\"alignnone size-large wp-image-18506\" src=\"https:\/\/agora.xtec.cat\/inslacetania\/wp-content\/uploads\/usu1045\/2023\/05\/IMG_6131.heic\" alt=\"\" width=\"1\" height=\"1\" \/><\/a> <a href=\"https:\/\/agora.xtec.cat\/inslacetania\/wp-content\/uploads\/usu1045\/2023\/05\/IMG_6126-1.heic\"><img loading=\"lazy\" decoding=\"async\" class=\"alignnone size-large wp-image-18510\" src=\"https:\/\/agora.xtec.cat\/inslacetania\/wp-content\/uploads\/usu1045\/2023\/05\/IMG_6126-1.heic\" alt=\"\" width=\"1\" height=\"1\" \/><\/a> amb qui tenen molt en com\u00fa.<\/p>\n","protected":false},"excerpt":{"rendered":"<p>Dimecres passat, es va celebrar la sortida anual d\u2019alumnat amb p\u00e8rdua auditiva organitzada pel CREDA de la Catalunya Central. Com cada any, tot l\u2019alumnat amb p\u00e8rdua auditiva del Lacet\u00e0nia hi ha participat i s\u2019han reunit amb una quarantena d\u2019alumnes m\u00e9s d\u2019Educaci\u00f3 Prim\u00e0ria i Secund\u00e0ria d\u2019escoles i instituts de l\u2019Anoia, el Bergued\u00e0, el Moian\u00e8s, Osona, el [&hellip;]<\/p>\n","protected":false},"author":36,"featured_media":18514,"comment_status":"closed","ping_status":"closed","sticky":false,"template":"","format":"standard","meta":{"_bbp_topic_count":0,"_bbp_reply_count":0,"_bbp_total_topic_count":0,"_bbp_total_reply_count":0,"_bbp_voice_count":0,"_bbp_anonymous_reply_count":0,"_bbp_topic_count_hidden":0,"_bbp_reply_count_hidden":0,"_bbp_forum_subforum_count":0,"site-sidebar-layout":"default","site-content-layout":"","ast-site-content-layout":"","site-content-style":"default","site-sidebar-style":"default","ast-global-header-display":"","ast-banner-title-visibility":"","ast-main-header-display":"","ast-hfb-above-header-display":"","ast-hfb-below-header-display":"","ast-hfb-mobile-header-display":"","site-post-title":"","ast-breadcrumbs-content":"","ast-featured-img":"","footer-sml-layout":"","theme-transparent-header-meta":"","adv-header-id-meta":"","stick-header-meta":"","header-above-stick-meta":"","header-main-stick-meta":"","header-below-stick-meta":"","astra-migrate-meta-layouts":"default","ast-page-background-enabled":"default","ast-page-background-meta":{"desktop":{"background-color":"var(--ast-global-color-4)","background-image":"","background-repeat":"repeat","background-position":"center center","background-size":"auto","background-attachment":"scroll","background-type":"","background-media":"","overlay-type":"","overlay-color":"","overlay-opacity":"","overlay-gradient":""},"tablet":{"background-color":"","background-image":"","background-repeat":"repeat","background-position":"center center","background-size":"auto","background-attachment":"scroll","background-type":"","background-media":"","overlay-type":"","overlay-color":"","overlay-opacity":"","overlay-gradient":""},"mobile":{"background-color":"","background-image":"","background-repeat":"repeat","background-position":"center center","background-size":"auto","background-attachment":"scroll","background-type":"","background-media":"","overlay-type":"","overlay-color":"","overlay-opacity":"","overlay-gradient":""}},"ast-content-background-meta":{"desktop":{"background-color":"var(--ast-global-color-5)","background-image":"","background-repeat":"repeat","background-position":"center center","background-size":"auto","background-attachment":"scroll","background-type":"","background-media":"","overlay-type":"","overlay-color":"","overlay-opacity":"","overlay-gradient":""},"tablet":{"background-color":"var(--ast-global-color-5)","background-image":"","background-repeat":"repeat","background-position":"center center","background-size":"auto","background-attachment":"scroll","background-type":"","background-media":"","overlay-type":"","overlay-color":"","overlay-opacity":"","overlay-gradient":""},"mobile":{"background-color":"var(--ast-global-color-5)","background-image":"","background-repeat":"repeat","background-position":"center center","background-size":"auto","background-attachment":"scroll","background-type":"","background-media":"","overlay-type":"","overlay-color":"","overlay-opacity":"","overlay-gradient":""}},"footnotes":""},"categories":[3,136,29,137],"tags":[839,797,840],"class_list":["post-18497","post","type-post","status-publish","format-standard","has-post-thumbnail","hentry","category-eso","category-noticies","category-portada","category-sortides","tag-creda","tag-diversitat","tag-sial"],"post_mailing_queue_ids":[],"_links":{"self":[{"href":"https:\/\/agora.xtec.cat\/inslacetania\/wp-json\/wp\/v2\/posts\/18497","targetHints":{"allow":["GET"]}}],"collection":[{"href":"https:\/\/agora.xtec.cat\/inslacetania\/wp-json\/wp\/v2\/posts"}],"about":[{"href":"https:\/\/agora.xtec.cat\/inslacetania\/wp-json\/wp\/v2\/types\/post"}],"author":[{"embeddable":true,"href":"https:\/\/agora.xtec.cat\/inslacetania\/wp-json\/wp\/v2\/users\/36"}],"replies":[{"embeddable":true,"href":"https:\/\/agora.xtec.cat\/inslacetania\/wp-json\/wp\/v2\/comments?post=18497"}],"version-history":[{"count":1,"href":"https:\/\/agora.xtec.cat\/inslacetania\/wp-json\/wp\/v2\/posts\/18497\/revisions"}],"predecessor-version":[{"id":18515,"href":"https:\/\/agora.xtec.cat\/inslacetania\/wp-json\/wp\/v2\/posts\/18497\/revisions\/18515"}],"wp:featuredmedia":[{"embeddable":true,"href":"https:\/\/agora.xtec.cat\/inslacetania\/wp-json\/wp\/v2\/media\/18514"}],"wp:attachment":[{"href":"https:\/\/agora.xtec.cat\/inslacetania\/wp-json\/wp\/v2\/media?parent=18497"}],"wp:term":[{"taxonomy":"category","embeddable":true,"href":"https:\/\/agora.xtec.cat\/inslacetania\/wp-json\/wp\/v2\/categories?post=18497"},{"taxonomy":"post_tag","embeddable":true,"href":"https:\/\/agora.xtec.cat\/inslacetania\/wp-json\/wp\/v2\/tags?post=18497"}],"curies":[{"name":"wp","href":"https:\/\/api.w.org\/{rel}","templated":true}]}}