{"id":16782,"date":"2023-02-24T09:53:15","date_gmt":"2023-02-24T08:53:15","guid":{"rendered":"https:\/\/agora.xtec.cat\/inslacetania\/?p=16782"},"modified":"2023-02-24T09:53:15","modified_gmt":"2023-02-24T08:53:15","slug":"un-tabu-que-ens-destrueix-per-dins","status":"publish","type":"post","link":"https:\/\/agora.xtec.cat\/inslacetania\/general\/un-tabu-que-ens-destrueix-per-dins\/","title":{"rendered":"UN TAB\u00da QUE ENS DESTRUEIX PER DINS"},"content":{"rendered":"<p>Com ja sabeu, aquests passats dimecres i dijous dies 25 i 26 de gener, hi ha hagut una vaga, de la qual segurament tots en sabem els motius, per\u00f2 per si hi ha alg\u00fa que no ho sap o no n&#8217;est\u00e0 segur aqu\u00ed us els deixem:<\/p>\n<p>1. Educaci\u00f3 p\u00fablica 100% gratu\u00efta, de qualitat i en catal\u00e0 des d\u2019Infantil a la Universitat i inversi\u00f3 del 7% del PIB. Reversi\u00f3 de totes les retallades i privatitzacions; ni un euro a la privada-concertada.<br \/>\n2. Augment dr\u00e0stic de les plantilles de professorat per a reduir les r\u00e0tios a 15 alumnes per aula.<br \/>\n3. Creaci\u00f3 de milers de places p\u00fabliques i gratu\u00eftes a la Formaci\u00f3 Professional. Pr\u00e0ctiques remunerades, dignes i amb drets.<br \/>\n4. En defensa de la salut mental. Contractaci\u00f3 de psic\u00f2logues i psiquiatres a l\u2019Atenci\u00f3 Prim\u00e0ria i hospitals, i a cada escola, institut i facultat p\u00fabliques. Educaci\u00f3 sexual, emocional i de prevenci\u00f3 de su\u00efcidis com a part dels plans d\u2019estudi.<br \/>\n5. Per un lloc de treball digne en acabar els estudis o subsidi d\u2019atur indefinit.<br \/>\n6. Nacionalitzaci\u00f3 de la sanitat privada i la ind\u00fastria farmac\u00e8utica per posar tots els recursos econ\u00f2mics existents al servei de les necessitats socials.<\/p>\n<p>Aquests s\u00f3n els motius pels quals el Sindicat d&#8217;Estudiants va convocar la vaga. I \u00e9s que aquests s\u00f3n uns temes molt importants, que algunes vegades no prenem seriosament i no hauria de ser aix\u00ed, perqu\u00e8 com a estudiants en etapa de formaci\u00f3 ens mereixem poder disposar de tots els recursos.<\/p>\n<p>Avui, per\u00f2, us parlarem del tema que hem vist m\u00e9s important. Parlarem de la salut mental.<\/p>\n<p>Des del nostre punt de vista, creiem que anem malament com a societat, ja que primer de tot pensem que la salut mental no est\u00e0 gaire ben vista dins la societat o l&#8217;educaci\u00f3. Ja que per exemple, una situaci\u00f3 que ara est\u00e0 canviant, \u00e9s l&#8217;acceptaci\u00f3 amb normalitat de les persones que estan visitant el servei de salut mental, tot i que encara hi ha gent que quan li dius que vas al psic\u00f2leg, et miren com si fos una cosa anormal, ja que encara \u00e9s un tema tab\u00fa dins la societat, i no hauria de ser aix\u00ed.<\/p>\n<p>A part, creiem que tant a l&#8217;institut com a l&#8217;escola o com a la societat, <span style=\"font-family: inherit; font-size: 1em;\">hauria de ser-nos proporcionada una ajuda psicol\u00f2gica gratu\u00efta, per\u00f2 de qualitat. Ja que en el servei p\u00fablic, a vegades no ens donen la suficient atenci\u00f3, ja sigui perqu\u00e8 estan molt saturats o perqu\u00e8 amb tan poques sessions no hi ha gaire temps per tractar-ho tot. I en el sistema privat, s\u00ed que se&#8217;ns proporcionen altres serveis i ajudes, per\u00f2 \u00e9s molt car i molta gent no s&#8217;ho pot permetre.<\/span><\/p>\n<p>Per\u00f2 b\u00e9, aquest \u00e9s el nostre punt de vista, ara us deixem una gr\u00e0fica i les respostes m\u00e9s argumentades d&#8217;alumnes de l&#8217;institut, per veure qu\u00e8 \u00e9s el que en pensen.<\/p>\n<p><a href=\"https:\/\/agora.xtec.cat\/inslacetania\/wp-content\/uploads\/usu1045\/2023\/02\/Un-Tabu-que-ens-destrueix-per-dins-2.pdf\">Un Tab\u00fa que ens destrueix per dins<\/a><\/p>\n<p><a href=\"https:\/\/www.canva.com\/design\/DAFaJ35hrjc\/OJ6tn4sIang8qEfGFyweuw\/view?utm_content=DAFaJ35hrjc&amp;utm_campaign=designshare&amp;utm_medium=link2&amp;utm_source=sharebutton\">Presentaci\u00f3 canva<\/a><\/p>\n<p style=\"text-align: right;\">Josep Garcia i Laia Mart\u00ednez.<\/p>\n","protected":false},"excerpt":{"rendered":"<p>Com ja sabeu, aquests passats dimecres i dijous dies 25 i 26 de gener, hi ha hagut una vaga, de la qual segurament tots en sabem els motius, per\u00f2 per si hi ha alg\u00fa que no ho sap o no n&#8217;est\u00e0 segur aqu\u00ed us els deixem: 1. Educaci\u00f3 p\u00fablica 100% gratu\u00efta, de qualitat i en [&hellip;]<\/p>\n","protected":false},"author":1018,"featured_media":17133,"comment_status":"closed","ping_status":"closed","sticky":false,"template":"","format":"standard","meta":{"_bbp_topic_count":0,"_bbp_reply_count":0,"_bbp_total_topic_count":0,"_bbp_total_reply_count":0,"_bbp_voice_count":0,"_bbp_anonymous_reply_count":0,"_bbp_topic_count_hidden":0,"_bbp_reply_count_hidden":0,"_bbp_forum_subforum_count":0,"site-sidebar-layout":"default","site-content-layout":"","ast-site-content-layout":"","site-content-style":"default","site-sidebar-style":"default","ast-global-header-display":"","ast-banner-title-visibility":"","ast-main-header-display":"","ast-hfb-above-header-display":"","ast-hfb-below-header-display":"","ast-hfb-mobile-header-display":"","site-post-title":"","ast-breadcrumbs-content":"","ast-featured-img":"","footer-sml-layout":"","theme-transparent-header-meta":"","adv-header-id-meta":"","stick-header-meta":"","header-above-stick-meta":"","header-main-stick-meta":"","header-below-stick-meta":"","astra-migrate-meta-layouts":"default","ast-page-background-enabled":"default","ast-page-background-meta":{"desktop":{"background-color":"var(--ast-global-color-4)","background-image":"","background-repeat":"repeat","background-position":"center center","background-size":"auto","background-attachment":"scroll","background-type":"","background-media":"","overlay-type":"","overlay-color":"","overlay-opacity":"","overlay-gradient":""},"tablet":{"background-color":"","background-image":"","background-repeat":"repeat","background-position":"center center","background-size":"auto","background-attachment":"scroll","background-type":"","background-media":"","overlay-type":"","overlay-color":"","overlay-opacity":"","overlay-gradient":""},"mobile":{"background-color":"","background-image":"","background-repeat":"repeat","background-position":"center center","background-size":"auto","background-attachment":"scroll","background-type":"","background-media":"","overlay-type":"","overlay-color":"","overlay-opacity":"","overlay-gradient":""}},"ast-content-background-meta":{"desktop":{"background-color":"var(--ast-global-color-5)","background-image":"","background-repeat":"repeat","background-position":"center center","background-size":"auto","background-attachment":"scroll","background-type":"","background-media":"","overlay-type":"","overlay-color":"","overlay-opacity":"","overlay-gradient":""},"tablet":{"background-color":"var(--ast-global-color-5)","background-image":"","background-repeat":"repeat","background-position":"center center","background-size":"auto","background-attachment":"scroll","background-type":"","background-media":"","overlay-type":"","overlay-color":"","overlay-opacity":"","overlay-gradient":""},"mobile":{"background-color":"var(--ast-global-color-5)","background-image":"","background-repeat":"repeat","background-position":"center center","background-size":"auto","background-attachment":"scroll","background-type":"","background-media":"","overlay-type":"","overlay-color":"","overlay-opacity":"","overlay-gradient":""}},"footnotes":""},"categories":[118,1,102],"tags":[],"class_list":["post-16782","post","type-post","status-publish","format-standard","has-post-thumbnail","hentry","category-entrevistes","category-general","category-revista"],"post_mailing_queue_ids":[],"_links":{"self":[{"href":"https:\/\/agora.xtec.cat\/inslacetania\/wp-json\/wp\/v2\/posts\/16782","targetHints":{"allow":["GET"]}}],"collection":[{"href":"https:\/\/agora.xtec.cat\/inslacetania\/wp-json\/wp\/v2\/posts"}],"about":[{"href":"https:\/\/agora.xtec.cat\/inslacetania\/wp-json\/wp\/v2\/types\/post"}],"author":[{"embeddable":true,"href":"https:\/\/agora.xtec.cat\/inslacetania\/wp-json\/wp\/v2\/users\/1018"}],"replies":[{"embeddable":true,"href":"https:\/\/agora.xtec.cat\/inslacetania\/wp-json\/wp\/v2\/comments?post=16782"}],"version-history":[{"count":3,"href":"https:\/\/agora.xtec.cat\/inslacetania\/wp-json\/wp\/v2\/posts\/16782\/revisions"}],"predecessor-version":[{"id":17144,"href":"https:\/\/agora.xtec.cat\/inslacetania\/wp-json\/wp\/v2\/posts\/16782\/revisions\/17144"}],"wp:featuredmedia":[{"embeddable":true,"href":"https:\/\/agora.xtec.cat\/inslacetania\/wp-json\/wp\/v2\/media\/17133"}],"wp:attachment":[{"href":"https:\/\/agora.xtec.cat\/inslacetania\/wp-json\/wp\/v2\/media?parent=16782"}],"wp:term":[{"taxonomy":"category","embeddable":true,"href":"https:\/\/agora.xtec.cat\/inslacetania\/wp-json\/wp\/v2\/categories?post=16782"},{"taxonomy":"post_tag","embeddable":true,"href":"https:\/\/agora.xtec.cat\/inslacetania\/wp-json\/wp\/v2\/tags?post=16782"}],"curies":[{"name":"wp","href":"https:\/\/api.w.org\/{rel}","templated":true}]}}