{"id":16477,"date":"2023-03-10T20:54:48","date_gmt":"2023-03-10T19:54:48","guid":{"rendered":"https:\/\/agora.xtec.cat\/inslacetania\/?p=16477"},"modified":"2023-03-10T20:54:48","modified_gmt":"2023-03-10T19:54:48","slug":"el-nostre-petit-granet-de-sorra-tambe-pot-aportar","status":"publish","type":"post","link":"https:\/\/agora.xtec.cat\/inslacetania\/general\/el-nostre-petit-granet-de-sorra-tambe-pot-aportar\/","title":{"rendered":"EL NOSTRE PETIT GRANET DE SORRA TAMB\u00c9 POT APORTAR"},"content":{"rendered":"<p>Aquest dissabte passat, 4 de mar\u00e7 va tenir lloc una ballada de sardanes contra la sequera al Pant\u00e0 de Sau.<\/p>\n<p>L\u2019<strong>Ag\u00e8ncia Catalana de l\u2019Aigua\u00a0<\/strong>ens va fer saber el passat 26 de febrer que l\u2019estat actual de les\u00a0reserves d\u2019aigua als embassaments catalans \u00e9s del<strong> 28%.\u00a0<\/strong>\u00c9s un fet que ens hauria de preocupar molt, ja que en el mateix lloc on es va fer la ballada, era un indret on tot estava cobert d&#8217;aigua, d&#8217;on des de lluny nom\u00e9s \u00e9rem capa\u00e7os de veure la punta de dalt de tot de l&#8217;esgl\u00e9sia, per\u00f2 on ara mateix vam poder contemplar-la tota sencera.<\/p>\n<p><a href=\"https:\/\/agora.xtec.cat\/inslacetania\/wp-content\/uploads\/usu1045\/2023\/03\/WhatsApp-Image-2023-03-06-at-07.56.39.jpeg\"><img loading=\"lazy\" decoding=\"async\" class=\"alignnone wp-image-17309\" src=\"https:\/\/agora.xtec.cat\/inslacetania\/wp-content\/uploads\/usu1045\/2023\/03\/WhatsApp-Image-2023-03-06-at-07.56.39.jpeg\" alt=\"\" width=\"203\" height=\"270\" srcset=\"https:\/\/agora.xtec.cat\/inslacetania\/wp-content\/uploads\/usu1045\/2023\/03\/WhatsApp-Image-2023-03-06-at-07.56.39.jpeg 768w, https:\/\/agora.xtec.cat\/inslacetania\/wp-content\/uploads\/usu1045\/2023\/03\/WhatsApp-Image-2023-03-06-at-07.56.39-225x300.jpeg 225w\" sizes=\"auto, (max-width: 203px) 100vw, 203px\" \/><\/a> <a href=\"https:\/\/agora.xtec.cat\/inslacetania\/wp-content\/uploads\/usu1045\/2023\/03\/WhatsApp-Image-2023-03-06-at-07.56.40-1.jpeg\"><img loading=\"lazy\" decoding=\"async\" class=\"wp-image-17311 alignnone\" src=\"https:\/\/agora.xtec.cat\/inslacetania\/wp-content\/uploads\/usu1045\/2023\/03\/WhatsApp-Image-2023-03-06-at-07.56.40-1.jpeg\" alt=\"\" width=\"155\" height=\"271\" srcset=\"https:\/\/agora.xtec.cat\/inslacetania\/wp-content\/uploads\/usu1045\/2023\/03\/WhatsApp-Image-2023-03-06-at-07.56.40-1.jpeg 473w, https:\/\/agora.xtec.cat\/inslacetania\/wp-content\/uploads\/usu1045\/2023\/03\/WhatsApp-Image-2023-03-06-at-07.56.40-1-172x300.jpeg 172w\" sizes=\"auto, (max-width: 155px) 100vw, 155px\" \/><\/a><\/p>\n<p>\u00c9s per aix\u00f2 que molta gent de diversos territoris i de diverses edats van decidir aportar el seu petit granet de sorra assistint a la ballada.<\/p>\n<p><a href=\"https:\/\/agora.xtec.cat\/inslacetania\/wp-content\/uploads\/usu1045\/2023\/03\/WhatsApp-Image-2023-03-06-at-07.56.39-2-1.jpeg\"><img loading=\"lazy\" decoding=\"async\" class=\"alignnone wp-image-17323\" src=\"https:\/\/agora.xtec.cat\/inslacetania\/wp-content\/uploads\/usu1045\/2023\/03\/WhatsApp-Image-2023-03-06-at-07.56.39-2-1.jpeg\" alt=\"\" width=\"221\" height=\"311\" srcset=\"https:\/\/agora.xtec.cat\/inslacetania\/wp-content\/uploads\/usu1045\/2023\/03\/WhatsApp-Image-2023-03-06-at-07.56.39-2-1.jpeg 473w, https:\/\/agora.xtec.cat\/inslacetania\/wp-content\/uploads\/usu1045\/2023\/03\/WhatsApp-Image-2023-03-06-at-07.56.39-2-1-213x300.jpeg 213w\" sizes=\"auto, (max-width: 221px) 100vw, 221px\" \/><\/a> <a href=\"https:\/\/agora.xtec.cat\/inslacetania\/wp-content\/uploads\/usu1045\/2023\/03\/WhatsApp-Image-2023-03-06-at-07.56.40-1-1.jpeg\"><img loading=\"lazy\" decoding=\"async\" class=\"alignnone wp-image-17324\" src=\"https:\/\/agora.xtec.cat\/inslacetania\/wp-content\/uploads\/usu1045\/2023\/03\/WhatsApp-Image-2023-03-06-at-07.56.40-1-1.jpeg\" alt=\"\" width=\"233\" height=\"311\" srcset=\"https:\/\/agora.xtec.cat\/inslacetania\/wp-content\/uploads\/usu1045\/2023\/03\/WhatsApp-Image-2023-03-06-at-07.56.40-1-1.jpeg 768w, https:\/\/agora.xtec.cat\/inslacetania\/wp-content\/uploads\/usu1045\/2023\/03\/WhatsApp-Image-2023-03-06-at-07.56.40-1-1-225x300.jpeg 225w\" sizes=\"auto, (max-width: 233px) 100vw, 233px\" \/><\/a> <a href=\"https:\/\/agora.xtec.cat\/inslacetania\/wp-content\/uploads\/usu1045\/2023\/03\/WhatsApp-Image-2023-03-06-at-07.56.38-2.jpeg\"><img loading=\"lazy\" decoding=\"async\" class=\"alignnone wp-image-17327\" src=\"https:\/\/agora.xtec.cat\/inslacetania\/wp-content\/uploads\/usu1045\/2023\/03\/WhatsApp-Image-2023-03-06-at-07.56.38-2.jpeg\" alt=\"\" width=\"232\" height=\"309\" srcset=\"https:\/\/agora.xtec.cat\/inslacetania\/wp-content\/uploads\/usu1045\/2023\/03\/WhatsApp-Image-2023-03-06-at-07.56.38-2.jpeg 768w, https:\/\/agora.xtec.cat\/inslacetania\/wp-content\/uploads\/usu1045\/2023\/03\/WhatsApp-Image-2023-03-06-at-07.56.38-2-225x300.jpeg 225w\" sizes=\"auto, (max-width: 232px) 100vw, 232px\" \/><\/a><\/p>\n<p>La ballada va consistir en 9 sardanes normals i 1 de conjunta, la qual va ser l&#8217;\u00faltima que es va fer, i on tothom, tant joves, com adults es van unir uns al voltant d&#8217;una senyera i d&#8217;altres a dins de la rotllana principal a dins en dues rotllanes, per ballar tots junts en harmonia i amb molta fe en qu\u00e8 finalment en un dia proper plogui i puguem acabar d&#8217;una vegada amb la sequera.<\/p>\n<p><a href=\"https:\/\/agora.xtec.cat\/inslacetania\/wp-content\/uploads\/usu1045\/2023\/03\/WhatsApp-Image-2023-02-28-at-13.36.17.jpeg\"><img loading=\"lazy\" decoding=\"async\" class=\"alignnone wp-image-17333\" src=\"https:\/\/agora.xtec.cat\/inslacetania\/wp-content\/uploads\/usu1045\/2023\/03\/WhatsApp-Image-2023-02-28-at-13.36.17-1004x1024.jpeg\" alt=\"\" width=\"337\" height=\"344\" srcset=\"https:\/\/agora.xtec.cat\/inslacetania\/wp-content\/uploads\/usu1045\/2023\/03\/WhatsApp-Image-2023-02-28-at-13.36.17-1004x1024.jpeg 1004w, https:\/\/agora.xtec.cat\/inslacetania\/wp-content\/uploads\/usu1045\/2023\/03\/WhatsApp-Image-2023-02-28-at-13.36.17-294x300.jpeg 294w, https:\/\/agora.xtec.cat\/inslacetania\/wp-content\/uploads\/usu1045\/2023\/03\/WhatsApp-Image-2023-02-28-at-13.36.17-768x784.jpeg 768w, https:\/\/agora.xtec.cat\/inslacetania\/wp-content\/uploads\/usu1045\/2023\/03\/WhatsApp-Image-2023-02-28-at-13.36.17.jpeg 1080w\" sizes=\"auto, (max-width: 337px) 100vw, 337px\" \/><\/a><a href=\"https:\/\/agora.xtec.cat\/inslacetania\/wp-content\/uploads\/usu1045\/2023\/03\/WhatsApp-Image-2023-02-28-at-07.37.34.jpeg\"><img loading=\"lazy\" decoding=\"async\" class=\"alignnone wp-image-17334\" src=\"https:\/\/agora.xtec.cat\/inslacetania\/wp-content\/uploads\/usu1045\/2023\/03\/WhatsApp-Image-2023-02-28-at-07.37.34-912x1024.jpeg\" alt=\"\" width=\"301\" height=\"338\" srcset=\"https:\/\/agora.xtec.cat\/inslacetania\/wp-content\/uploads\/usu1045\/2023\/03\/WhatsApp-Image-2023-02-28-at-07.37.34-912x1024.jpeg 912w, https:\/\/agora.xtec.cat\/inslacetania\/wp-content\/uploads\/usu1045\/2023\/03\/WhatsApp-Image-2023-02-28-at-07.37.34-267x300.jpeg 267w, https:\/\/agora.xtec.cat\/inslacetania\/wp-content\/uploads\/usu1045\/2023\/03\/WhatsApp-Image-2023-02-28-at-07.37.34-768x863.jpeg 768w, https:\/\/agora.xtec.cat\/inslacetania\/wp-content\/uploads\/usu1045\/2023\/03\/WhatsApp-Image-2023-02-28-at-07.37.34.jpeg 1080w\" sizes=\"auto, (max-width: 301px) 100vw, 301px\" \/><\/a><\/p>\n<p>&nbsp;<\/p>\n<p>&nbsp;<\/p>\n","protected":false},"excerpt":{"rendered":"<p>Aquest dissabte passat, 4 de mar\u00e7 va tenir lloc una ballada de sardanes contra la sequera al Pant\u00e0 de Sau. L\u2019Ag\u00e8ncia Catalana de l\u2019Aigua\u00a0ens va fer saber el passat 26 de febrer que l\u2019estat actual de les\u00a0reserves d\u2019aigua als embassaments catalans \u00e9s del 28%.\u00a0\u00c9s un fet que ens hauria de preocupar molt, ja que en [&hellip;]<\/p>\n","protected":false},"author":1018,"featured_media":17332,"comment_status":"closed","ping_status":"closed","sticky":false,"template":"","format":"standard","meta":{"_bbp_topic_count":0,"_bbp_reply_count":0,"_bbp_total_topic_count":0,"_bbp_total_reply_count":0,"_bbp_voice_count":0,"_bbp_anonymous_reply_count":0,"_bbp_topic_count_hidden":0,"_bbp_reply_count_hidden":0,"_bbp_forum_subforum_count":0,"site-sidebar-layout":"default","site-content-layout":"","ast-site-content-layout":"","site-content-style":"default","site-sidebar-style":"default","ast-global-header-display":"","ast-banner-title-visibility":"","ast-main-header-display":"","ast-hfb-above-header-display":"","ast-hfb-below-header-display":"","ast-hfb-mobile-header-display":"","site-post-title":"","ast-breadcrumbs-content":"","ast-featured-img":"","footer-sml-layout":"","theme-transparent-header-meta":"","adv-header-id-meta":"","stick-header-meta":"","header-above-stick-meta":"","header-main-stick-meta":"","header-below-stick-meta":"","astra-migrate-meta-layouts":"default","ast-page-background-enabled":"default","ast-page-background-meta":{"desktop":{"background-color":"var(--ast-global-color-4)","background-image":"","background-repeat":"repeat","background-position":"center center","background-size":"auto","background-attachment":"scroll","background-type":"","background-media":"","overlay-type":"","overlay-color":"","overlay-opacity":"","overlay-gradient":""},"tablet":{"background-color":"","background-image":"","background-repeat":"repeat","background-position":"center center","background-size":"auto","background-attachment":"scroll","background-type":"","background-media":"","overlay-type":"","overlay-color":"","overlay-opacity":"","overlay-gradient":""},"mobile":{"background-color":"","background-image":"","background-repeat":"repeat","background-position":"center center","background-size":"auto","background-attachment":"scroll","background-type":"","background-media":"","overlay-type":"","overlay-color":"","overlay-opacity":"","overlay-gradient":""}},"ast-content-background-meta":{"desktop":{"background-color":"var(--ast-global-color-5)","background-image":"","background-repeat":"repeat","background-position":"center center","background-size":"auto","background-attachment":"scroll","background-type":"","background-media":"","overlay-type":"","overlay-color":"","overlay-opacity":"","overlay-gradient":""},"tablet":{"background-color":"var(--ast-global-color-5)","background-image":"","background-repeat":"repeat","background-position":"center center","background-size":"auto","background-attachment":"scroll","background-type":"","background-media":"","overlay-type":"","overlay-color":"","overlay-opacity":"","overlay-gradient":""},"mobile":{"background-color":"var(--ast-global-color-5)","background-image":"","background-repeat":"repeat","background-position":"center center","background-size":"auto","background-attachment":"scroll","background-type":"","background-media":"","overlay-type":"","overlay-color":"","overlay-opacity":"","overlay-gradient":""}},"footnotes":""},"categories":[387,1,150,136,102],"tags":[],"class_list":["post-16477","post","type-post","status-publish","format-standard","has-post-thumbnail","hentry","category-curiositats","category-general","category-i-tu-que-en-saps","category-noticies","category-revista"],"post_mailing_queue_ids":[],"_links":{"self":[{"href":"https:\/\/agora.xtec.cat\/inslacetania\/wp-json\/wp\/v2\/posts\/16477","targetHints":{"allow":["GET"]}}],"collection":[{"href":"https:\/\/agora.xtec.cat\/inslacetania\/wp-json\/wp\/v2\/posts"}],"about":[{"href":"https:\/\/agora.xtec.cat\/inslacetania\/wp-json\/wp\/v2\/types\/post"}],"author":[{"embeddable":true,"href":"https:\/\/agora.xtec.cat\/inslacetania\/wp-json\/wp\/v2\/users\/1018"}],"replies":[{"embeddable":true,"href":"https:\/\/agora.xtec.cat\/inslacetania\/wp-json\/wp\/v2\/comments?post=16477"}],"version-history":[{"count":3,"href":"https:\/\/agora.xtec.cat\/inslacetania\/wp-json\/wp\/v2\/posts\/16477\/revisions"}],"predecessor-version":[{"id":17485,"href":"https:\/\/agora.xtec.cat\/inslacetania\/wp-json\/wp\/v2\/posts\/16477\/revisions\/17485"}],"wp:featuredmedia":[{"embeddable":true,"href":"https:\/\/agora.xtec.cat\/inslacetania\/wp-json\/wp\/v2\/media\/17332"}],"wp:attachment":[{"href":"https:\/\/agora.xtec.cat\/inslacetania\/wp-json\/wp\/v2\/media?parent=16477"}],"wp:term":[{"taxonomy":"category","embeddable":true,"href":"https:\/\/agora.xtec.cat\/inslacetania\/wp-json\/wp\/v2\/categories?post=16477"},{"taxonomy":"post_tag","embeddable":true,"href":"https:\/\/agora.xtec.cat\/inslacetania\/wp-json\/wp\/v2\/tags?post=16477"}],"curies":[{"name":"wp","href":"https:\/\/api.w.org\/{rel}","templated":true}]}}