{"id":16146,"date":"2022-12-07T19:22:00","date_gmt":"2022-12-07T18:22:00","guid":{"rendered":"https:\/\/agora.xtec.cat\/inslacetania\/?p=16146"},"modified":"2022-12-07T19:27:06","modified_gmt":"2022-12-07T18:27:06","slug":"convocatoria-erasmus-gm-i-gs-2022-2023","status":"publish","type":"post","link":"https:\/\/agora.xtec.cat\/inslacetania\/general\/convocatoria-erasmus-gm-i-gs-2022-2023\/","title":{"rendered":"Convocat\u00f2ria Erasmus+ GM i GS. 2022-2023"},"content":{"rendered":"<h4>NOVA CONVOCAT\u00d2RIA D&#8217;ERASMUS PER L&#8217;ALUMNAT DE GM I DE GS 22-23<\/h4>\n<p style=\"text-align: justify;\">Tens ganes d&#8217;anar a l&#8217;estranger a fer les pr\u00e0ctiques i a gaudir de noves experi\u00e8ncies? Nom\u00e9s has d&#8217;omplir un formulari online i enviar el CV Europass i un v\u00eddeo explicant qui ets i per qu\u00e8 vols anar d&#8217;Erasmus, tot en angl\u00e8s. Tens fins <strong>l&#8217;\u00faltim dia laborable de gener per omplir la documentaci\u00f3 i entrar al proc\u00e9s de selecci\u00f3<\/strong>. Tota la informaci\u00f3 la tens disponible a la <a href=\"https:\/\/agora.xtec.cat\/inslacetania\/projectes\/erasmusplus\/erasmus-ka1\/convocatoria-actual\/\" target=\"_blank\" rel=\"noopener\">p\u00e0gina de la convocat\u00f2ria<\/a>.<\/p>\n<p>No et quedis sense pla\u00e7a! Inscriu-te! \u00c9s una gran experi\u00e8ncia!<\/p>\n<p style=\"text-align: right;\"><a href=\"https:\/\/agora.xtec.cat\/inslacetania\/wp-content\/uploads\/usu1045\/2016\/11\/EU-flag-Erasmus-e1478460285882.jpg\"><img loading=\"lazy\" decoding=\"async\" class=\"alignnone size-medium wp-image-618\" src=\"https:\/\/agora.xtec.cat\/inslacetania\/wp-content\/uploads\/usu1045\/2016\/11\/EU-flag-Erasmus-300x86.jpg\" alt=\"\" width=\"300\" height=\"86\" \/><\/a><\/p>\n","protected":false},"excerpt":{"rendered":"<p>NOVA CONVOCAT\u00d2RIA D&#8217;ERASMUS PER L&#8217;ALUMNAT DE GM I DE GS 22-23 Tens ganes d&#8217;anar a l&#8217;estranger a fer les pr\u00e0ctiques i a gaudir de noves experi\u00e8ncies? Nom\u00e9s has d&#8217;omplir un formulari online i enviar el CV Europass i un v\u00eddeo explicant qui ets i per qu\u00e8 vols anar d&#8217;Erasmus, tot en angl\u00e8s. Tens fins l&#8217;\u00faltim [&hellip;]<\/p>\n","protected":false},"author":190,"featured_media":12562,"comment_status":"closed","ping_status":"closed","sticky":false,"template":"","format":"standard","meta":{"_bbp_topic_count":0,"_bbp_reply_count":0,"_bbp_total_topic_count":0,"_bbp_total_reply_count":0,"_bbp_voice_count":0,"_bbp_anonymous_reply_count":0,"_bbp_topic_count_hidden":0,"_bbp_reply_count_hidden":0,"_bbp_forum_subforum_count":0,"site-sidebar-layout":"default","site-content-layout":"","ast-site-content-layout":"","site-content-style":"default","site-sidebar-style":"default","ast-global-header-display":"","ast-banner-title-visibility":"","ast-main-header-display":"","ast-hfb-above-header-display":"","ast-hfb-below-header-display":"","ast-hfb-mobile-header-display":"","site-post-title":"","ast-breadcrumbs-content":"","ast-featured-img":"","footer-sml-layout":"","theme-transparent-header-meta":"","adv-header-id-meta":"","stick-header-meta":"","header-above-stick-meta":"","header-main-stick-meta":"","header-below-stick-meta":"","astra-migrate-meta-layouts":"default","ast-page-background-enabled":"default","ast-page-background-meta":{"desktop":{"background-color":"var(--ast-global-color-4)","background-image":"","background-repeat":"repeat","background-position":"center center","background-size":"auto","background-attachment":"scroll","background-type":"","background-media":"","overlay-type":"","overlay-color":"","overlay-opacity":"","overlay-gradient":""},"tablet":{"background-color":"","background-image":"","background-repeat":"repeat","background-position":"center center","background-size":"auto","background-attachment":"scroll","background-type":"","background-media":"","overlay-type":"","overlay-color":"","overlay-opacity":"","overlay-gradient":""},"mobile":{"background-color":"","background-image":"","background-repeat":"repeat","background-position":"center center","background-size":"auto","background-attachment":"scroll","background-type":"","background-media":"","overlay-type":"","overlay-color":"","overlay-opacity":"","overlay-gradient":""}},"ast-content-background-meta":{"desktop":{"background-color":"var(--ast-global-color-5)","background-image":"","background-repeat":"repeat","background-position":"center center","background-size":"auto","background-attachment":"scroll","background-type":"","background-media":"","overlay-type":"","overlay-color":"","overlay-opacity":"","overlay-gradient":""},"tablet":{"background-color":"var(--ast-global-color-5)","background-image":"","background-repeat":"repeat","background-position":"center center","background-size":"auto","background-attachment":"scroll","background-type":"","background-media":"","overlay-type":"","overlay-color":"","overlay-opacity":"","overlay-gradient":""},"mobile":{"background-color":"var(--ast-global-color-5)","background-image":"","background-repeat":"repeat","background-position":"center center","background-size":"auto","background-attachment":"scroll","background-type":"","background-media":"","overlay-type":"","overlay-color":"","overlay-opacity":"","overlay-gradient":""}},"footnotes":""},"categories":[209,30,1,29],"tags":[227,579],"class_list":["post-16146","post","type-post","status-publish","format-standard","has-post-thumbnail","hentry","category-mobilitat-erasmus","category-fp","category-general","category-portada","tag-erasmus","tag-mobilitats"],"post_mailing_queue_ids":[],"_links":{"self":[{"href":"https:\/\/agora.xtec.cat\/inslacetania\/wp-json\/wp\/v2\/posts\/16146","targetHints":{"allow":["GET"]}}],"collection":[{"href":"https:\/\/agora.xtec.cat\/inslacetania\/wp-json\/wp\/v2\/posts"}],"about":[{"href":"https:\/\/agora.xtec.cat\/inslacetania\/wp-json\/wp\/v2\/types\/post"}],"author":[{"embeddable":true,"href":"https:\/\/agora.xtec.cat\/inslacetania\/wp-json\/wp\/v2\/users\/190"}],"replies":[{"embeddable":true,"href":"https:\/\/agora.xtec.cat\/inslacetania\/wp-json\/wp\/v2\/comments?post=16146"}],"version-history":[{"count":3,"href":"https:\/\/agora.xtec.cat\/inslacetania\/wp-json\/wp\/v2\/posts\/16146\/revisions"}],"predecessor-version":[{"id":16150,"href":"https:\/\/agora.xtec.cat\/inslacetania\/wp-json\/wp\/v2\/posts\/16146\/revisions\/16150"}],"wp:featuredmedia":[{"embeddable":true,"href":"https:\/\/agora.xtec.cat\/inslacetania\/wp-json\/wp\/v2\/media\/12562"}],"wp:attachment":[{"href":"https:\/\/agora.xtec.cat\/inslacetania\/wp-json\/wp\/v2\/media?parent=16146"}],"wp:term":[{"taxonomy":"category","embeddable":true,"href":"https:\/\/agora.xtec.cat\/inslacetania\/wp-json\/wp\/v2\/categories?post=16146"},{"taxonomy":"post_tag","embeddable":true,"href":"https:\/\/agora.xtec.cat\/inslacetania\/wp-json\/wp\/v2\/tags?post=16146"}],"curies":[{"name":"wp","href":"https:\/\/api.w.org\/{rel}","templated":true}]}}