{"id":14030,"date":"2023-01-31T10:33:05","date_gmt":"2023-01-31T09:33:05","guid":{"rendered":"https:\/\/agora.xtec.cat\/inslacetania\/?p=14030"},"modified":"2023-01-31T10:34:28","modified_gmt":"2023-01-31T09:34:28","slug":"heu-vist-a-la-dori-i-la-bola-pel-centre","status":"publish","type":"post","link":"https:\/\/agora.xtec.cat\/inslacetania\/general\/heu-vist-a-la-dori-i-la-bola-pel-centre\/","title":{"rendered":"Heu vist a la Dori i la Bola pel centre?"},"content":{"rendered":"<p><span style=\"font-weight: 400\">Heu vist algun dia gossos passejant-se pel centre? Us presentem a la Dori i la Bola,<a href=\"https:\/\/agora.xtec.cat\/inslacetania\/wp-content\/uploads\/usu1045\/2022\/05\/unnamed-scaled.jpg\"><img loading=\"lazy\" decoding=\"async\" class=\"wp-image-14034 alignright\" src=\"https:\/\/agora.xtec.cat\/inslacetania\/wp-content\/uploads\/usu1045\/2022\/05\/unnamed-768x1024.jpg\" alt=\"\" width=\"187\" height=\"250\" srcset=\"https:\/\/agora.xtec.cat\/inslacetania\/wp-content\/uploads\/usu1045\/2022\/05\/unnamed-768x1024.jpg 768w, https:\/\/agora.xtec.cat\/inslacetania\/wp-content\/uploads\/usu1045\/2022\/05\/unnamed-225x300.jpg 225w, https:\/\/agora.xtec.cat\/inslacetania\/wp-content\/uploads\/usu1045\/2022\/05\/unnamed-1152x1536.jpg 1152w, https:\/\/agora.xtec.cat\/inslacetania\/wp-content\/uploads\/usu1045\/2022\/05\/unnamed-1536x2048.jpg 1536w, https:\/\/agora.xtec.cat\/inslacetania\/wp-content\/uploads\/usu1045\/2022\/05\/unnamed-scaled.jpg 1920w\" sizes=\"auto, (max-width: 187px) 100vw, 187px\" \/><\/a> unes amigues molt especials.<\/span><\/p>\n<p><span style=\"font-weight: 400\">Aquest curs (igual que vam fer el curs passat i l&#8217;anterior) algun alumnat del centre t\u00e9 la sort de poder passar unes estones amb la Dori i la Bola, gosses de ter\u00e0pia de l\u2019escola canina Els Tres Pins de Balsareny.\u00a0<\/span><\/p>\n<p><a href=\"https:\/\/agora.xtec.cat\/inslacetania\/wp-content\/uploads\/usu1045\/2022\/05\/unnamed-1-scaled.jpg\"><img loading=\"lazy\" decoding=\"async\" class=\"wp-image-14031 alignleft\" src=\"https:\/\/agora.xtec.cat\/inslacetania\/wp-content\/uploads\/usu1045\/2022\/05\/unnamed-1-768x1024.jpg\" alt=\"\" width=\"178\" height=\"237\" srcset=\"https:\/\/agora.xtec.cat\/inslacetania\/wp-content\/uploads\/usu1045\/2022\/05\/unnamed-1-768x1024.jpg 768w, https:\/\/agora.xtec.cat\/inslacetania\/wp-content\/uploads\/usu1045\/2022\/05\/unnamed-1-225x300.jpg 225w, https:\/\/agora.xtec.cat\/inslacetania\/wp-content\/uploads\/usu1045\/2022\/05\/unnamed-1-1152x1536.jpg 1152w, https:\/\/agora.xtec.cat\/inslacetania\/wp-content\/uploads\/usu1045\/2022\/05\/unnamed-1-1536x2048.jpg 1536w, https:\/\/agora.xtec.cat\/inslacetania\/wp-content\/uploads\/usu1045\/2022\/05\/unnamed-1-scaled.jpg 1920w\" sizes=\"auto, (max-width: 178px) 100vw, 178px\" \/><\/a><span style=\"font-weight: 400\">La ter\u00e0pia o intervenci\u00f3 assistida amb gossos \u00e9s una de les activitats i projectes que es porten a terme al nostre centre. On l\u2019alumnat, entre moltes altres coses, crea un vincle molt especial amb l\u2019animal i viu unes experi\u00e8ncies \u00faniques.<\/span><\/p>\n<p><span style=\"font-weight: 400\">Aqu\u00ed us deixem una mica m\u00e9s d\u2019informaci\u00f3 sobre aquest tipus de ter\u00e0pia assistida amb animals i els seus beneficis, informaci\u00f3 que podeu trobar a la web <\/span><a href=\"http:\/\/www.terapiaassistidaambgossoselstrespins.com\/\"><span style=\"font-weight: 400\">www.terapiaassistidaambgossoselstrespins.com<\/span><\/a><span style=\"font-weight: 400\"> :<\/span><\/p>\n<p>&nbsp;<\/p>\n<p><i><span style=\"font-weight: 400\">Una Eina m\u00e9s per la inclusi\u00f3 social<\/span><\/i><\/p>\n<p><i><span style=\"font-weight: 400\">La ter\u00e0pia assistida amb animals en els \u00faltims anys ha experimentat una gran expansi\u00f3 al nostre pa\u00eds, ja que a trav\u00e9s de diversos estudis cient\u00edfics s&#8217;est\u00e0 demostrat que s&#8217;aconsegueixen una s\u00e8rie de beneficis depenent de la patologia o malaltia que presenta la persona, per\u00f2 no nom\u00e9s beneficia en l&#8217;aspecte f\u00edsic, sin\u00f3, tamb\u00e9 en el ps\u00edquic, per aix\u00f2, ens centrem en la fonamentaci\u00f3 metodol\u00f2gica, de la relaci\u00f3 entre ter\u00e0pia assistida amb animals i l&#8217;educaci\u00f3 emocional. (Funes y Lajas, 2016, p.1).<\/span><\/i><\/p>\n<p><i><span style=\"font-weight: 400\"><span style=\"color: #2795b6\"><a style=\"color: #2795b6\" href=\"https:\/\/agora.xtec.cat\/inslacetania\/wp-content\/uploads\/usu1045\/2022\/05\/unnamed-17-scaled.jpg\"><img loading=\"lazy\" decoding=\"async\" class=\"wp-image-14033 alignright\" src=\"https:\/\/agora.xtec.cat\/inslacetania\/wp-content\/uploads\/usu1045\/2022\/05\/unnamed-17-1024x768.jpg\" alt=\"\" width=\"327\" height=\"245\" srcset=\"https:\/\/agora.xtec.cat\/inslacetania\/wp-content\/uploads\/usu1045\/2022\/05\/unnamed-17-1024x768.jpg 1024w, https:\/\/agora.xtec.cat\/inslacetania\/wp-content\/uploads\/usu1045\/2022\/05\/unnamed-17-300x225.jpg 300w, https:\/\/agora.xtec.cat\/inslacetania\/wp-content\/uploads\/usu1045\/2022\/05\/unnamed-17-768x576.jpg 768w, https:\/\/agora.xtec.cat\/inslacetania\/wp-content\/uploads\/usu1045\/2022\/05\/unnamed-17-1536x1152.jpg 1536w, https:\/\/agora.xtec.cat\/inslacetania\/wp-content\/uploads\/usu1045\/2022\/05\/unnamed-17-2048x1536.jpg 2048w, https:\/\/agora.xtec.cat\/inslacetania\/wp-content\/uploads\/usu1045\/2022\/05\/unnamed-17-200x150.jpg 200w\" sizes=\"auto, (max-width: 327px) 100vw, 327px\" \/><\/a><\/span><\/span><\/i><\/p>\n<p><i><span style=\"font-weight: 400\">\u00a0<\/span><\/i><\/p>\n<h1><i><span style=\"font-weight: 400\">Objectius<\/span><\/i><\/h1>\n<ul>\n<li style=\"font-weight: 400\"><i><span style=\"font-weight: 400\">Millorar la salut dels humans a trav\u00e9s de serveis i ter\u00e0pies amb animals.<\/span><\/i><\/li>\n<\/ul>\n<ul>\n<li style=\"font-weight: 400\"><i><span style=\"font-weight: 400\">Expandir els coneixements dels efectes positius que els animals poden tenir sobre la salut i el desenvolupament dels humans.<\/span><\/i><\/li>\n<\/ul>\n<ul>\n<li style=\"font-weight: 400\"><i><span style=\"font-weight: 400\">Obrir les barreres que impedeixen que els professionals puguin treballar, cosa de qu\u00e8 s\u00f3n capa\u00e7os els animals.<\/span><\/i><\/li>\n<\/ul>\n<ul>\n<li style=\"font-weight: 400\"><i><span style=\"font-weight: 400\">Expandir el paper terap\u00e8utic i el servei dels animals en la bona salut dels humans i la seva educaci\u00f3.<\/span><\/i><\/li>\n<\/ul>\n<ul>\n<li style=\"font-weight: 400\"><i><span style=\"font-weight: 400\">Ajudar i millorar en la inclusi\u00f3 social.<\/span><\/i><\/li>\n<\/ul>\n<h1><i><span style=\"font-weight: 400\">Beneficis<\/span><\/i><\/h1>\n<p><i><span style=\"font-weight: 400\">Les situacions d&#8217;alegria, tranquil\u00b7litat i optimisme que es generen a trav\u00e9s del vincle que es produeix entre la persona i el gos, estimulen la producci\u00f3 de c\u00e8l\u00b7lules com les endorfines, moment en qu\u00e8 la persona es distreu de la seva situaci\u00f3, dolors, estat animic, etc. A m\u00e9s, s&#8217;afavoreix l&#8217;autoestima mitjan\u00e7ant l&#8217;activitat, l&#8217;exercici, l&#8217;alegria i l&#8217;optimisme.<\/span><\/i><\/p>\n<p><i><span style=\"font-weight: 400\">Altres tipus de beneficis poden ser:<\/span><\/i><\/p>\n<h3><b><i>BENEFICIS PSICOL\u00d2GICS<\/i><\/b><\/h3>\n<p><i><span style=\"font-weight: 400\">Disminueix els<\/span><\/i><b><i> temors<\/i><\/b><i><span style=\"font-weight: 400\"> davant de situacions que poden resultar perilloses per l&#8217;usuari, millorant la seva<\/span><\/i><b><i> confian\u00e7a <\/i><\/b><i><span style=\"font-weight: 400\">i <\/span><\/i><b><i>autoestima<\/i><\/b><i><span style=\"font-weight: 400\">. Tamb\u00e9 desenvolupa la <\/span><\/i><b><i>paci\u00e8ncia<\/i><\/b><i><span style=\"font-weight: 400\">, afavorint l&#8217;<\/span><\/i><b><i>autocontrol<\/i><\/b><i><span style=\"font-weight: 400\"> i l&#8217;<\/span><\/i><b><i>autodisciplina<\/i><\/b><i><span style=\"font-weight: 400\">. Tot aix\u00f2, ajuda a crear un <\/span><\/i><b><i>benestar general<\/i><\/b><i><span style=\"font-weight: 400\">.\u00a0<\/span><\/i><\/p>\n<h3><b><i>BENEFICIS EDUCATIUS<\/i><\/b><\/h3>\n<p><i><span style=\"font-weight: 400\">Augmenta la <\/span><\/i><b><i>capacitat d&#8217;atenci\u00f3<\/i><\/b><i><span style=\"font-weight: 400\">, la qual cosa permet <\/span><\/i><b><i>aprendre <\/i><\/b><i><span style=\"font-weight: 400\">conceptes, prestar m\u00e9s atenci\u00f3 sobre el que s&#8217;est\u00e0 fent, etc. Per altra banda, permet millorar el <\/span><\/i><b><i>domini de l&#8217;espai<\/i><\/b><i><span style=\"font-weight: 400\">, la c<\/span><\/i><b><i>oordinaci\u00f3 oculomanual<\/i><\/b><i><span style=\"font-weight: 400\"> i la <\/span><\/i><b><i>diferenciaci\u00f3<\/i><\/b><i><span style=\"font-weight: 400\">.<\/span><\/i><\/p>\n<h3><b><i>BENEFICIS SOCIALS<\/i><\/b><\/h3>\n<p><i><span style=\"font-weight: 400\">Permet treballar el <\/span><\/i><b><i>respecte<\/i><\/b><i><span style=\"font-weight: 400\"> i la <\/span><\/i><b><i>responsabilitat<\/i><\/b><i><span style=\"font-weight: 400\">, ajuda a desenvolupar l&#8217;<\/span><\/i><b><i>amistat<\/i><\/b><i><span style=\"font-weight: 400\">, millora la <\/span><\/i><b><i>comunicaci\u00f3 analoga<\/i><\/b><i><span style=\"font-weight: 400\"> i <\/span><\/i><b><i>verbal<\/i><\/b><i><span style=\"font-weight: 400\">, etc. A m\u00e9s, l&#8217;usuari rep <\/span><\/i><b><i>experi\u00e8ncies de vida<\/i><\/b><i><span style=\"font-weight: 400\"> gratificants.<\/span><\/i><\/p>\n<h3><b><i>BENEFICIS F\u00cdSICS<\/i><\/b><\/h3>\n<p><i><span style=\"font-weight: 400\">Permet <\/span><\/i><b><i>millorar<\/i><\/b><i><span style=\"font-weight: 400\"> aspectes de <\/span><\/i><b><i>salut<\/i><\/b><i><span style=\"font-weight: 400\"> com: regular el <\/span><\/i><b><i>to muscular<\/i><\/b><i><span style=\"font-weight: 400\">, aconseguir <\/span><\/i><b><i>reflexos<\/i><\/b><i><span style=\"font-weight: 400\"> m\u00e9s r\u00e0pids a trav\u00e9s de la millora de la <\/span><\/i><b><i>coordinaci\u00f3<\/i><\/b><i><span style=\"font-weight: 400\">, disminuir l&#8217;<\/span><\/i><b><i>espasticitat<\/i><\/b><i><span style=\"font-weight: 400\">, millorar l&#8217;<\/span><\/i><b><i>equilibri<\/i><\/b><i><span style=\"font-weight: 400\">, adquirir <\/span><\/i><b><i>consci\u00e8ncia sensorial<\/i><\/b><i><span style=\"font-weight: 400\">, etc.\u00a0<\/span><\/i><\/p>\n<h3><b><i>BENEFICIS PSICOMOTORS<\/i><\/b><\/h3>\n<p><b><i>Beneficia<\/i><\/b><i><span style=\"font-weight: 400\"> diversos aspectes <\/span><\/i><b><i>psicomotrius<\/i><\/b><i><span style=\"font-weight: 400\">: ajudar a estabilitzar el <\/span><\/i><b><i>tronc<\/i><\/b><i><span style=\"font-weight: 400\"> i el <\/span><\/i><b><i>cap<\/i><\/b><i><span style=\"font-weight: 400\">, augmentar l&#8217;<\/span><\/i><b><i>agilitat<\/i><\/b><i><span style=\"font-weight: 400\"> i la <\/span><\/i><b><i>for\u00e7a muscular<\/i><\/b><i><span style=\"font-weight: 400\">, desenvolupar l&#8217;<\/span><\/i><b><i>equilibri<\/i><\/b><i><span style=\"font-weight: 400\"> vertical i horitzontal, incrementar la <\/span><\/i><b><i>coordinaci\u00f3 psicomotriu<\/i><\/b><i><span style=\"font-weight: 400\"> fina i gruixuda, desenvolupar la <\/span><\/i><b><i>lateralitat<\/i><\/b><i><span style=\"font-weight: 400\">, etc.<\/span><\/i><\/p>\n<h3><b><i>BENEFICIS INDIRECTES<\/i><\/b><\/h3>\n<p><i><span style=\"font-weight: 400\">Pel que fa a les <\/span><\/i><b><i>fam\u00edlies<\/i><\/b><i><span style=\"font-weight: 400\"> dels usuaris, els millora l&#8217;estat d&#8217;\u00e0nim degut a que el gos realitza una intervenci\u00f3 amb el seu familiar. Pel que fa als <\/span><\/i><b><i>professionals<\/i><\/b><i><span style=\"font-weight: 400\">, a nivell de professi\u00f3, els d\u00f3na una satisfacci\u00f3 molt gran veure els resultats que han aconseguit. Finalment, pel que fa a l&#8217;<\/span><\/i><b><i>equip Amo-Gos<\/i><\/b><i><span style=\"font-weight: 400\">, el <\/span><\/i><b><i>guia<\/i><\/b><i><span style=\"font-weight: 400\"> rep una satisfacci\u00f3 a nivell personal pel fet de poder ajudar a les persones que ho necessiten, i el <\/span><\/i><b><i>gos<\/i><\/b><i><span style=\"font-weight: 400\"> gaudeix de les visites perqu\u00e8 se sent a gust rebent l&#8217;afecte dels usuaris.\u00a0<\/span><\/i><\/p>\n<p><span style=\"font-weight: 400\">Gr\u00e0cies Dori i Bola, ens veiem la setmana vinent!<\/span><\/p>\n","protected":false},"excerpt":{"rendered":"<p>Heu vist algun dia gossos passejant-se pel centre? Us presentem a la Dori i la Bola, unes amigues molt especials. Aquest curs (igual que vam fer el curs passat i l&#8217;anterior) algun alumnat del centre t\u00e9 la sort de poder passar unes estones amb la Dori i la Bola, gosses de ter\u00e0pia de l\u2019escola canina [&hellip;]<\/p>\n","protected":false},"author":36,"featured_media":16861,"comment_status":"closed","ping_status":"closed","sticky":false,"template":"","format":"standard","meta":{"_bbp_topic_count":0,"_bbp_reply_count":0,"_bbp_total_topic_count":0,"_bbp_total_reply_count":0,"_bbp_voice_count":0,"_bbp_anonymous_reply_count":0,"_bbp_topic_count_hidden":0,"_bbp_reply_count_hidden":0,"_bbp_forum_subforum_count":0,"site-sidebar-layout":"default","site-content-layout":"","ast-site-content-layout":"","site-content-style":"default","site-sidebar-style":"default","ast-global-header-display":"","ast-banner-title-visibility":"","ast-main-header-display":"","ast-hfb-above-header-display":"","ast-hfb-below-header-display":"","ast-hfb-mobile-header-display":"","site-post-title":"","ast-breadcrumbs-content":"","ast-featured-img":"","footer-sml-layout":"","theme-transparent-header-meta":"","adv-header-id-meta":"","stick-header-meta":"","header-above-stick-meta":"","header-main-stick-meta":"","header-below-stick-meta":"","astra-migrate-meta-layouts":"default","ast-page-background-enabled":"default","ast-page-background-meta":{"desktop":{"background-color":"var(--ast-global-color-4)","background-image":"","background-repeat":"repeat","background-position":"center center","background-size":"auto","background-attachment":"scroll","background-type":"","background-media":"","overlay-type":"","overlay-color":"","overlay-opacity":"","overlay-gradient":""},"tablet":{"background-color":"","background-image":"","background-repeat":"repeat","background-position":"center center","background-size":"auto","background-attachment":"scroll","background-type":"","background-media":"","overlay-type":"","overlay-color":"","overlay-opacity":"","overlay-gradient":""},"mobile":{"background-color":"","background-image":"","background-repeat":"repeat","background-position":"center center","background-size":"auto","background-attachment":"scroll","background-type":"","background-media":"","overlay-type":"","overlay-color":"","overlay-opacity":"","overlay-gradient":""}},"ast-content-background-meta":{"desktop":{"background-color":"var(--ast-global-color-5)","background-image":"","background-repeat":"repeat","background-position":"center center","background-size":"auto","background-attachment":"scroll","background-type":"","background-media":"","overlay-type":"","overlay-color":"","overlay-opacity":"","overlay-gradient":""},"tablet":{"background-color":"var(--ast-global-color-5)","background-image":"","background-repeat":"repeat","background-position":"center center","background-size":"auto","background-attachment":"scroll","background-type":"","background-media":"","overlay-type":"","overlay-color":"","overlay-opacity":"","overlay-gradient":""},"mobile":{"background-color":"var(--ast-global-color-5)","background-image":"","background-repeat":"repeat","background-position":"center center","background-size":"auto","background-attachment":"scroll","background-type":"","background-media":"","overlay-type":"","overlay-color":"","overlay-opacity":"","overlay-gradient":""}},"footnotes":""},"categories":[3,1,29],"tags":[797,799,798,796],"class_list":["post-14030","post","type-post","status-publish","format-standard","has-post-thumbnail","hentry","category-eso","category-general","category-portada","tag-diversitat","tag-inclusio","tag-psicopedagogia","tag-terapia-amb-gossos"],"post_mailing_queue_ids":[],"_links":{"self":[{"href":"https:\/\/agora.xtec.cat\/inslacetania\/wp-json\/wp\/v2\/posts\/14030","targetHints":{"allow":["GET"]}}],"collection":[{"href":"https:\/\/agora.xtec.cat\/inslacetania\/wp-json\/wp\/v2\/posts"}],"about":[{"href":"https:\/\/agora.xtec.cat\/inslacetania\/wp-json\/wp\/v2\/types\/post"}],"author":[{"embeddable":true,"href":"https:\/\/agora.xtec.cat\/inslacetania\/wp-json\/wp\/v2\/users\/36"}],"replies":[{"embeddable":true,"href":"https:\/\/agora.xtec.cat\/inslacetania\/wp-json\/wp\/v2\/comments?post=14030"}],"version-history":[{"count":2,"href":"https:\/\/agora.xtec.cat\/inslacetania\/wp-json\/wp\/v2\/posts\/14030\/revisions"}],"predecessor-version":[{"id":16860,"href":"https:\/\/agora.xtec.cat\/inslacetania\/wp-json\/wp\/v2\/posts\/14030\/revisions\/16860"}],"wp:featuredmedia":[{"embeddable":true,"href":"https:\/\/agora.xtec.cat\/inslacetania\/wp-json\/wp\/v2\/media\/16861"}],"wp:attachment":[{"href":"https:\/\/agora.xtec.cat\/inslacetania\/wp-json\/wp\/v2\/media?parent=14030"}],"wp:term":[{"taxonomy":"category","embeddable":true,"href":"https:\/\/agora.xtec.cat\/inslacetania\/wp-json\/wp\/v2\/categories?post=14030"},{"taxonomy":"post_tag","embeddable":true,"href":"https:\/\/agora.xtec.cat\/inslacetania\/wp-json\/wp\/v2\/tags?post=14030"}],"curies":[{"name":"wp","href":"https:\/\/api.w.org\/{rel}","templated":true}]}}