{"id":13977,"date":"2022-04-26T13:18:29","date_gmt":"2022-04-26T11:18:29","guid":{"rendered":"https:\/\/agora.xtec.cat\/inslacetania\/?p=13977"},"modified":"2022-04-26T13:31:33","modified_gmt":"2022-04-26T11:31:33","slug":"jornades-tecniques-automocio-lacetania","status":"publish","type":"post","link":"https:\/\/agora.xtec.cat\/inslacetania\/general\/jornades-tecniques-automocio-lacetania\/","title":{"rendered":"JORNADES T\u00c8CNIQUES AUTOMOCI\u00d3 LACET\u00c0NIA"},"content":{"rendered":"<p>Dins les Jornades Lacet\u00e0nia, el departament d&#8217;automoci\u00f3, va organitzar tot un seguit d&#8217;activitats t\u00e8cniques adre\u00e7ades al seu alumnat (sortides t\u00e8cniques, confer\u00e8ncies, tallers, masterclass, demostracions, etc.), que van comen\u00e7ar dissabte 2 d&#8217;abril i van finalitzar el divendres 8. Durant aquesta setmana, tots els grups han tingut almenys una activitat di\u00e0ria, fora de les classes convencionals. Ens han fet arribar un resum en format v\u00eddeo del que ha representat per al departament d&#8217;automoci\u00f3 aquestes XXXVI Jornades Lacet\u00e0nia.<\/p>\n<div class=\"ast-oembed-container \" style=\"height: 100%;\"><iframe loading=\"lazy\" title=\"JORNADES T\u00c8CNIQUES 22\" width=\"500\" height=\"281\" src=\"https:\/\/www.youtube.com\/embed\/gZ4DAWfn2lY?feature=oembed\" frameborder=\"0\" allow=\"accelerometer; autoplay; clipboard-write; encrypted-media; gyroscope; picture-in-picture; web-share\" referrerpolicy=\"strict-origin-when-cross-origin\" allowfullscreen><\/iframe><\/div>\n<p>Agrair la col\u00b7laboraci\u00f3 de tot el professorat i les empreses implicades en la realitzaci\u00f3 de totes i cadascuna de les activitats programades, que han estat moltes.<\/p>\n","protected":false},"excerpt":{"rendered":"<p>Dins les Jornades Lacet\u00e0nia, el departament d&#8217;automoci\u00f3, va organitzar tot un seguit d&#8217;activitats t\u00e8cniques adre\u00e7ades al seu alumnat (sortides t\u00e8cniques, confer\u00e8ncies, tallers, masterclass, demostracions, etc.), que van comen\u00e7ar dissabte 2 d&#8217;abril i van finalitzar el divendres 8. Durant aquesta setmana, tots els grups han tingut almenys una activitat di\u00e0ria, fora de les classes convencionals. Ens [&hellip;]<\/p>\n","protected":false},"author":13,"featured_media":13983,"comment_status":"closed","ping_status":"closed","sticky":false,"template":"","format":"standard","meta":{"_bbp_topic_count":0,"_bbp_reply_count":0,"_bbp_total_topic_count":0,"_bbp_total_reply_count":0,"_bbp_voice_count":0,"_bbp_anonymous_reply_count":0,"_bbp_topic_count_hidden":0,"_bbp_reply_count_hidden":0,"_bbp_forum_subforum_count":0,"site-sidebar-layout":"default","site-content-layout":"","ast-site-content-layout":"","site-content-style":"default","site-sidebar-style":"default","ast-global-header-display":"","ast-banner-title-visibility":"","ast-main-header-display":"","ast-hfb-above-header-display":"","ast-hfb-below-header-display":"","ast-hfb-mobile-header-display":"","site-post-title":"","ast-breadcrumbs-content":"","ast-featured-img":"","footer-sml-layout":"","theme-transparent-header-meta":"","adv-header-id-meta":"","stick-header-meta":"","header-above-stick-meta":"","header-main-stick-meta":"","header-below-stick-meta":"","astra-migrate-meta-layouts":"default","ast-page-background-enabled":"default","ast-page-background-meta":{"desktop":{"background-color":"var(--ast-global-color-4)","background-image":"","background-repeat":"repeat","background-position":"center center","background-size":"auto","background-attachment":"scroll","background-type":"","background-media":"","overlay-type":"","overlay-color":"","overlay-opacity":"","overlay-gradient":""},"tablet":{"background-color":"","background-image":"","background-repeat":"repeat","background-position":"center center","background-size":"auto","background-attachment":"scroll","background-type":"","background-media":"","overlay-type":"","overlay-color":"","overlay-opacity":"","overlay-gradient":""},"mobile":{"background-color":"","background-image":"","background-repeat":"repeat","background-position":"center center","background-size":"auto","background-attachment":"scroll","background-type":"","background-media":"","overlay-type":"","overlay-color":"","overlay-opacity":"","overlay-gradient":""}},"ast-content-background-meta":{"desktop":{"background-color":"var(--ast-global-color-5)","background-image":"","background-repeat":"repeat","background-position":"center center","background-size":"auto","background-attachment":"scroll","background-type":"","background-media":"","overlay-type":"","overlay-color":"","overlay-opacity":"","overlay-gradient":""},"tablet":{"background-color":"var(--ast-global-color-5)","background-image":"","background-repeat":"repeat","background-position":"center center","background-size":"auto","background-attachment":"scroll","background-type":"","background-media":"","overlay-type":"","overlay-color":"","overlay-opacity":"","overlay-gradient":""},"mobile":{"background-color":"var(--ast-global-color-5)","background-image":"","background-repeat":"repeat","background-position":"center center","background-size":"auto","background-attachment":"scroll","background-type":"","background-media":"","overlay-type":"","overlay-color":"","overlay-opacity":"","overlay-gradient":""}},"footnotes":""},"categories":[172,30,1,208,29],"tags":[716,157,720,718,717],"class_list":["post-13977","post","type-post","status-publish","format-standard","has-post-thumbnail","hentry","category-auto","category-fp","category-general","category-jornades","category-portada","tag-automocio","tag-fp","tag-jornades-lacetania","tag-opcio-dexit","tag-pont-de-futur"],"post_mailing_queue_ids":[],"_links":{"self":[{"href":"https:\/\/agora.xtec.cat\/inslacetania\/wp-json\/wp\/v2\/posts\/13977","targetHints":{"allow":["GET"]}}],"collection":[{"href":"https:\/\/agora.xtec.cat\/inslacetania\/wp-json\/wp\/v2\/posts"}],"about":[{"href":"https:\/\/agora.xtec.cat\/inslacetania\/wp-json\/wp\/v2\/types\/post"}],"author":[{"embeddable":true,"href":"https:\/\/agora.xtec.cat\/inslacetania\/wp-json\/wp\/v2\/users\/13"}],"replies":[{"embeddable":true,"href":"https:\/\/agora.xtec.cat\/inslacetania\/wp-json\/wp\/v2\/comments?post=13977"}],"version-history":[{"count":3,"href":"https:\/\/agora.xtec.cat\/inslacetania\/wp-json\/wp\/v2\/posts\/13977\/revisions"}],"predecessor-version":[{"id":13986,"href":"https:\/\/agora.xtec.cat\/inslacetania\/wp-json\/wp\/v2\/posts\/13977\/revisions\/13986"}],"wp:featuredmedia":[{"embeddable":true,"href":"https:\/\/agora.xtec.cat\/inslacetania\/wp-json\/wp\/v2\/media\/13983"}],"wp:attachment":[{"href":"https:\/\/agora.xtec.cat\/inslacetania\/wp-json\/wp\/v2\/media?parent=13977"}],"wp:term":[{"taxonomy":"category","embeddable":true,"href":"https:\/\/agora.xtec.cat\/inslacetania\/wp-json\/wp\/v2\/categories?post=13977"},{"taxonomy":"post_tag","embeddable":true,"href":"https:\/\/agora.xtec.cat\/inslacetania\/wp-json\/wp\/v2\/tags?post=13977"}],"curies":[{"name":"wp","href":"https:\/\/api.w.org\/{rel}","templated":true}]}}