{"id":12703,"date":"2022-04-07T09:54:20","date_gmt":"2022-04-07T07:54:20","guid":{"rendered":"https:\/\/agora.xtec.cat\/inslacetania\/?p=12703"},"modified":"2022-04-07T09:54:20","modified_gmt":"2022-04-07T07:54:20","slug":"la-gala-de-la-pilota-dor-2021","status":"publish","type":"post","link":"https:\/\/agora.xtec.cat\/inslacetania\/general\/la-gala-de-la-pilota-dor-2021\/","title":{"rendered":"LA GALA DE LA PILOTA D&#8217;OR 2021"},"content":{"rendered":"<pre class=\"western\"><span style=\"font-family: Liberation Serif, serif;\"><span style=\"font-size: medium;\">1. L'espanyola Alexia Putellas, jugadora del FC Barcelona, \u200b\u200bposa despr\u00e9s e rebre el premi Pilota d'Or femen\u00ed, aquest dilluns a Par\u00eds.<\/span><\/span><\/pre>\n<p><span style=\"font-family: Liberation Serif, serif;\"><span style=\"font-size: medium;\">2. <span lang=\"ca-ES\">El jugador del Par\u00eds Saint-Germain Lionel Messi, es prepara per al seu discurs despr\u00e9s de guanyar la setena Pilota d&#8217;Or de la seva traject\u00f2ria, aquest dilluns a Par\u00eds.<\/span><\/span><\/span><\/p>\n<p><span style=\"font-family: Liberation Serif, serif;\"><span style=\"font-size: medium;\">3. <span lang=\"ca-ES\">L&#8217;exfutbolista i presentador de la gala, Didier Drogba, felicita Messi per la seva set\u00e8 Pilota d&#8217;Or.<\/span><\/span><\/span><\/p>\n<p><span style=\"font-family: Liberation Serif, serif;\"><span style=\"font-size: medium;\">4. <span lang=\"ca-ES\">El davanter franc\u00e8s del PSG Kylian Mbapp\u00e9 lliura el premi Pilota d&#8217;Or femen\u00ed a la cerim\u00f2nia d&#8217;aquest dilluns a Par\u00eds.<\/span><\/span><\/span><\/p>\n<p><span style=\"font-family: Liberation Serif, serif;\"><span style=\"font-size: medium;\">5. <span lang=\"ca-ES\">Robert Lewandowski, davanter centre del Bayern Munic saluda despr\u00e9s de rebre el premi al Golejador de l&#8217;any.<\/span><\/span><\/span><\/p>\n<p><span style=\"font-family: Liberation Serif, serif;\"><span style=\"font-size: medium;\">6. <span lang=\"ca-ES\">L&#8217;itali\u00e0 Gianluigi Donnarumma, del PSG, rep el Trofeu Yashin al millor porter de mans de Didier Drogba.<\/span><\/span><\/span><\/p>\n<p><span style=\"font-family: Liberation Serif, serif;\"><span style=\"font-size: medium;\">7. <span lang=\"ca-ES\">El centrecampista espanyol del Barcelona, \u200b\u200bPedri, pronuncia un discurs despr\u00e9s de rebre el Trofeu Kopa al millor jugador sub-21, flanquejat per l&#8217;exfutbolista itali\u00e0 Fabio Cannavaro.<\/span><\/span><\/span><\/p>\n<p><span style=\"font-family: Liberation Serif, serif;\"><span style=\"font-size: medium;\">8. <span lang=\"ca-ES\">Els pilots de F\u00f3rmula 1 Fernando Alonso i Esteban Ocon de Fran\u00e7a, moments abans d&#8217;anunciar el guanyador de la Pilota d&#8217;Or d&#8217;aquest any.<\/span><\/span><\/span><\/p>\n<p><span style=\"font-family: Liberation Serif, serif;\"><span style=\"font-size: medium;\">9. <span lang=\"ca-ES\">El president del FC Barcelona, \u200b\u200bJoan Laporta, en arribar a la cerim\u00f2nia de lliurament de la Pilota d&#8217;Or, aquest dilluns a Par\u00eds.<\/span><\/span><\/span><\/p>\n<p><span style=\"font-family: Liberation Serif, serif;\"><span style=\"font-size: medium;\">10. <span lang=\"ca-ES\">Robert Lewandowski i la seva dona, Anna Lewandowska, en arribar a la cerim\u00f2nia de lliurament de la Pilota d&#8217;Or.<\/span><\/span><\/span><\/p>\n<p><span style=\"font-family: Liberation Serif, serif;\"><span style=\"font-size: medium;\">11. <span lang=\"ca-ES\">Lionel Messi, la seva dona Antonela Roccuzzo i, des de l&#8217;esquerra, els seus fills Ciro, Mateo i Thiago posen en arribar a la cerim\u00f2nia de lliurament de la Pilota d&#8217;Or.<\/span><\/span><\/span><\/p>\n","protected":false},"excerpt":{"rendered":"<p>1. L&#8217;espanyola Alexia Putellas, jugadora del FC Barcelona, \u200b\u200bposa despr\u00e9s e rebre el premi Pilota d&#8217;Or femen\u00ed, aquest dilluns a Par\u00eds. 2. El jugador del Par\u00eds Saint-Germain Lionel Messi, es prepara per al seu discurs despr\u00e9s de guanyar la setena Pilota d&#8217;Or de la seva traject\u00f2ria, aquest dilluns a Par\u00eds. 3. L&#8217;exfutbolista i presentador de [&hellip;]<\/p>\n","protected":false},"author":864,"featured_media":12795,"comment_status":"closed","ping_status":"closed","sticky":false,"template":"","format":"standard","meta":{"_bbp_topic_count":0,"_bbp_reply_count":0,"_bbp_total_topic_count":0,"_bbp_total_reply_count":0,"_bbp_voice_count":0,"_bbp_anonymous_reply_count":0,"_bbp_topic_count_hidden":0,"_bbp_reply_count_hidden":0,"_bbp_forum_subforum_count":0,"site-sidebar-layout":"default","site-content-layout":"","ast-site-content-layout":"","site-content-style":"default","site-sidebar-style":"default","ast-global-header-display":"","ast-banner-title-visibility":"","ast-main-header-display":"","ast-hfb-above-header-display":"","ast-hfb-below-header-display":"","ast-hfb-mobile-header-display":"","site-post-title":"","ast-breadcrumbs-content":"","ast-featured-img":"","footer-sml-layout":"","theme-transparent-header-meta":"","adv-header-id-meta":"","stick-header-meta":"","header-above-stick-meta":"","header-main-stick-meta":"","header-below-stick-meta":"","astra-migrate-meta-layouts":"default","ast-page-background-enabled":"default","ast-page-background-meta":{"desktop":{"background-color":"var(--ast-global-color-4)","background-image":"","background-repeat":"repeat","background-position":"center center","background-size":"auto","background-attachment":"scroll","background-type":"","background-media":"","overlay-type":"","overlay-color":"","overlay-opacity":"","overlay-gradient":""},"tablet":{"background-color":"","background-image":"","background-repeat":"repeat","background-position":"center center","background-size":"auto","background-attachment":"scroll","background-type":"","background-media":"","overlay-type":"","overlay-color":"","overlay-opacity":"","overlay-gradient":""},"mobile":{"background-color":"","background-image":"","background-repeat":"repeat","background-position":"center center","background-size":"auto","background-attachment":"scroll","background-type":"","background-media":"","overlay-type":"","overlay-color":"","overlay-opacity":"","overlay-gradient":""}},"ast-content-background-meta":{"desktop":{"background-color":"var(--ast-global-color-5)","background-image":"","background-repeat":"repeat","background-position":"center center","background-size":"auto","background-attachment":"scroll","background-type":"","background-media":"","overlay-type":"","overlay-color":"","overlay-opacity":"","overlay-gradient":""},"tablet":{"background-color":"var(--ast-global-color-5)","background-image":"","background-repeat":"repeat","background-position":"center center","background-size":"auto","background-attachment":"scroll","background-type":"","background-media":"","overlay-type":"","overlay-color":"","overlay-opacity":"","overlay-gradient":""},"mobile":{"background-color":"var(--ast-global-color-5)","background-image":"","background-repeat":"repeat","background-position":"center center","background-size":"auto","background-attachment":"scroll","background-type":"","background-media":"","overlay-type":"","overlay-color":"","overlay-opacity":"","overlay-gradient":""}},"footnotes":""},"categories":[1,102],"tags":[],"class_list":["post-12703","post","type-post","status-publish","format-standard","has-post-thumbnail","hentry","category-general","category-revista"],"post_mailing_queue_ids":[],"_links":{"self":[{"href":"https:\/\/agora.xtec.cat\/inslacetania\/wp-json\/wp\/v2\/posts\/12703","targetHints":{"allow":["GET"]}}],"collection":[{"href":"https:\/\/agora.xtec.cat\/inslacetania\/wp-json\/wp\/v2\/posts"}],"about":[{"href":"https:\/\/agora.xtec.cat\/inslacetania\/wp-json\/wp\/v2\/types\/post"}],"author":[{"embeddable":true,"href":"https:\/\/agora.xtec.cat\/inslacetania\/wp-json\/wp\/v2\/users\/864"}],"replies":[{"embeddable":true,"href":"https:\/\/agora.xtec.cat\/inslacetania\/wp-json\/wp\/v2\/comments?post=12703"}],"version-history":[{"count":4,"href":"https:\/\/agora.xtec.cat\/inslacetania\/wp-json\/wp\/v2\/posts\/12703\/revisions"}],"predecessor-version":[{"id":13849,"href":"https:\/\/agora.xtec.cat\/inslacetania\/wp-json\/wp\/v2\/posts\/12703\/revisions\/13849"}],"wp:featuredmedia":[{"embeddable":true,"href":"https:\/\/agora.xtec.cat\/inslacetania\/wp-json\/wp\/v2\/media\/12795"}],"wp:attachment":[{"href":"https:\/\/agora.xtec.cat\/inslacetania\/wp-json\/wp\/v2\/media?parent=12703"}],"wp:term":[{"taxonomy":"category","embeddable":true,"href":"https:\/\/agora.xtec.cat\/inslacetania\/wp-json\/wp\/v2\/categories?post=12703"},{"taxonomy":"post_tag","embeddable":true,"href":"https:\/\/agora.xtec.cat\/inslacetania\/wp-json\/wp\/v2\/tags?post=12703"}],"curies":[{"name":"wp","href":"https:\/\/api.w.org\/{rel}","templated":true}]}}