{"id":11816,"date":"2021-06-04T11:53:32","date_gmt":"2021-06-04T09:53:32","guid":{"rendered":"http:\/\/agora.xtec.cat\/inslacetania\/?p=11816"},"modified":"2021-06-04T11:53:47","modified_gmt":"2021-06-04T09:53:47","slug":"lacetania-apadrina-una-stolpersteine","status":"publish","type":"post","link":"https:\/\/agora.xtec.cat\/inslacetania\/portada\/lacetania-apadrina-una-stolpersteine\/","title":{"rendered":"Lacet\u00e0nia apadrina una Stolpersteine"},"content":{"rendered":"<p><span style=\"font-weight: 400;\">El passat 13 de maig a Manresa van posar unes 6 noves Stolpersteine per als Manresans deportats als camps nazis trobats recentment. L\u2019Ajuntament va proposar a diversos instituts l\u2019opci\u00f3 apadrinar-ne una i el nostre institut va decidir apadrinar-ne una que \u00e9s la de l\u2019Antonio Cano Mart\u00ednez.<\/span><\/p>\n<p><span style=\"font-weight: 400;\">Els alumnes de la classe d\u2019hist\u00f2ria del m\u00f3n contemporani de 1r de Batxillerat, la professora de socials Imma Grau i el professor de m\u00fasica Jordi Peir\u00f3 van ser els que van acudir a la cerim\u00f2nia de la col\u00b7locaci\u00f3 de la Stolpersteine.<\/span><\/p>\n<p><span style=\"font-weight: 400;\">Les paraules que els alumnes de Lacet\u00e0nia van dir en el seu homenatge va ser la seg\u00fcent:<\/span><\/p>\n<p><span style=\"font-weight: 400;\">\u201cEl final de K.L.Reich:<\/span><\/p>\n<p><span style=\"font-weight: 400;\">No s\u00f3n pas uns Estats determinats els que han triomfat; no \u00e9s pas una pol\u00edtica, ni una economia, ni unes classes dirigents, ni un obrerisme revolucionari, ni uns partits, sin\u00f3 una massa d\u2019homes mitjans, feta de camperols, d\u2019obrers, de burgesos i \u00e0dhuc d\u2019arist\u00f2crates, una massa de gent an\u00f2nima, d\u2019homes i dones, de totes les races, de totes les religions, de totes les ideologies, una massa que ho ha donat tot sense exigir res a canvi, una massa desconeixedora del valor ingent d\u2019uns sacrificis que s\u00f3n la m\u00e9s profunda palpitaci\u00f3 del m\u00f3n. (XVIII, 516- 517)\u201d.<\/span><\/p>\n<p><span style=\"font-weight: 400;\">A m\u00e9s a m\u00e9s, el nostre professor de m\u00fasica Jordi Peir\u00f3 va composar una can\u00e7\u00f3 que va tocar amb la trompa per commemorar a la persona i (tancar l\u2019acte).<\/span><\/p>\n<p>&nbsp;<\/p>\n<p><b>Biografia d\u2019Antoni Cano Mart\u00ednez<\/b><\/p>\n<p><span style=\"font-weight: 400;\">Antoni Cano Mart\u00ednez era un miner a qui la crisi dels anys trenta havia deixat a l\u2019atur. Havia nascut a Tijola, Almeria, el 1918. Quan el juliol del 36 va esclatar la guerra civil feia dos anys que vivia a Manresa, amb el seu pare, manobra en atur, i la seva germana Maria, que mantenia la fam\u00edlia amb el seu sou de la F\u00e0brica Nova.<\/span><\/p>\n<p><span style=\"font-weight: 400;\">No sabem qu\u00e8 va fer durant la guerra, per\u00f2 molt probablement va anar al front quan va ser mobilitzada la seva quinta. No tornem a tenir not\u00edcia documental d\u2019ell fins a l\u2019esclat de la Segona Guerra Mundial, quan els francesos l\u2019integren a la 114a Companyia de Treballadors Espanyols, adscrita a l\u2019ex\u00e8rcit franc\u00e8s. Dedu\u00efm, doncs, havia viscut la retirada de l\u2019ex\u00e8rcit republic\u00e0, el pas de la frontera amb Fran\u00e7a el febrer de 1939 i la seva reclusi\u00f3 als camps de concentraci\u00f3 del Rossell\u00f3.<\/span><\/p>\n<p><span style=\"font-weight: 400;\">L\u2019ofensiva alemanya de maig-juny 1940 enfonsa les defenses franceses i Cano, junt amb altres companys republicans i els soldats francesos, \u00e9s capturat per la Wehrmacht. Ser\u00e0 condu\u00eft al camp de presoners de guerra de Kaisersteinbruch (Stalag XVII A), a Alemanya. Al cap d\u2019un any, els republicans espanyols seran separats i deportats per la Gestapo al camp nazi de Mauthausen.<\/span><\/p>\n<p><span style=\"font-weight: 400;\">Antoni Cano Mart\u00ednez hi entra el 7 d\u2019abril de 1941, on rep el n\u00ba4567. El 20 d\u2019octubre \u00e9s enviat al subcamp de Gusen, \u00abl\u2019infern dins l\u2019infern\u00bb, on esdev\u00e9 la matr\u00edcula n\u00ba49591. M\u00e9s tard \u00e9s retornat a Mauthausen, on esdev\u00e9 el n\u00famero 13700.<\/span><\/p>\n<p><span style=\"font-weight: 400;\">Sobreviur\u00e0 quatre anys al camp nazi. Ser\u00e0 alliberat el 5-5-1945 per les tropes aliades victorioses davant Hitler. No retornar\u00e0 a casa, a l\u2019Espanya franquista que havia combatut. El 1945 el seu pare i la seva germana desapareixen del padr\u00f3 de Manresa.<\/span><\/p>\n<p><span style=\"font-weight: 400;\">Antoni Cano s\u2019instal\u00b7la a Fran\u00e7a, a la vil\u00b7la minera de Carmaux, al departament del Tarn. Es casa amb Maria Sorroche. Tramita i rep la nacionalitat francesa el 1956. El 1957 demana la pensi\u00f3 d\u2019invalidesa com deportat a Mauthausen: t\u00e9 llavors nom\u00e9s 39 anys.<\/span><\/p>\n<p><span style=\"font-weight: 400;\">Viur\u00e0 la resta de la seva vida a Carmaux, on morir\u00e0 el 1992 als 74 anys. No sabem si va tenir fills.<\/span><\/p>\n<p>&nbsp;<\/p>\n<p><b>Llocs i hores on es van col\u00b7locar les noves stolpersteine i els instituts que les van apadrinar<\/b><\/p>\n<p><span style=\"font-weight: 400;\">1- ANTONI MECA S\u00c1NCHEZ<\/span><\/p>\n<p><span style=\"font-weight: 400;\">9.30h<\/span><\/p>\n<p><span style=\"font-weight: 400;\">Carrer Remei de Dalt, 54 &#8211; INS PEGUERA<\/span><\/p>\n<p><span style=\"font-weight: 400;\">2- JULI\u00c0 COMMES CLAROS<\/span><\/p>\n<p><span style=\"font-weight: 400;\">10.15h<\/span><\/p>\n<p><span style=\"font-weight: 400;\">Carrer Sant Bartomeu, 4 &#8211; INS PIUS FONT I QUER<\/span><\/p>\n<p><span style=\"font-weight: 400;\">3-ANTONI CANO MART\u00cdNEZ<\/span><\/p>\n<p><span style=\"font-weight: 400;\">11h<\/span><\/p>\n<p><span style=\"font-weight: 400;\">Carrer Montserrat, 20 &#8211; INS LACET\u00c0NIA<\/span><\/p>\n<p><span style=\"font-weight: 400;\">4-FELIP D\u00cdEZ SADA<\/span><\/p>\n<p><span style=\"font-weight: 400;\">11.45H<\/span><\/p>\n<p><span style=\"font-weight: 400;\">Carrer Talamanca, 15 -Representants institucions<\/span><\/p>\n<p><span style=\"font-weight: 400;\">El Regi\u00f3 7 tamb\u00e9 va publicar un art\u00edcle sobre aquest tema. Us deixem l\u2019enlla\u00e7 aqu\u00ed per si el voleu consultar.<\/span><\/p>\n<p><a href=\"https:\/\/www.regio7.cat\/cultures\/2021\/05\/13\/manresa-homenatge-quatre-manresans-51778622.html\"><span style=\"font-weight: 400;\">https:\/\/www.regio7.cat\/cultures\/2021\/05\/13\/manresa-homenatge-quatre-manresans-51778622.html<\/span><\/a><\/p>\n<p>&nbsp;<\/p>\n<p>&nbsp;<\/p>\n<div style=\"width: 1080px;\" class=\"wp-video\"><!--[if lt IE 9]><script>document.createElement('video');<\/script><![endif]-->\n<video class=\"wp-video-shortcode\" id=\"video-11816-1\" width=\"1080\" height=\"1920\" preload=\"metadata\" controls=\"controls\"><source type=\"video\/mp4\" src=\"https:\/\/agora.xtec.cat\/inslacetania\/wp-content\/uploads\/usu1045\/2021\/06\/VID20210513111615.mp4?_=1\" \/><a href=\"https:\/\/agora.xtec.cat\/inslacetania\/wp-content\/uploads\/usu1045\/2021\/06\/VID20210513111615.mp4\">https:\/\/agora.xtec.cat\/inslacetania\/wp-content\/uploads\/usu1045\/2021\/06\/VID20210513111615.mp4<\/a><\/video><\/div>\n<p><a href=\"https:\/\/agora.xtec.cat\/inslacetania\/wp-content\/uploads\/usu1045\/2021\/06\/IMG-20210514-WA0005-1.jpg\"><img loading=\"lazy\" decoding=\"async\" class=\"alignnone wp-image-11820\" src=\"https:\/\/agora.xtec.cat\/inslacetania\/wp-content\/uploads\/usu1045\/2021\/06\/IMG-20210514-WA0005-1-800x1024.jpg\" alt=\"\" width=\"305\" height=\"390\" srcset=\"https:\/\/agora.xtec.cat\/inslacetania\/wp-content\/uploads\/usu1045\/2021\/06\/IMG-20210514-WA0005-1-800x1024.jpg 800w, https:\/\/agora.xtec.cat\/inslacetania\/wp-content\/uploads\/usu1045\/2021\/06\/IMG-20210514-WA0005-1-234x300.jpg 234w, https:\/\/agora.xtec.cat\/inslacetania\/wp-content\/uploads\/usu1045\/2021\/06\/IMG-20210514-WA0005-1-768x984.jpg 768w, https:\/\/agora.xtec.cat\/inslacetania\/wp-content\/uploads\/usu1045\/2021\/06\/IMG-20210514-WA0005-1.jpg 1599w\" sizes=\"auto, (max-width: 305px) 100vw, 305px\" \/><\/a> <a href=\"https:\/\/agora.xtec.cat\/inslacetania\/wp-content\/uploads\/usu1045\/2021\/06\/IMG-20210513-WA0046-1.jpg\"><img loading=\"lazy\" decoding=\"async\" class=\"alignnone wp-image-11821\" src=\"https:\/\/agora.xtec.cat\/inslacetania\/wp-content\/uploads\/usu1045\/2021\/06\/IMG-20210513-WA0046-1-687x1024.jpg\" alt=\"\" width=\"261\" height=\"389\" srcset=\"https:\/\/agora.xtec.cat\/inslacetania\/wp-content\/uploads\/usu1045\/2021\/06\/IMG-20210513-WA0046-1.jpg 687w, https:\/\/agora.xtec.cat\/inslacetania\/wp-content\/uploads\/usu1045\/2021\/06\/IMG-20210513-WA0046-1-201x300.jpg 201w\" sizes=\"auto, (max-width: 261px) 100vw, 261px\" \/><\/a> <a href=\"https:\/\/agora.xtec.cat\/inslacetania\/wp-content\/uploads\/usu1045\/2021\/06\/IMG-20210513-WA0041.jpg\"><img loading=\"lazy\" decoding=\"async\" class=\"alignnone wp-image-11822\" src=\"https:\/\/agora.xtec.cat\/inslacetania\/wp-content\/uploads\/usu1045\/2021\/06\/IMG-20210513-WA0041-1024x768.jpg\" alt=\"\" width=\"280\" height=\"209\" srcset=\"https:\/\/agora.xtec.cat\/inslacetania\/wp-content\/uploads\/usu1045\/2021\/06\/IMG-20210513-WA0041.jpg 1024w, https:\/\/agora.xtec.cat\/inslacetania\/wp-content\/uploads\/usu1045\/2021\/06\/IMG-20210513-WA0041-300x225.jpg 300w, https:\/\/agora.xtec.cat\/inslacetania\/wp-content\/uploads\/usu1045\/2021\/06\/IMG-20210513-WA0041-768x576.jpg 768w, https:\/\/agora.xtec.cat\/inslacetania\/wp-content\/uploads\/usu1045\/2021\/06\/IMG-20210513-WA0041-200x150.jpg 200w\" sizes=\"auto, (max-width: 280px) 100vw, 280px\" \/><\/a> <a href=\"https:\/\/agora.xtec.cat\/inslacetania\/wp-content\/uploads\/usu1045\/2021\/06\/IMG-20210514-WA0006.jpg\"><img loading=\"lazy\" decoding=\"async\" class=\"alignnone wp-image-11823\" src=\"https:\/\/agora.xtec.cat\/inslacetania\/wp-content\/uploads\/usu1045\/2021\/06\/IMG-20210514-WA0006-757x1024.jpg\" alt=\"\" width=\"230\" height=\"311\" srcset=\"https:\/\/agora.xtec.cat\/inslacetania\/wp-content\/uploads\/usu1045\/2021\/06\/IMG-20210514-WA0006-757x1024.jpg 757w, https:\/\/agora.xtec.cat\/inslacetania\/wp-content\/uploads\/usu1045\/2021\/06\/IMG-20210514-WA0006-222x300.jpg 222w, https:\/\/agora.xtec.cat\/inslacetania\/wp-content\/uploads\/usu1045\/2021\/06\/IMG-20210514-WA0006-768x1039.jpg 768w, https:\/\/agora.xtec.cat\/inslacetania\/wp-content\/uploads\/usu1045\/2021\/06\/IMG-20210514-WA0006.jpg 1514w\" sizes=\"auto, (max-width: 230px) 100vw, 230px\" \/><\/a><a href=\"https:\/\/agora.xtec.cat\/inslacetania\/wp-content\/uploads\/usu1045\/2021\/06\/IMG20210513112036.jpg\"><img loading=\"lazy\" decoding=\"async\" class=\"wp-image-11824 alignnone\" src=\"https:\/\/agora.xtec.cat\/inslacetania\/wp-content\/uploads\/usu1045\/2021\/06\/IMG20210513112036-1024x768.jpg\" alt=\"\" width=\"240\" height=\"180\" srcset=\"https:\/\/agora.xtec.cat\/inslacetania\/wp-content\/uploads\/usu1045\/2021\/06\/IMG20210513112036-1024x768.jpg 1024w, https:\/\/agora.xtec.cat\/inslacetania\/wp-content\/uploads\/usu1045\/2021\/06\/IMG20210513112036-300x225.jpg 300w, https:\/\/agora.xtec.cat\/inslacetania\/wp-content\/uploads\/usu1045\/2021\/06\/IMG20210513112036-768x576.jpg 768w, https:\/\/agora.xtec.cat\/inslacetania\/wp-content\/uploads\/usu1045\/2021\/06\/IMG20210513112036-200x150.jpg 200w\" sizes=\"auto, (max-width: 240px) 100vw, 240px\" \/><\/a><\/p>\n<p>&nbsp;<\/p>\n<p>&nbsp;<\/p>\n<p>&nbsp;<\/p>\n<p>&nbsp;<\/p>\n<p style=\"text-align: right;\">Hector Porcel i Gisela Polo<\/p>\n","protected":false},"excerpt":{"rendered":"<p>El passat 13 de maig a Manresa van posar unes 6 noves Stolpersteine per als Manresans deportats als camps nazis trobats recentment. L\u2019Ajuntament va proposar a diversos instituts l\u2019opci\u00f3 apadrinar-ne una i el nostre institut va decidir apadrinar-ne una que \u00e9s la de l\u2019Antonio Cano Mart\u00ednez. Els alumnes de la classe d\u2019hist\u00f2ria del m\u00f3n contemporani [&hellip;]<\/p>\n","protected":false},"author":676,"featured_media":11826,"comment_status":"closed","ping_status":"closed","sticky":false,"template":"","format":"standard","meta":{"_bbp_topic_count":0,"_bbp_reply_count":0,"_bbp_total_topic_count":0,"_bbp_total_reply_count":0,"_bbp_voice_count":0,"_bbp_anonymous_reply_count":0,"_bbp_topic_count_hidden":0,"_bbp_reply_count_hidden":0,"_bbp_forum_subforum_count":0,"site-sidebar-layout":"default","site-content-layout":"","ast-site-content-layout":"","site-content-style":"default","site-sidebar-style":"default","ast-global-header-display":"","ast-banner-title-visibility":"","ast-main-header-display":"","ast-hfb-above-header-display":"","ast-hfb-below-header-display":"","ast-hfb-mobile-header-display":"","site-post-title":"","ast-breadcrumbs-content":"","ast-featured-img":"","footer-sml-layout":"","theme-transparent-header-meta":"","adv-header-id-meta":"","stick-header-meta":"","header-above-stick-meta":"","header-main-stick-meta":"","header-below-stick-meta":"","astra-migrate-meta-layouts":"default","ast-page-background-enabled":"default","ast-page-background-meta":{"desktop":{"background-color":"var(--ast-global-color-4)","background-image":"","background-repeat":"repeat","background-position":"center center","background-size":"auto","background-attachment":"scroll","background-type":"","background-media":"","overlay-type":"","overlay-color":"","overlay-opacity":"","overlay-gradient":""},"tablet":{"background-color":"","background-image":"","background-repeat":"repeat","background-position":"center center","background-size":"auto","background-attachment":"scroll","background-type":"","background-media":"","overlay-type":"","overlay-color":"","overlay-opacity":"","overlay-gradient":""},"mobile":{"background-color":"","background-image":"","background-repeat":"repeat","background-position":"center center","background-size":"auto","background-attachment":"scroll","background-type":"","background-media":"","overlay-type":"","overlay-color":"","overlay-opacity":"","overlay-gradient":""}},"ast-content-background-meta":{"desktop":{"background-color":"var(--ast-global-color-5)","background-image":"","background-repeat":"repeat","background-position":"center center","background-size":"auto","background-attachment":"scroll","background-type":"","background-media":"","overlay-type":"","overlay-color":"","overlay-opacity":"","overlay-gradient":""},"tablet":{"background-color":"var(--ast-global-color-5)","background-image":"","background-repeat":"repeat","background-position":"center center","background-size":"auto","background-attachment":"scroll","background-type":"","background-media":"","overlay-type":"","overlay-color":"","overlay-opacity":"","overlay-gradient":""},"mobile":{"background-color":"var(--ast-global-color-5)","background-image":"","background-repeat":"repeat","background-position":"center center","background-size":"auto","background-attachment":"scroll","background-type":"","background-media":"","overlay-type":"","overlay-color":"","overlay-opacity":"","overlay-gradient":""}},"footnotes":""},"categories":[387,136,29,102,263],"tags":[],"class_list":["post-11816","post","type-post","status-publish","format-standard","has-post-thumbnail","hentry","category-curiositats","category-noticies","category-portada","category-revista","category-socials"],"post_mailing_queue_ids":[],"_links":{"self":[{"href":"https:\/\/agora.xtec.cat\/inslacetania\/wp-json\/wp\/v2\/posts\/11816","targetHints":{"allow":["GET"]}}],"collection":[{"href":"https:\/\/agora.xtec.cat\/inslacetania\/wp-json\/wp\/v2\/posts"}],"about":[{"href":"https:\/\/agora.xtec.cat\/inslacetania\/wp-json\/wp\/v2\/types\/post"}],"author":[{"embeddable":true,"href":"https:\/\/agora.xtec.cat\/inslacetania\/wp-json\/wp\/v2\/users\/676"}],"replies":[{"embeddable":true,"href":"https:\/\/agora.xtec.cat\/inslacetania\/wp-json\/wp\/v2\/comments?post=11816"}],"version-history":[{"count":3,"href":"https:\/\/agora.xtec.cat\/inslacetania\/wp-json\/wp\/v2\/posts\/11816\/revisions"}],"predecessor-version":[{"id":11846,"href":"https:\/\/agora.xtec.cat\/inslacetania\/wp-json\/wp\/v2\/posts\/11816\/revisions\/11846"}],"wp:featuredmedia":[{"embeddable":true,"href":"https:\/\/agora.xtec.cat\/inslacetania\/wp-json\/wp\/v2\/media\/11826"}],"wp:attachment":[{"href":"https:\/\/agora.xtec.cat\/inslacetania\/wp-json\/wp\/v2\/media?parent=11816"}],"wp:term":[{"taxonomy":"category","embeddable":true,"href":"https:\/\/agora.xtec.cat\/inslacetania\/wp-json\/wp\/v2\/categories?post=11816"},{"taxonomy":"post_tag","embeddable":true,"href":"https:\/\/agora.xtec.cat\/inslacetania\/wp-json\/wp\/v2\/tags?post=11816"}],"curies":[{"name":"wp","href":"https:\/\/api.w.org\/{rel}","templated":true}]}}