{"id":11150,"date":"2021-04-13T10:26:11","date_gmt":"2021-04-13T08:26:11","guid":{"rendered":"http:\/\/agora.xtec.cat\/inslacetania\/?p=11150"},"modified":"2021-04-13T10:26:11","modified_gmt":"2021-04-13T08:26:11","slug":"com-ha-anat-la-jornada-de-portes-obertes","status":"publish","type":"post","link":"https:\/\/agora.xtec.cat\/inslacetania\/eso\/com-ha-anat-la-jornada-de-portes-obertes\/","title":{"rendered":"COM HA ANAT LA JORNADA DE PORTES OBERTES?"},"content":{"rendered":"<p>La jornada de portes obertes de Lacet\u00e0nia ha tingut lloc durant la primera setmana del mes de mar\u00e7, per\u00f2 degut a la pand\u00e8mia, han canviat moltes coses respecte els anys anteriors.<\/p>\n<p>La Pilar, una coordinadora de les portes obertes, ens va explicar que el que m\u00e9s li va saber greu \u00e9s que no van poder disposar d\u2019alumnes que hi col\u00b7laboressin de manera directa, per\u00f2 s\u00ed que\u00a0 van participar en l&#8217;elaboraci\u00f3 d&#8217;un\u00a0 v\u00eddeo al qual es va poder presentar als futurs alumnes .<\/p>\n<p>A m\u00e9s\u00a0 am\u00e9s, es van haver d\u2019adaptar les visites presencials agafant grups redu\u00efts en diferents torns i obrint les portes quatre dies, incloent-hi un dissabte, que va ser el dia m\u00e9s concorregut. Per sort, va fer uns dies radiants, que va permetre a les instal\u00b7lacions lluir com es mereixen. Tot es va combinar amb meets virtuals, repartits tamb\u00e9 en diversos dies, per facilitar que les fam\u00edlies de les diferents escoles es poguessin connectar des de casa i demanar tots els dubtes que tinguessin.<\/p>\n<p>En resum, han posat tot l&#8217;esfor\u00e7 que s\u2019ha pogut per obrir les portes a tothom que hi hagi estat interessat.<\/p>\n<p style=\"text-align: right;\"><strong>Sam D.i i Vicente P.<\/strong><\/p>\n","protected":false},"excerpt":{"rendered":"<p>La jornada de portes obertes de Lacet\u00e0nia ha tingut lloc durant la primera setmana del mes de mar\u00e7, per\u00f2 degut a la pand\u00e8mia, han canviat moltes coses respecte els anys anteriors. La Pilar, una coordinadora de les portes obertes, ens va explicar que el que m\u00e9s li va saber greu \u00e9s que no van poder [&hellip;]<\/p>\n","protected":false},"author":675,"featured_media":11152,"comment_status":"closed","ping_status":"closed","sticky":false,"template":"","format":"standard","meta":{"_bbp_topic_count":0,"_bbp_reply_count":0,"_bbp_total_topic_count":0,"_bbp_total_reply_count":0,"_bbp_voice_count":0,"_bbp_anonymous_reply_count":0,"_bbp_topic_count_hidden":0,"_bbp_reply_count_hidden":0,"_bbp_forum_subforum_count":0,"site-sidebar-layout":"default","site-content-layout":"","ast-site-content-layout":"","site-content-style":"default","site-sidebar-style":"default","ast-global-header-display":"","ast-banner-title-visibility":"","ast-main-header-display":"","ast-hfb-above-header-display":"","ast-hfb-below-header-display":"","ast-hfb-mobile-header-display":"","site-post-title":"","ast-breadcrumbs-content":"","ast-featured-img":"","footer-sml-layout":"","theme-transparent-header-meta":"","adv-header-id-meta":"","stick-header-meta":"","header-above-stick-meta":"","header-main-stick-meta":"","header-below-stick-meta":"","astra-migrate-meta-layouts":"default","ast-page-background-enabled":"default","ast-page-background-meta":{"desktop":{"background-color":"var(--ast-global-color-4)","background-image":"","background-repeat":"repeat","background-position":"center center","background-size":"auto","background-attachment":"scroll","background-type":"","background-media":"","overlay-type":"","overlay-color":"","overlay-opacity":"","overlay-gradient":""},"tablet":{"background-color":"","background-image":"","background-repeat":"repeat","background-position":"center center","background-size":"auto","background-attachment":"scroll","background-type":"","background-media":"","overlay-type":"","overlay-color":"","overlay-opacity":"","overlay-gradient":""},"mobile":{"background-color":"","background-image":"","background-repeat":"repeat","background-position":"center center","background-size":"auto","background-attachment":"scroll","background-type":"","background-media":"","overlay-type":"","overlay-color":"","overlay-opacity":"","overlay-gradient":""}},"ast-content-background-meta":{"desktop":{"background-color":"var(--ast-global-color-5)","background-image":"","background-repeat":"repeat","background-position":"center center","background-size":"auto","background-attachment":"scroll","background-type":"","background-media":"","overlay-type":"","overlay-color":"","overlay-opacity":"","overlay-gradient":""},"tablet":{"background-color":"var(--ast-global-color-5)","background-image":"","background-repeat":"repeat","background-position":"center center","background-size":"auto","background-attachment":"scroll","background-type":"","background-media":"","overlay-type":"","overlay-color":"","overlay-opacity":"","overlay-gradient":""},"mobile":{"background-color":"var(--ast-global-color-5)","background-image":"","background-repeat":"repeat","background-position":"center center","background-size":"auto","background-attachment":"scroll","background-type":"","background-media":"","overlay-type":"","overlay-color":"","overlay-opacity":"","overlay-gradient":""}},"footnotes":""},"categories":[149,3,208,136,102],"tags":[],"class_list":["post-11150","post","type-post","status-publish","format-standard","has-post-thumbnail","hentry","category-els-espais-de-linstitut","category-eso","category-jornades","category-noticies","category-revista"],"post_mailing_queue_ids":[],"_links":{"self":[{"href":"https:\/\/agora.xtec.cat\/inslacetania\/wp-json\/wp\/v2\/posts\/11150","targetHints":{"allow":["GET"]}}],"collection":[{"href":"https:\/\/agora.xtec.cat\/inslacetania\/wp-json\/wp\/v2\/posts"}],"about":[{"href":"https:\/\/agora.xtec.cat\/inslacetania\/wp-json\/wp\/v2\/types\/post"}],"author":[{"embeddable":true,"href":"https:\/\/agora.xtec.cat\/inslacetania\/wp-json\/wp\/v2\/users\/675"}],"replies":[{"embeddable":true,"href":"https:\/\/agora.xtec.cat\/inslacetania\/wp-json\/wp\/v2\/comments?post=11150"}],"version-history":[{"count":3,"href":"https:\/\/agora.xtec.cat\/inslacetania\/wp-json\/wp\/v2\/posts\/11150\/revisions"}],"predecessor-version":[{"id":11300,"href":"https:\/\/agora.xtec.cat\/inslacetania\/wp-json\/wp\/v2\/posts\/11150\/revisions\/11300"}],"wp:featuredmedia":[{"embeddable":true,"href":"https:\/\/agora.xtec.cat\/inslacetania\/wp-json\/wp\/v2\/media\/11152"}],"wp:attachment":[{"href":"https:\/\/agora.xtec.cat\/inslacetania\/wp-json\/wp\/v2\/media?parent=11150"}],"wp:term":[{"taxonomy":"category","embeddable":true,"href":"https:\/\/agora.xtec.cat\/inslacetania\/wp-json\/wp\/v2\/categories?post=11150"},{"taxonomy":"post_tag","embeddable":true,"href":"https:\/\/agora.xtec.cat\/inslacetania\/wp-json\/wp\/v2\/tags?post=11150"}],"curies":[{"name":"wp","href":"https:\/\/api.w.org\/{rel}","templated":true}]}}