{"id":9530,"date":"2022-03-10T08:00:52","date_gmt":"2022-03-10T07:00:52","guid":{"rendered":"https:\/\/agora.xtec.cat\/insjvfoix\/?p=9530"},"modified":"2022-03-09T21:55:16","modified_gmt":"2022-03-09T20:55:16","slug":"manifest-dia-internacional-de-la-dona-treballadora","status":"publish","type":"post","link":"https:\/\/agora.xtec.cat\/insjvfoix\/general\/manifest-dia-internacional-de-la-dona-treballadora\/","title":{"rendered":"Manifest: dia internacional de la dona treballadora"},"content":{"rendered":"<p style=\"text-align: justify;\">Avui, dimarts 8 de mar\u00e7 de 2022, Dia Internacional de la Dona Treballadora, volem reivindicar la situaci\u00f3 de desigualtat de la qual hem estat i continuem sent v\u00edctimes. Manifestem que les dones no ens aturem, continuem movent el m\u00f3n i estem presents, participant i liderant els espais de representaci\u00f3 i de presa de decisions. Tanmateix, la nostra situaci\u00f3 continua sent la mateixa que antany; l\u2019estructura patriarcal de la nostra societat continua oprimint-nos!<\/p>\n<p style=\"text-align: justify;\">Actualment, hi ha hagut aven\u00e7os importants en diversos pa\u00efsos assenyalats com a tercermundistes. Els protagonistes d\u2019aquests aven\u00e7os s\u00f3n M\u00e8xic, Equador i Col\u00f2mbia, que en els \u00faltims mesos han despenalitzat l\u2019avortament i l&#8217;han legalitzat. Aquest aven\u00e7 significa un pas m\u00e9s en la llibertat de la dona, que posar\u00e0 fi a molts anys de clandestinitat i repressi\u00f3.<\/p>\n<p style=\"text-align: justify;\">D&#8217;una banda, cal recalcar que el nostre pa\u00eds, segons diverses estad\u00edstiques, \u00e9s el primer en consumici\u00f3 de prostituci\u00f3 a Europa i el tercer en tot el m\u00f3n, despr\u00e9s de Tail\u00e0ndia i Puerto Rico. Aquesta activitat econ\u00f2mica no est\u00e0 regulada per una llei concreta ni tampoc \u00e9s il\u00b7legal, es considera \u00abalegal\u00bb. \u00c9s per aquest motiu que, durant els darrers anys, han incrementat exponencialment els casos de v\u00edctimes de prostituci\u00f3, explotaci\u00f3 sexual i tr\u00e0fic, les quals estan for\u00e7a lligades. D\u2019acord amb les dades oficials, el 80% del tr\u00e0fic mundial es realitza amb fins d\u2019explotaci\u00f3 sexual i d\u2019aquest percentatge, m\u00e9s del 90% de les v\u00edctimes s\u00f3n dones i nenes. Aquest servei \u00e9s una de les moltes proves que existeixen encara avui en dia de la idea arcaica de: \u00ables dones s\u00f3n nom\u00e9s objectes\u00bb.<\/p>\n<p style=\"text-align: justify;\">D&#8217;altra banda, un dels fets mundials succe\u00efts durant l\u2019any 2021, va ser la repressi\u00f3 masclista de les dones afganes pel r\u00e8gim dels Talibans. Aquest fet va provocar un pas enrere en la llibertat guanyada durant anys en aquest pa\u00eds. En l&#8217;actualitat, moltes dones, no nom\u00e9s afganes, sin\u00f3 de tot el m\u00f3n, estan lluitant per poder tornar a tenir els drets i les llibertats posteriors a la repressi\u00f3 d\u2019aquest r\u00e8gim masclista.<\/p>\n<p style=\"text-align: justify;\">Altrament, gr\u00e0cies a un estudi realitzat per l\u2019OMS, el 2018, hem sabut que una de cada quatre dones, d\u2019entre 15 i 49 anys, ha patit d\u2019algun tipus de viol\u00e8ncia sexual o f\u00edsica, a mans de la seva parella, en algun punt de la seva vida. Aquestes xifres d\u2019ab\u00fas masclista, han augmentat i s\u2019han vist potenciades amb la pand\u00e8mia; aix\u00f2 \u00e9s degut, en gran part, al tancament i la reducci\u00f3 d\u2019acc\u00e9s a llocs d\u2019ajuda per a les v\u00edctimes. A conseq\u00fc\u00e8ncia d\u2019aix\u00f2, el 2020, una de cada tres dones afirma haver patit de maltractament masclista en la seva relaci\u00f3.<\/p>\n<p style=\"text-align: justify;\">Cal remarcar que la bretxa salarial \u00e9s un assumpte preocupant de misog\u00ednia en l\u2019\u00e0mbit de treball, i que pateix un gran augment aquests darrers anys a causa de la pand\u00e8mia, arribant a quasi un 40 % de difer\u00e8ncia a Espanya. A Catalunya, sent la comunitat amb les dades menys preocupants, hi ha una difer\u00e8ncia del 26 %. Aquestes dades augmenten respecte a l\u2019edat, sent les dones amb m\u00e9s de cinquanta anys les que m\u00e9s pateixen de salaris m\u00e9s baixos.<\/p>\n<p>Tamb\u00e9 cal destacar que la mutilaci\u00f3 genital \u00e9s un tipus de viol\u00e8ncia cap a les dones que trenca amb els drets humans. Un de cada vint dones ha sigut o ser\u00e0 mutilada. Aquesta pr\u00e0ctica no \u00e9s exclusiva en pa\u00efsos tercermundistes, tamb\u00e9 arriba als pa\u00efsos europeus. Podem alegrar-nos de saber que el govern liberi\u00e0, un dels que m\u00e9s casos de mutilaci\u00f3 presenta, aquest mateix any, ha fet un acord per suspendre aquesta pr\u00e0ctica durant els pr\u00f2xims cinc anys.<\/p>\n<p>Per tot aix\u00f2, amb aquest manifest, volem recordar que cada dia de l\u2019any s\u00f3n dies en els quals hem de seguir treballant, lluitant i manifestant-nos per la igualtat. Sempre recordant totes aquelles dones que han lluitat incansablement per aconseguir que els nostres drets fossin recordats i que van assentar les bases per construir una societat m\u00e9s justa; avui podem continuar lluitant i reivindicant-nos. Les dones som part imprescindible de la societat, part activa, principal i b\u00e0sica per a un desenvolupament harm\u00f2nic del futur; per poder avan\u00e7ar com a comunitat, hem de tenir en compte totes les persones, indistintament del seu sexe, g\u00e8nere, identitat o orientaci\u00f3. Aquest \u00e9s el gran repte que tenim al davant.<\/p>\n<div id='gallery-1' class='gallery galleryid-9530 gallery-columns-3 gallery-size-thumbnail'><figure class='gallery-item'>\n\t\t\t<div class='gallery-icon landscape'>\n\t\t\t\t<a href='https:\/\/agora.xtec.cat\/insjvfoix\/general\/manifest-dia-internacional-de-la-dona-treballadora\/attachment\/img-20220308-wa0004\/'><img loading=\"lazy\" decoding=\"async\" width=\"150\" height=\"150\" src=\"https:\/\/agora.xtec.cat\/insjvfoix\/wp-content\/uploads\/usu394\/2022\/03\/IMG-20220308-WA0004-150x150.jpg\" class=\"attachment-thumbnail size-thumbnail\" alt=\"\" \/><\/a>\n\t\t\t<\/div><\/figure><figure class='gallery-item'>\n\t\t\t<div class='gallery-icon portrait'>\n\t\t\t\t<a href='https:\/\/agora.xtec.cat\/insjvfoix\/general\/manifest-dia-internacional-de-la-dona-treballadora\/attachment\/whatsapp-image-2022-03-08-at-11-38-47-1\/'><img loading=\"lazy\" decoding=\"async\" width=\"150\" height=\"150\" src=\"https:\/\/agora.xtec.cat\/insjvfoix\/wp-content\/uploads\/usu394\/2022\/03\/WhatsApp-Image-2022-03-08-at-11.38.47-1-150x150.jpeg\" class=\"attachment-thumbnail size-thumbnail\" alt=\"\" \/><\/a>\n\t\t\t<\/div><\/figure><figure class='gallery-item'>\n\t\t\t<div class='gallery-icon portrait'>\n\t\t\t\t<a href='https:\/\/agora.xtec.cat\/insjvfoix\/general\/manifest-dia-internacional-de-la-dona-treballadora\/attachment\/whatsapp-image-2022-03-08-at-11-38-47-2\/'><img loading=\"lazy\" decoding=\"async\" width=\"150\" height=\"150\" src=\"https:\/\/agora.xtec.cat\/insjvfoix\/wp-content\/uploads\/usu394\/2022\/03\/WhatsApp-Image-2022-03-08-at-11.38.47-2-150x150.jpeg\" class=\"attachment-thumbnail size-thumbnail\" alt=\"\" \/><\/a>\n\t\t\t<\/div><\/figure><figure class='gallery-item'>\n\t\t\t<div class='gallery-icon portrait'>\n\t\t\t\t<a href='https:\/\/agora.xtec.cat\/insjvfoix\/general\/manifest-dia-internacional-de-la-dona-treballadora\/attachment\/whatsapp-image-2022-03-08-at-11-38-47-3\/'><img loading=\"lazy\" decoding=\"async\" width=\"150\" height=\"150\" src=\"https:\/\/agora.xtec.cat\/insjvfoix\/wp-content\/uploads\/usu394\/2022\/03\/WhatsApp-Image-2022-03-08-at-11.38.47-3-150x150.jpeg\" class=\"attachment-thumbnail size-thumbnail\" alt=\"\" \/><\/a>\n\t\t\t<\/div><\/figure><figure class='gallery-item'>\n\t\t\t<div class='gallery-icon landscape'>\n\t\t\t\t<a href='https:\/\/agora.xtec.cat\/insjvfoix\/general\/manifest-dia-internacional-de-la-dona-treballadora\/attachment\/whatsapp-image-2022-03-08-at-11-38-47-4\/'><img loading=\"lazy\" decoding=\"async\" width=\"150\" height=\"150\" src=\"https:\/\/agora.xtec.cat\/insjvfoix\/wp-content\/uploads\/usu394\/2022\/03\/WhatsApp-Image-2022-03-08-at-11.38.47-4-150x150.jpeg\" class=\"attachment-thumbnail size-thumbnail\" alt=\"\" \/><\/a>\n\t\t\t<\/div><\/figure><figure class='gallery-item'>\n\t\t\t<div class='gallery-icon portrait'>\n\t\t\t\t<a href='https:\/\/agora.xtec.cat\/insjvfoix\/general\/manifest-dia-internacional-de-la-dona-treballadora\/attachment\/whatsapp-image-2022-03-08-at-11-38-47-5\/'><img loading=\"lazy\" decoding=\"async\" width=\"150\" height=\"150\" src=\"https:\/\/agora.xtec.cat\/insjvfoix\/wp-content\/uploads\/usu394\/2022\/03\/WhatsApp-Image-2022-03-08-at-11.38.47-5-150x150.jpeg\" class=\"attachment-thumbnail size-thumbnail\" alt=\"\" \/><\/a>\n\t\t\t<\/div><\/figure><figure class='gallery-item'>\n\t\t\t<div class='gallery-icon portrait'>\n\t\t\t\t<a href='https:\/\/agora.xtec.cat\/insjvfoix\/general\/manifest-dia-internacional-de-la-dona-treballadora\/attachment\/whatsapp-image-2022-03-08-at-11-38-47\/'><img loading=\"lazy\" decoding=\"async\" width=\"150\" height=\"150\" src=\"https:\/\/agora.xtec.cat\/insjvfoix\/wp-content\/uploads\/usu394\/2022\/03\/WhatsApp-Image-2022-03-08-at-11.38.47-150x150.jpeg\" class=\"attachment-thumbnail size-thumbnail\" alt=\"\" \/><\/a>\n\t\t\t<\/div><\/figure><figure class='gallery-item'>\n\t\t\t<div class='gallery-icon landscape'>\n\t\t\t\t<a href='https:\/\/agora.xtec.cat\/insjvfoix\/general\/manifest-dia-internacional-de-la-dona-treballadora\/attachment\/whatsapp-image-2022-03-08-at-11-41-36-1\/'><img loading=\"lazy\" decoding=\"async\" width=\"150\" height=\"150\" src=\"https:\/\/agora.xtec.cat\/insjvfoix\/wp-content\/uploads\/usu394\/2022\/03\/WhatsApp-Image-2022-03-08-at-11.41.36-1-150x150.jpeg\" class=\"attachment-thumbnail size-thumbnail\" alt=\"\" \/><\/a>\n\t\t\t<\/div><\/figure><figure class='gallery-item'>\n\t\t\t<div class='gallery-icon landscape'>\n\t\t\t\t<a href='https:\/\/agora.xtec.cat\/insjvfoix\/general\/manifest-dia-internacional-de-la-dona-treballadora\/attachment\/whatsapp-image-2022-03-08-at-11-41-41-2\/'><img loading=\"lazy\" decoding=\"async\" width=\"150\" height=\"150\" src=\"https:\/\/agora.xtec.cat\/insjvfoix\/wp-content\/uploads\/usu394\/2022\/03\/WhatsApp-Image-2022-03-08-at-11.41.41-2-150x150.jpeg\" class=\"attachment-thumbnail size-thumbnail\" alt=\"\" \/><\/a>\n\t\t\t<\/div><\/figure><figure class='gallery-item'>\n\t\t\t<div class='gallery-icon landscape'>\n\t\t\t\t<a href='https:\/\/agora.xtec.cat\/insjvfoix\/general\/manifest-dia-internacional-de-la-dona-treballadora\/attachment\/whatsapp-image-2022-03-08-at-11-41-41-3\/'><img loading=\"lazy\" decoding=\"async\" width=\"150\" height=\"150\" src=\"https:\/\/agora.xtec.cat\/insjvfoix\/wp-content\/uploads\/usu394\/2022\/03\/WhatsApp-Image-2022-03-08-at-11.41.41-3-150x150.jpeg\" class=\"attachment-thumbnail size-thumbnail\" alt=\"\" \/><\/a>\n\t\t\t<\/div><\/figure>\n\t\t<\/div>\n\n","protected":false},"excerpt":{"rendered":"<p>Avui, dimarts 8 de mar\u00e7 de 2022, Dia Internacional de la Dona Treballadora, volem reivindicar la situaci\u00f3 de desigualtat de la qual hem estat i continuem sent v\u00edctimes. Manifestem que les dones no ens aturem, continuem movent el m\u00f3n i estem presents, participant i liderant els espais de representaci\u00f3 i de presa de decisions. Tanmateix, [&hellip;]<\/p>\n","protected":false},"author":287,"featured_media":9531,"comment_status":"open","ping_status":"closed","sticky":false,"template":"","format":"standard","meta":{"_bbp_topic_count":0,"_bbp_reply_count":0,"_bbp_total_topic_count":0,"_bbp_total_reply_count":0,"_bbp_voice_count":0,"_bbp_anonymous_reply_count":0,"_bbp_topic_count_hidden":0,"_bbp_reply_count_hidden":0,"_bbp_forum_subforum_count":0,"site-sidebar-layout":"default","site-content-layout":"","ast-site-content-layout":"","site-content-style":"default","site-sidebar-style":"default","ast-global-header-display":"","ast-banner-title-visibility":"","ast-main-header-display":"","ast-hfb-above-header-display":"","ast-hfb-below-header-display":"","ast-hfb-mobile-header-display":"","site-post-title":"","ast-breadcrumbs-content":"","ast-featured-img":"","footer-sml-layout":"","theme-transparent-header-meta":"","adv-header-id-meta":"","stick-header-meta":"","header-above-stick-meta":"","header-main-stick-meta":"","header-below-stick-meta":"","astra-migrate-meta-layouts":"default","ast-page-background-enabled":"default","ast-page-background-meta":{"desktop":{"background-color":"var(--ast-global-color-5)","background-image":"","background-repeat":"repeat","background-position":"center center","background-size":"auto","background-attachment":"scroll","background-type":"","background-media":"","overlay-type":"","overlay-color":"","overlay-opacity":"","overlay-gradient":""},"tablet":{"background-color":"","background-image":"","background-repeat":"repeat","background-position":"center center","background-size":"auto","background-attachment":"scroll","background-type":"","background-media":"","overlay-type":"","overlay-color":"","overlay-opacity":"","overlay-gradient":""},"mobile":{"background-color":"","background-image":"","background-repeat":"repeat","background-position":"center center","background-size":"auto","background-attachment":"scroll","background-type":"","background-media":"","overlay-type":"","overlay-color":"","overlay-opacity":"","overlay-gradient":""}},"ast-content-background-meta":{"desktop":{"background-color":"var(--ast-global-color-4)","background-image":"","background-repeat":"repeat","background-position":"center center","background-size":"auto","background-attachment":"scroll","background-type":"","background-media":"","overlay-type":"","overlay-color":"","overlay-opacity":"","overlay-gradient":""},"tablet":{"background-color":"var(--ast-global-color-4)","background-image":"","background-repeat":"repeat","background-position":"center center","background-size":"auto","background-attachment":"scroll","background-type":"","background-media":"","overlay-type":"","overlay-color":"","overlay-opacity":"","overlay-gradient":""},"mobile":{"background-color":"var(--ast-global-color-4)","background-image":"","background-repeat":"repeat","background-position":"center center","background-size":"auto","background-attachment":"scroll","background-type":"","background-media":"","overlay-type":"","overlay-color":"","overlay-opacity":"","overlay-gradient":""}},"footnotes":""},"categories":[8,460,3,1,29,84],"tags":[507,340,462,132],"class_list":["post-9530","post","type-post","status-publish","format-standard","has-post-thumbnail","hentry","category-batxillerat","category-2021-2022","category-eso","category-general","category-portada","category-tutoria","tag-8m","tag-batxillerat","tag-curs-2021-2022","tag-eso"],"post_mailing_queue_ids":[],"_links":{"self":[{"href":"https:\/\/agora.xtec.cat\/insjvfoix\/wp-json\/wp\/v2\/posts\/9530","targetHints":{"allow":["GET"]}}],"collection":[{"href":"https:\/\/agora.xtec.cat\/insjvfoix\/wp-json\/wp\/v2\/posts"}],"about":[{"href":"https:\/\/agora.xtec.cat\/insjvfoix\/wp-json\/wp\/v2\/types\/post"}],"author":[{"embeddable":true,"href":"https:\/\/agora.xtec.cat\/insjvfoix\/wp-json\/wp\/v2\/users\/287"}],"replies":[{"embeddable":true,"href":"https:\/\/agora.xtec.cat\/insjvfoix\/wp-json\/wp\/v2\/comments?post=9530"}],"version-history":[{"count":1,"href":"https:\/\/agora.xtec.cat\/insjvfoix\/wp-json\/wp\/v2\/posts\/9530\/revisions"}],"predecessor-version":[{"id":9541,"href":"https:\/\/agora.xtec.cat\/insjvfoix\/wp-json\/wp\/v2\/posts\/9530\/revisions\/9541"}],"wp:featuredmedia":[{"embeddable":true,"href":"https:\/\/agora.xtec.cat\/insjvfoix\/wp-json\/wp\/v2\/media\/9531"}],"wp:attachment":[{"href":"https:\/\/agora.xtec.cat\/insjvfoix\/wp-json\/wp\/v2\/media?parent=9530"}],"wp:term":[{"taxonomy":"category","embeddable":true,"href":"https:\/\/agora.xtec.cat\/insjvfoix\/wp-json\/wp\/v2\/categories?post=9530"},{"taxonomy":"post_tag","embeddable":true,"href":"https:\/\/agora.xtec.cat\/insjvfoix\/wp-json\/wp\/v2\/tags?post=9530"}],"curies":[{"name":"wp","href":"https:\/\/api.w.org\/{rel}","templated":true}]}}