{"id":8954,"date":"2021-09-24T09:29:10","date_gmt":"2021-09-24T07:29:10","guid":{"rendered":"https:\/\/agora.xtec.cat\/insjvfoix\/?p=8954"},"modified":"2021-09-24T13:45:14","modified_gmt":"2021-09-24T11:45:14","slug":"el-foix-i-va-al-gran-teatre-del-liceu","status":"publish","type":"post","link":"https:\/\/agora.xtec.cat\/insjvfoix\/general\/el-foix-i-va-al-gran-teatre-del-liceu\/","title":{"rendered":"El Foix i + va al Gran Teatre del Liceu"},"content":{"rendered":"<p style=\"text-align: justify;\">El passat 23 de setembre, dues alumnes de segon de Batxillerat i el tutor del grup, l&#8217;Ignasi Vidiella, van anar al Gran Teatre del Liceu a veure l&#8217;\u00f2pera de Richard Strauss <em>Ariadne auf Naxos<\/em>.<\/p>\n<p style=\"text-align: justify;\">El Foix i + \u00e9s un projecte de l&#8217;Institut J.V. Foix que mira d&#8217;apropar la cultura als nostres estudiants, fora de l&#8217;horari lectiu, acompanyats de professors que els puguin obrir portes a diferents espais que s\u00f3n dif\u00edcils d&#8217;encabir en horari lectiu.<\/p>\n<p style=\"text-align: justify;\">L&#8217;\u00f2pera, dirigida per Josep Pons, va durar 2:40 h amb un entreacte de 30 minuts entre el Pr\u00f2leg i l&#8217;Acte \u00fanic. Per tal de veure-la, van aprofitar el projecte <em>Under35<\/em> que promociona el Gran Teatre del Liceu, que posa a la venda tiquets econ\u00f2mics per als menors de trenta-cinc anys en qualsevol localitat del teatre.<\/p>\n<p>&nbsp;<\/p>\n<div id='gallery-1' class='gallery galleryid-8954 gallery-columns-3 gallery-size-thumbnail'><figure class='gallery-item'>\n\t\t\t<div class='gallery-icon landscape'>\n\t\t\t\t<a href='https:\/\/agora.xtec.cat\/insjvfoix\/general\/el-foix-i-va-al-gran-teatre-del-liceu\/attachment\/whatsapp-image-2021-09-23-at-18-48-56\/'><img loading=\"lazy\" decoding=\"async\" width=\"150\" height=\"150\" src=\"https:\/\/agora.xtec.cat\/insjvfoix\/wp-content\/uploads\/usu394\/2021\/09\/WhatsApp-Image-2021-09-23-at-18.48.56-150x150.jpeg\" class=\"attachment-thumbnail size-thumbnail\" alt=\"\" \/><\/a>\n\t\t\t<\/div><\/figure><figure class='gallery-item'>\n\t\t\t<div class='gallery-icon portrait'>\n\t\t\t\t<a href='https:\/\/agora.xtec.cat\/insjvfoix\/general\/el-foix-i-va-al-gran-teatre-del-liceu\/attachment\/whatsapp-image-2021-09-23-at-18-49-04\/'><img loading=\"lazy\" decoding=\"async\" width=\"150\" height=\"150\" src=\"https:\/\/agora.xtec.cat\/insjvfoix\/wp-content\/uploads\/usu394\/2021\/09\/WhatsApp-Image-2021-09-23-at-18.49.04-150x150.jpeg\" class=\"attachment-thumbnail size-thumbnail\" alt=\"\" \/><\/a>\n\t\t\t<\/div><\/figure><figure class='gallery-item'>\n\t\t\t<div class='gallery-icon landscape'>\n\t\t\t\t<a href='https:\/\/agora.xtec.cat\/insjvfoix\/general\/el-foix-i-va-al-gran-teatre-del-liceu\/attachment\/whatsapp-image-2021-09-24-at-13-37-43\/'><img loading=\"lazy\" decoding=\"async\" width=\"150\" height=\"150\" src=\"https:\/\/agora.xtec.cat\/insjvfoix\/wp-content\/uploads\/usu394\/2021\/09\/WhatsApp-Image-2021-09-24-at-13.37.43-150x150.jpeg\" class=\"attachment-thumbnail size-thumbnail\" alt=\"\" \/><\/a>\n\t\t\t<\/div><\/figure>\n\t\t<\/div>\n\n","protected":false},"excerpt":{"rendered":"<p>El passat 23 de setembre, dues alumnes de segon de Batxillerat i el tutor del grup, l&#8217;Ignasi Vidiella, van anar al Gran Teatre del Liceu a veure l&#8217;\u00f2pera de Richard Strauss Ariadne auf Naxos.<\/p>\n","protected":false},"author":287,"featured_media":8955,"comment_status":"open","ping_status":"closed","sticky":false,"template":"","format":"standard","meta":{"_bbp_topic_count":0,"_bbp_reply_count":0,"_bbp_total_topic_count":0,"_bbp_total_reply_count":0,"_bbp_voice_count":0,"_bbp_anonymous_reply_count":0,"_bbp_topic_count_hidden":0,"_bbp_reply_count_hidden":0,"_bbp_forum_subforum_count":0,"site-sidebar-layout":"default","site-content-layout":"","ast-site-content-layout":"","site-content-style":"default","site-sidebar-style":"default","ast-global-header-display":"","ast-banner-title-visibility":"","ast-main-header-display":"","ast-hfb-above-header-display":"","ast-hfb-below-header-display":"","ast-hfb-mobile-header-display":"","site-post-title":"","ast-breadcrumbs-content":"","ast-featured-img":"","footer-sml-layout":"","theme-transparent-header-meta":"","adv-header-id-meta":"","stick-header-meta":"","header-above-stick-meta":"","header-main-stick-meta":"","header-below-stick-meta":"","astra-migrate-meta-layouts":"default","ast-page-background-enabled":"default","ast-page-background-meta":{"desktop":{"background-color":"var(--ast-global-color-5)","background-image":"","background-repeat":"repeat","background-position":"center center","background-size":"auto","background-attachment":"scroll","background-type":"","background-media":"","overlay-type":"","overlay-color":"","overlay-opacity":"","overlay-gradient":""},"tablet":{"background-color":"","background-image":"","background-repeat":"repeat","background-position":"center center","background-size":"auto","background-attachment":"scroll","background-type":"","background-media":"","overlay-type":"","overlay-color":"","overlay-opacity":"","overlay-gradient":""},"mobile":{"background-color":"","background-image":"","background-repeat":"repeat","background-position":"center center","background-size":"auto","background-attachment":"scroll","background-type":"","background-media":"","overlay-type":"","overlay-color":"","overlay-opacity":"","overlay-gradient":""}},"ast-content-background-meta":{"desktop":{"background-color":"var(--ast-global-color-4)","background-image":"","background-repeat":"repeat","background-position":"center center","background-size":"auto","background-attachment":"scroll","background-type":"","background-media":"","overlay-type":"","overlay-color":"","overlay-opacity":"","overlay-gradient":""},"tablet":{"background-color":"var(--ast-global-color-4)","background-image":"","background-repeat":"repeat","background-position":"center center","background-size":"auto","background-attachment":"scroll","background-type":"","background-media":"","overlay-type":"","overlay-color":"","overlay-opacity":"","overlay-gradient":""},"mobile":{"background-color":"var(--ast-global-color-4)","background-image":"","background-repeat":"repeat","background-position":"center center","background-size":"auto","background-attachment":"scroll","background-type":"","background-media":"","overlay-type":"","overlay-color":"","overlay-opacity":"","overlay-gradient":""}},"footnotes":""},"categories":[349,460,134,1,276,29],"tags":[340,462,313],"class_list":["post-8954","post","type-post","status-publish","format-standard","has-post-thumbnail","hentry","category-2nbatx","category-2021-2022","category-foix-i","category-general","category-musica","category-portada","tag-batxillerat","tag-curs-2021-2022","tag-foix-i"],"post_mailing_queue_ids":[],"_links":{"self":[{"href":"https:\/\/agora.xtec.cat\/insjvfoix\/wp-json\/wp\/v2\/posts\/8954","targetHints":{"allow":["GET"]}}],"collection":[{"href":"https:\/\/agora.xtec.cat\/insjvfoix\/wp-json\/wp\/v2\/posts"}],"about":[{"href":"https:\/\/agora.xtec.cat\/insjvfoix\/wp-json\/wp\/v2\/types\/post"}],"author":[{"embeddable":true,"href":"https:\/\/agora.xtec.cat\/insjvfoix\/wp-json\/wp\/v2\/users\/287"}],"replies":[{"embeddable":true,"href":"https:\/\/agora.xtec.cat\/insjvfoix\/wp-json\/wp\/v2\/comments?post=8954"}],"version-history":[{"count":2,"href":"https:\/\/agora.xtec.cat\/insjvfoix\/wp-json\/wp\/v2\/posts\/8954\/revisions"}],"predecessor-version":[{"id":8971,"href":"https:\/\/agora.xtec.cat\/insjvfoix\/wp-json\/wp\/v2\/posts\/8954\/revisions\/8971"}],"wp:featuredmedia":[{"embeddable":true,"href":"https:\/\/agora.xtec.cat\/insjvfoix\/wp-json\/wp\/v2\/media\/8955"}],"wp:attachment":[{"href":"https:\/\/agora.xtec.cat\/insjvfoix\/wp-json\/wp\/v2\/media?parent=8954"}],"wp:term":[{"taxonomy":"category","embeddable":true,"href":"https:\/\/agora.xtec.cat\/insjvfoix\/wp-json\/wp\/v2\/categories?post=8954"},{"taxonomy":"post_tag","embeddable":true,"href":"https:\/\/agora.xtec.cat\/insjvfoix\/wp-json\/wp\/v2\/tags?post=8954"}],"curies":[{"name":"wp","href":"https:\/\/api.w.org\/{rel}","templated":true}]}}