{"id":8331,"date":"2021-04-15T09:00:49","date_gmt":"2021-04-15T07:00:49","guid":{"rendered":"http:\/\/agora.xtec.cat\/insjvfoix\/?p=8331"},"modified":"2021-04-13T13:27:28","modified_gmt":"2021-04-13T11:27:28","slug":"expocellula-un-viatge-a-traves-de-la-diversitat-cellular","status":"publish","type":"post","link":"https:\/\/agora.xtec.cat\/insjvfoix\/general\/expocellula-un-viatge-a-traves-de-la-diversitat-cellular\/","title":{"rendered":"Expoc\u00e8l\u00b7lula, un viatge a trav\u00e9s de la diversitat cel\u00b7lular"},"content":{"rendered":"<p class=\"western\" lang=\"ca-ES\" style=\"margin-bottom: 0.28cm; line-height: 108%;\" align=\"justify\"><span style=\"font-family: Arial, serif;\"><span style=\"font-size: medium;\">Els humans estem formats per bilions c\u00e8l\u00b7lules, per\u00f2 no totes s\u00f3n iguals, unes s\u00f3n molt petitones como els espermatozous o els eritr\u00f2cits i d\u2019altres s\u00f3n grans com els adip\u00f2cits i els \u00f2vuls. Les c\u00e8l\u00b7lules dels bacteris s\u00f3n unes 100 vegades m\u00e9s petites que les dels animals i no tenen nucli. D\u2019altres c\u00e8l\u00b7lules com les dels vegetals tenen una paret cel\u00b7lular i org\u00e0nuls amb pigments de color verd com la clorofil\u00b7la.<\/span><\/span><\/p>\n<p class=\"western\" lang=\"ca-ES\" style=\"margin-bottom: 0.28cm; line-height: 108%;\" align=\"justify\"><span style=\"font-family: Arial, serif;\"><span style=\"font-size: medium;\">Els alumnes de 1r i 3r d\u2019ESO han realitzat unes maquetes art\u00edsticament molt atractives, de les diferents c\u00e8l\u00b7lules dels \u00e9ssers vius; mostrant-nos la gran diversitat cel\u00b7lular que existeix. A m\u00e9s han representat c\u00e8l\u00b7lules del cos hum\u00e0 com les fibres musculars, els leuc\u00f2cits o les neurones amb materials diversos i demostrant una gran creativitat en els dissenys.<\/span><\/span><\/p>\n<p class=\"western\" lang=\"ca-ES\" style=\"margin-bottom: 0.28cm; line-height: 108%;\" align=\"justify\"><a name=\"_GoBack\"><\/a> <span style=\"font-family: Arial, serif;\"><span style=\"font-size: medium;\">Finalment han exposat les seves maquetes cel\u00b7lulars al hall de l\u2019institut.<\/span><\/span><\/p>\n<p class=\"western\" lang=\"ca-ES\" style=\"margin-bottom: 0.28cm; line-height: 108%;\" align=\"justify\">\n<p class=\"western\" lang=\"ca-ES\" style=\"margin-bottom: 0.28cm; line-height: 108%;\" align=\"right\"><span style=\"font-family: Arial, serif;\"><span style=\"font-size: medium;\">Mar\u00eda Cinta Quintero Santiago, professora de biologia i geologia<\/span><\/span><\/p>\n<div id='gallery-1' class='gallery galleryid-8331 gallery-columns-3 gallery-size-thumbnail'><figure class='gallery-item'>\n\t\t\t<div class='gallery-icon landscape'>\n\t\t\t\t<a href='https:\/\/agora.xtec.cat\/insjvfoix\/general\/expocellula-un-viatge-a-traves-de-la-diversitat-cellular\/attachment\/1618229633655-copia-min\/'><img loading=\"lazy\" decoding=\"async\" width=\"150\" height=\"150\" src=\"https:\/\/agora.xtec.cat\/insjvfoix\/wp-content\/uploads\/usu394\/2021\/04\/1618229633655-c\u00f2pia-min-150x150.jpg\" class=\"attachment-thumbnail size-thumbnail\" alt=\"\" \/><\/a>\n\t\t\t<\/div><\/figure><figure class='gallery-item'>\n\t\t\t<div class='gallery-icon portrait'>\n\t\t\t\t<a href='https:\/\/agora.xtec.cat\/insjvfoix\/general\/expocellula-un-viatge-a-traves-de-la-diversitat-cellular\/attachment\/1618229633652-copia-min\/'><img loading=\"lazy\" decoding=\"async\" width=\"150\" height=\"150\" src=\"https:\/\/agora.xtec.cat\/insjvfoix\/wp-content\/uploads\/usu394\/2021\/04\/1618229633652-c\u00f2pia-min-150x150.jpg\" class=\"attachment-thumbnail size-thumbnail\" alt=\"\" \/><\/a>\n\t\t\t<\/div><\/figure><figure class='gallery-item'>\n\t\t\t<div class='gallery-icon landscape'>\n\t\t\t\t<a href='https:\/\/agora.xtec.cat\/insjvfoix\/general\/expocellula-un-viatge-a-traves-de-la-diversitat-cellular\/attachment\/1618229633637-copia-min\/'><img loading=\"lazy\" decoding=\"async\" width=\"150\" height=\"150\" src=\"https:\/\/agora.xtec.cat\/insjvfoix\/wp-content\/uploads\/usu394\/2021\/04\/1618229633637-c\u00f2pia-min-150x150.jpg\" class=\"attachment-thumbnail size-thumbnail\" alt=\"\" \/><\/a>\n\t\t\t<\/div><\/figure><figure class='gallery-item'>\n\t\t\t<div class='gallery-icon landscape'>\n\t\t\t\t<a href='https:\/\/agora.xtec.cat\/insjvfoix\/general\/expocellula-un-viatge-a-traves-de-la-diversitat-cellular\/attachment\/1618229633640-min\/'><img loading=\"lazy\" decoding=\"async\" width=\"150\" height=\"150\" src=\"https:\/\/agora.xtec.cat\/insjvfoix\/wp-content\/uploads\/usu394\/2021\/04\/1618229633640-min-150x150.jpg\" class=\"attachment-thumbnail size-thumbnail\" alt=\"\" \/><\/a>\n\t\t\t<\/div><\/figure><figure class='gallery-item'>\n\t\t\t<div class='gallery-icon landscape'>\n\t\t\t\t<a href='https:\/\/agora.xtec.cat\/insjvfoix\/general\/expocellula-un-viatge-a-traves-de-la-diversitat-cellular\/attachment\/1618229633643-min\/'><img loading=\"lazy\" decoding=\"async\" width=\"150\" height=\"150\" src=\"https:\/\/agora.xtec.cat\/insjvfoix\/wp-content\/uploads\/usu394\/2021\/04\/1618229633643-min-150x150.jpg\" class=\"attachment-thumbnail size-thumbnail\" alt=\"\" \/><\/a>\n\t\t\t<\/div><\/figure><figure class='gallery-item'>\n\t\t\t<div class='gallery-icon landscape'>\n\t\t\t\t<a href='https:\/\/agora.xtec.cat\/insjvfoix\/general\/expocellula-un-viatge-a-traves-de-la-diversitat-cellular\/attachment\/1618229633649-min\/'><img loading=\"lazy\" decoding=\"async\" width=\"150\" height=\"150\" src=\"https:\/\/agora.xtec.cat\/insjvfoix\/wp-content\/uploads\/usu394\/2021\/04\/1618229633649-min-150x150.jpg\" class=\"attachment-thumbnail size-thumbnail\" alt=\"\" \/><\/a>\n\t\t\t<\/div><\/figure><figure class='gallery-item'>\n\t\t\t<div class='gallery-icon landscape'>\n\t\t\t\t<a href='https:\/\/agora.xtec.cat\/insjvfoix\/general\/expocellula-un-viatge-a-traves-de-la-diversitat-cellular\/attachment\/1618229633646-min\/'><img loading=\"lazy\" decoding=\"async\" width=\"150\" height=\"150\" src=\"https:\/\/agora.xtec.cat\/insjvfoix\/wp-content\/uploads\/usu394\/2021\/04\/1618229633646-min-150x150.jpg\" class=\"attachment-thumbnail size-thumbnail\" alt=\"\" \/><\/a>\n\t\t\t<\/div><\/figure>\n\t\t<\/div>\n\n","protected":false},"excerpt":{"rendered":"<p>Els humans estem formats per bilions c\u00e8l\u00b7lules, per\u00f2 no totes s\u00f3n iguals, unes s\u00f3n molt petitones como els espermatozous o els eritr\u00f2cits i d\u2019altres s\u00f3n grans com els adip\u00f2cits i els \u00f2vuls. Les c\u00e8l\u00b7lules dels bacteris s\u00f3n unes 100 vegades m\u00e9s petites que les dels animals i no tenen nucli. D\u2019altres c\u00e8l\u00b7lules com les dels [&hellip;]<\/p>\n","protected":false},"author":287,"featured_media":8334,"comment_status":"open","ping_status":"closed","sticky":false,"template":"","format":"standard","meta":{"_bbp_topic_count":0,"_bbp_reply_count":0,"_bbp_total_topic_count":0,"_bbp_total_reply_count":0,"_bbp_voice_count":0,"_bbp_anonymous_reply_count":0,"_bbp_topic_count_hidden":0,"_bbp_reply_count_hidden":0,"_bbp_forum_subforum_count":0,"site-sidebar-layout":"default","site-content-layout":"","ast-site-content-layout":"","site-content-style":"default","site-sidebar-style":"default","ast-global-header-display":"","ast-banner-title-visibility":"","ast-main-header-display":"","ast-hfb-above-header-display":"","ast-hfb-below-header-display":"","ast-hfb-mobile-header-display":"","site-post-title":"","ast-breadcrumbs-content":"","ast-featured-img":"","footer-sml-layout":"","theme-transparent-header-meta":"","adv-header-id-meta":"","stick-header-meta":"","header-above-stick-meta":"","header-main-stick-meta":"","header-below-stick-meta":"","astra-migrate-meta-layouts":"default","ast-page-background-enabled":"default","ast-page-background-meta":{"desktop":{"background-color":"var(--ast-global-color-5)","background-image":"","background-repeat":"repeat","background-position":"center center","background-size":"auto","background-attachment":"scroll","background-type":"","background-media":"","overlay-type":"","overlay-color":"","overlay-opacity":"","overlay-gradient":""},"tablet":{"background-color":"","background-image":"","background-repeat":"repeat","background-position":"center center","background-size":"auto","background-attachment":"scroll","background-type":"","background-media":"","overlay-type":"","overlay-color":"","overlay-opacity":"","overlay-gradient":""},"mobile":{"background-color":"","background-image":"","background-repeat":"repeat","background-position":"center center","background-size":"auto","background-attachment":"scroll","background-type":"","background-media":"","overlay-type":"","overlay-color":"","overlay-opacity":"","overlay-gradient":""}},"ast-content-background-meta":{"desktop":{"background-color":"var(--ast-global-color-4)","background-image":"","background-repeat":"repeat","background-position":"center center","background-size":"auto","background-attachment":"scroll","background-type":"","background-media":"","overlay-type":"","overlay-color":"","overlay-opacity":"","overlay-gradient":""},"tablet":{"background-color":"var(--ast-global-color-4)","background-image":"","background-repeat":"repeat","background-position":"center center","background-size":"auto","background-attachment":"scroll","background-type":"","background-media":"","overlay-type":"","overlay-color":"","overlay-opacity":"","overlay-gradient":""},"mobile":{"background-color":"var(--ast-global-color-4)","background-image":"","background-repeat":"repeat","background-position":"center center","background-size":"auto","background-attachment":"scroll","background-type":"","background-media":"","overlay-type":"","overlay-color":"","overlay-opacity":"","overlay-gradient":""}},"footnotes":""},"categories":[1],"tags":[],"class_list":["post-8331","post","type-post","status-publish","format-standard","has-post-thumbnail","hentry","category-general"],"post_mailing_queue_ids":[],"_links":{"self":[{"href":"https:\/\/agora.xtec.cat\/insjvfoix\/wp-json\/wp\/v2\/posts\/8331","targetHints":{"allow":["GET"]}}],"collection":[{"href":"https:\/\/agora.xtec.cat\/insjvfoix\/wp-json\/wp\/v2\/posts"}],"about":[{"href":"https:\/\/agora.xtec.cat\/insjvfoix\/wp-json\/wp\/v2\/types\/post"}],"author":[{"embeddable":true,"href":"https:\/\/agora.xtec.cat\/insjvfoix\/wp-json\/wp\/v2\/users\/287"}],"replies":[{"embeddable":true,"href":"https:\/\/agora.xtec.cat\/insjvfoix\/wp-json\/wp\/v2\/comments?post=8331"}],"version-history":[{"count":1,"href":"https:\/\/agora.xtec.cat\/insjvfoix\/wp-json\/wp\/v2\/posts\/8331\/revisions"}],"predecessor-version":[{"id":8339,"href":"https:\/\/agora.xtec.cat\/insjvfoix\/wp-json\/wp\/v2\/posts\/8331\/revisions\/8339"}],"wp:featuredmedia":[{"embeddable":true,"href":"https:\/\/agora.xtec.cat\/insjvfoix\/wp-json\/wp\/v2\/media\/8334"}],"wp:attachment":[{"href":"https:\/\/agora.xtec.cat\/insjvfoix\/wp-json\/wp\/v2\/media?parent=8331"}],"wp:term":[{"taxonomy":"category","embeddable":true,"href":"https:\/\/agora.xtec.cat\/insjvfoix\/wp-json\/wp\/v2\/categories?post=8331"},{"taxonomy":"post_tag","embeddable":true,"href":"https:\/\/agora.xtec.cat\/insjvfoix\/wp-json\/wp\/v2\/tags?post=8331"}],"curies":[{"name":"wp","href":"https:\/\/api.w.org\/{rel}","templated":true}]}}