{"id":8181,"date":"2021-03-08T08:00:31","date_gmt":"2021-03-08T07:00:31","guid":{"rendered":"http:\/\/agora.xtec.cat\/insjvfoix\/?p=8181"},"modified":"2021-03-07T18:45:32","modified_gmt":"2021-03-07T17:45:32","slug":"2n-d-treballa-en-el-marc-del-dia-internacional-de-la-dona","status":"publish","type":"post","link":"https:\/\/agora.xtec.cat\/insjvfoix\/general\/2n-d-treballa-en-el-marc-del-dia-internacional-de-la-dona\/","title":{"rendered":"2n D treballa en el marc del dia internacional de la dona"},"content":{"rendered":"<p style=\"text-align: justify;\">Els nostres alumnes de 2D han treballat cooperativament per generar una nova obra art\u00edstica des de la mat\u00e8ria d&#8217;Educaci\u00f3 Visual i Pl\u00e0stica. Creant un dels grans s\u00edmbols que representa al sexe femen\u00ed molt utilitzat des del Renaixement donant suport i for\u00e7a al 8 de mar\u00e7.<\/p>\n<p style=\"text-align: justify;\">L&#8217;aspecte formal de l&#8217;obra \u00e9s un s\u00edmbol femen\u00ed gegant ple de mans que juguen amb els colors liles representant al feminisme com la unitat d&#8217;igualtat. Les mans realitzades per tots els alumnes s&#8217;agrupen fent pinya generant una \u00fanica forma homog\u00e8nia, simple i visual que pot ser entesa universalment.<\/p>\n<p style=\"text-align: justify;\">Quant a l&#8217;aspecte de contingut, els alumnes\u00a0 han volgut donar suport al dia internacional de la dona, com a dia commemoratiu en qu\u00e8 moltes dones se senten representades. Mostrant un suport incondicional a la figura femenina: la dona de la nostra societat, com podria ser\u00a0 la nostra mare, la nostra tia, la nostra germana o la nostra amiga.<\/p>\n<p style=\"text-align: justify;\">Esperem que gaudiu de la nostra obra.<\/p>\n<div id='gallery-1' class='gallery galleryid-8181 gallery-columns-3 gallery-size-thumbnail'><figure class='gallery-item'>\n\t\t\t<div class='gallery-icon portrait'>\n\t\t\t\t<a href='https:\/\/agora.xtec.cat\/insjvfoix\/general\/2n-d-treballa-en-el-marc-del-dia-internacional-de-la-dona\/attachment\/whatsapp-image-2021-03-05-at-19-28-171\/'><img loading=\"lazy\" decoding=\"async\" width=\"150\" height=\"150\" src=\"https:\/\/agora.xtec.cat\/insjvfoix\/wp-content\/uploads\/usu394\/2021\/03\/WhatsApp-Image-2021-03-05-at-19.28.171-150x150.jpeg\" class=\"attachment-thumbnail size-thumbnail\" alt=\"\" aria-describedby=\"gallery-1-8188\" \/><\/a>\n\t\t\t<\/div>\n\t\t\t\t<figcaption class='wp-caption-text gallery-caption' id='gallery-1-8188'>\n\t\t\t\tS\u00edmbol\n\t\t\t\t<\/figcaption><\/figure><figure class='gallery-item'>\n\t\t\t<div class='gallery-icon landscape'>\n\t\t\t\t<a href='https:\/\/agora.xtec.cat\/insjvfoix\/general\/2n-d-treballa-en-el-marc-del-dia-internacional-de-la-dona\/attachment\/whatsapp-image-2021-03-05-at-19-28-17\/'><img loading=\"lazy\" decoding=\"async\" width=\"150\" height=\"150\" src=\"https:\/\/agora.xtec.cat\/insjvfoix\/wp-content\/uploads\/usu394\/2021\/03\/WhatsApp-Image-2021-03-05-at-19.28.17-150x150.jpeg\" class=\"attachment-thumbnail size-thumbnail\" alt=\"\" aria-describedby=\"gallery-1-8187\" \/><\/a>\n\t\t\t<\/div>\n\t\t\t\t<figcaption class='wp-caption-text gallery-caption' id='gallery-1-8187'>\n\t\t\t\tGrup\n\t\t\t\t<\/figcaption><\/figure><figure class='gallery-item'>\n\t\t\t<div class='gallery-icon portrait'>\n\t\t\t\t<a href='https:\/\/agora.xtec.cat\/insjvfoix\/general\/2n-d-treballa-en-el-marc-del-dia-internacional-de-la-dona\/attachment\/whatsapp-image-2021-03-05-at-19-25-10\/'><img loading=\"lazy\" decoding=\"async\" width=\"150\" height=\"150\" src=\"https:\/\/agora.xtec.cat\/insjvfoix\/wp-content\/uploads\/usu394\/2021\/03\/WhatsApp-Image-2021-03-05-at-19.25.10-150x150.jpeg\" class=\"attachment-thumbnail size-thumbnail\" alt=\"\" aria-describedby=\"gallery-1-8185\" \/><\/a>\n\t\t\t<\/div>\n\t\t\t\t<figcaption class='wp-caption-text gallery-caption' id='gallery-1-8185'>\n\t\t\t\tAlumnes treballant\n\t\t\t\t<\/figcaption><\/figure><figure class='gallery-item'>\n\t\t\t<div class='gallery-icon portrait'>\n\t\t\t\t<a href='https:\/\/agora.xtec.cat\/insjvfoix\/general\/2n-d-treballa-en-el-marc-del-dia-internacional-de-la-dona\/attachment\/whatsapp-image-2021-03-05-at-19-25-101\/'><img loading=\"lazy\" decoding=\"async\" width=\"150\" height=\"150\" src=\"https:\/\/agora.xtec.cat\/insjvfoix\/wp-content\/uploads\/usu394\/2021\/03\/WhatsApp-Image-2021-03-05-at-19.25.101-150x150.jpeg\" class=\"attachment-thumbnail size-thumbnail\" alt=\"\" aria-describedby=\"gallery-1-8184\" \/><\/a>\n\t\t\t<\/div>\n\t\t\t\t<figcaption class='wp-caption-text gallery-caption' id='gallery-1-8184'>\n\t\t\t\tMaterial\n\t\t\t\t<\/figcaption><\/figure><figure class='gallery-item'>\n\t\t\t<div class='gallery-icon portrait'>\n\t\t\t\t<a href='https:\/\/agora.xtec.cat\/insjvfoix\/general\/2n-d-treballa-en-el-marc-del-dia-internacional-de-la-dona\/attachment\/whatsapp-image-2021-03-05-at-19-25-11\/'><img loading=\"lazy\" decoding=\"async\" width=\"150\" height=\"150\" src=\"https:\/\/agora.xtec.cat\/insjvfoix\/wp-content\/uploads\/usu394\/2021\/03\/WhatsApp-Image-2021-03-05-at-19.25.11-150x150.jpeg\" class=\"attachment-thumbnail size-thumbnail\" alt=\"\" aria-describedby=\"gallery-1-8183\" \/><\/a>\n\t\t\t<\/div>\n\t\t\t\t<figcaption class='wp-caption-text gallery-caption' id='gallery-1-8183'>\n\t\t\t\tMans\n\t\t\t\t<\/figcaption><\/figure><figure class='gallery-item'>\n\t\t\t<div class='gallery-icon portrait'>\n\t\t\t\t<a href='https:\/\/agora.xtec.cat\/insjvfoix\/general\/2n-d-treballa-en-el-marc-del-dia-internacional-de-la-dona\/attachment\/whatsapp-image-2021-03-05-at-19-25-111\/'><img loading=\"lazy\" decoding=\"async\" width=\"150\" height=\"150\" src=\"https:\/\/agora.xtec.cat\/insjvfoix\/wp-content\/uploads\/usu394\/2021\/03\/WhatsApp-Image-2021-03-05-at-19.25.111-150x150.jpeg\" class=\"attachment-thumbnail size-thumbnail\" alt=\"\" aria-describedby=\"gallery-1-8182\" \/><\/a>\n\t\t\t<\/div>\n\t\t\t\t<figcaption class='wp-caption-text gallery-caption' id='gallery-1-8182'>\n\t\t\t\tPintura\n\t\t\t\t<\/figcaption><\/figure>\n\t\t<\/div>\n\n","protected":false},"excerpt":{"rendered":"<p>Els nostres alumnes de 2D han treballat cooperativament per generar una nova obra art\u00edstica des de la mat\u00e8ria d&#8217;Educaci\u00f3 Visual i Pl\u00e0stica. Creant un dels grans s\u00edmbols que representa al sexe femen\u00ed molt utilitzat des del Renaixement donant suport i for\u00e7a al 8 de mar\u00e7. L&#8217;aspecte formal de l&#8217;obra \u00e9s un s\u00edmbol femen\u00ed gegant ple [&hellip;]<\/p>\n","protected":false},"author":287,"featured_media":8188,"comment_status":"open","ping_status":"closed","sticky":false,"template":"","format":"standard","meta":{"_bbp_topic_count":0,"_bbp_reply_count":0,"_bbp_total_topic_count":0,"_bbp_total_reply_count":0,"_bbp_voice_count":0,"_bbp_anonymous_reply_count":0,"_bbp_topic_count_hidden":0,"_bbp_reply_count_hidden":0,"_bbp_forum_subforum_count":0,"site-sidebar-layout":"default","site-content-layout":"","ast-site-content-layout":"","site-content-style":"default","site-sidebar-style":"default","ast-global-header-display":"","ast-banner-title-visibility":"","ast-main-header-display":"","ast-hfb-above-header-display":"","ast-hfb-below-header-display":"","ast-hfb-mobile-header-display":"","site-post-title":"","ast-breadcrumbs-content":"","ast-featured-img":"","footer-sml-layout":"","theme-transparent-header-meta":"","adv-header-id-meta":"","stick-header-meta":"","header-above-stick-meta":"","header-main-stick-meta":"","header-below-stick-meta":"","astra-migrate-meta-layouts":"default","ast-page-background-enabled":"default","ast-page-background-meta":{"desktop":{"background-color":"var(--ast-global-color-5)","background-image":"","background-repeat":"repeat","background-position":"center center","background-size":"auto","background-attachment":"scroll","background-type":"","background-media":"","overlay-type":"","overlay-color":"","overlay-opacity":"","overlay-gradient":""},"tablet":{"background-color":"","background-image":"","background-repeat":"repeat","background-position":"center center","background-size":"auto","background-attachment":"scroll","background-type":"","background-media":"","overlay-type":"","overlay-color":"","overlay-opacity":"","overlay-gradient":""},"mobile":{"background-color":"","background-image":"","background-repeat":"repeat","background-position":"center center","background-size":"auto","background-attachment":"scroll","background-type":"","background-media":"","overlay-type":"","overlay-color":"","overlay-opacity":"","overlay-gradient":""}},"ast-content-background-meta":{"desktop":{"background-color":"var(--ast-global-color-4)","background-image":"","background-repeat":"repeat","background-position":"center center","background-size":"auto","background-attachment":"scroll","background-type":"","background-media":"","overlay-type":"","overlay-color":"","overlay-opacity":"","overlay-gradient":""},"tablet":{"background-color":"var(--ast-global-color-4)","background-image":"","background-repeat":"repeat","background-position":"center center","background-size":"auto","background-attachment":"scroll","background-type":"","background-media":"","overlay-type":"","overlay-color":"","overlay-opacity":"","overlay-gradient":""},"mobile":{"background-color":"var(--ast-global-color-4)","background-image":"","background-repeat":"repeat","background-position":"center center","background-size":"auto","background-attachment":"scroll","background-type":"","background-media":"","overlay-type":"","overlay-color":"","overlay-opacity":"","overlay-gradient":""}},"footnotes":""},"categories":[333,318,1,147,29],"tags":[408,334,393],"class_list":["post-8181","post","type-post","status-publish","format-standard","has-post-thumbnail","hentry","category-curs2021","category-eso-2d","category-general","category-plastica","category-portada","tag-2n-eso-d","tag-curs2021","tag-visual-i-plastica"],"post_mailing_queue_ids":[],"_links":{"self":[{"href":"https:\/\/agora.xtec.cat\/insjvfoix\/wp-json\/wp\/v2\/posts\/8181","targetHints":{"allow":["GET"]}}],"collection":[{"href":"https:\/\/agora.xtec.cat\/insjvfoix\/wp-json\/wp\/v2\/posts"}],"about":[{"href":"https:\/\/agora.xtec.cat\/insjvfoix\/wp-json\/wp\/v2\/types\/post"}],"author":[{"embeddable":true,"href":"https:\/\/agora.xtec.cat\/insjvfoix\/wp-json\/wp\/v2\/users\/287"}],"replies":[{"embeddable":true,"href":"https:\/\/agora.xtec.cat\/insjvfoix\/wp-json\/wp\/v2\/comments?post=8181"}],"version-history":[{"count":2,"href":"https:\/\/agora.xtec.cat\/insjvfoix\/wp-json\/wp\/v2\/posts\/8181\/revisions"}],"predecessor-version":[{"id":8208,"href":"https:\/\/agora.xtec.cat\/insjvfoix\/wp-json\/wp\/v2\/posts\/8181\/revisions\/8208"}],"wp:featuredmedia":[{"embeddable":true,"href":"https:\/\/agora.xtec.cat\/insjvfoix\/wp-json\/wp\/v2\/media\/8188"}],"wp:attachment":[{"href":"https:\/\/agora.xtec.cat\/insjvfoix\/wp-json\/wp\/v2\/media?parent=8181"}],"wp:term":[{"taxonomy":"category","embeddable":true,"href":"https:\/\/agora.xtec.cat\/insjvfoix\/wp-json\/wp\/v2\/categories?post=8181"},{"taxonomy":"post_tag","embeddable":true,"href":"https:\/\/agora.xtec.cat\/insjvfoix\/wp-json\/wp\/v2\/tags?post=8181"}],"curies":[{"name":"wp","href":"https:\/\/api.w.org\/{rel}","templated":true}]}}