{"id":8113,"date":"2021-02-18T13:24:36","date_gmt":"2021-02-18T12:24:36","guid":{"rendered":"http:\/\/agora.xtec.cat\/insjvfoix\/?p=8113"},"modified":"2021-03-03T17:00:09","modified_gmt":"2021-03-03T16:00:09","slug":"voluntaris-per-a-la-neteja-de-lentorn-de-la-font-de-sant-muc","status":"publish","type":"post","link":"https:\/\/agora.xtec.cat\/insjvfoix\/general\/voluntaris-per-a-la-neteja-de-lentorn-de-la-font-de-sant-muc\/","title":{"rendered":"Voluntaris per a la neteja de l&#8217;entorn de la font de sant Mu\u00e7"},"content":{"rendered":"<div style=\"text-align: justify;\">Des de l&#8217;Escola Verda ens fem ress\u00f2 de l&#8217;activitat, basada en el voluntariat, que ha organitzat Rub\u00ed d&#8217;Arrel, el Centre excursionista i el CRAC per a la neteja, desbrossament i plantada d&#8217;arbres a la font de sant Mu\u00e7 i Torrent del Mut.<\/div>\n<div style=\"text-align: left;\"><\/div>\n<div style=\"text-align: justify;\">A continuaci\u00f3 teniu el cartell amb les dates i horaris.<\/div>\n<div style=\"text-align: justify;\"><\/div>\n<div style=\"text-align: left;\"><\/div>\n<div style=\"text-align: justify;\">Us deixem enlla\u00e7 de not\u00edcia <a href=\"https:\/\/www.totrubi.cat\/actualitat\/societat\/nova-campanya-voluntariat-ambiental-recuperar-entorn-natural-rubi_2148073102.html\" target=\"_blank\" rel=\"noopener noreferrer\" data-saferedirecturl=\"https:\/\/www.google.com\/url?q=https:\/\/www.totrubi.cat\/actualitat\/societat\/nova-campanya-voluntariat-ambiental-recuperar-entorn-natural-rubi_2148073102.html&amp;source=gmail&amp;ust=1613737296222000&amp;usg=AFQjCNEr50D8_ENUh5kDSJjMaNEg9u0eRA\">TOT RUB\u00cd<\/a>, on trobareu l&#8217;espai per poder-vos inscriure.<\/div>\n<div style=\"text-align: left;\"><\/div>\n<div style=\"text-align: left;\">Equip Escola Verda<\/div>\n<div style=\"text-align: left;\"><\/div>\n<div style=\"text-align: left;\">Un m\u00f3n millor \u00e9s possible<\/div>\n<div><\/div>\n<div><a href=\"https:\/\/agora.xtec.cat\/insjvfoix\/wp-content\/uploads\/usu394\/2021\/02\/IMG-20210210-WA0004.jpg\"><img loading=\"lazy\" decoding=\"async\" class=\"aligncenter size-medium wp-image-8115\" src=\"https:\/\/agora.xtec.cat\/insjvfoix\/wp-content\/uploads\/usu394\/2021\/02\/IMG-20210210-WA0004-208x300.jpg\" alt=\"\" width=\"208\" height=\"300\" srcset=\"https:\/\/agora.xtec.cat\/insjvfoix\/wp-content\/uploads\/usu394\/2021\/02\/IMG-20210210-WA0004-208x300.jpg 208w, https:\/\/agora.xtec.cat\/insjvfoix\/wp-content\/uploads\/usu394\/2021\/02\/IMG-20210210-WA0004-709x1024.jpg 709w, https:\/\/agora.xtec.cat\/insjvfoix\/wp-content\/uploads\/usu394\/2021\/02\/IMG-20210210-WA0004.jpg 720w\" sizes=\"auto, (max-width: 208px) 100vw, 208px\" \/><\/a><\/div>\n","protected":false},"excerpt":{"rendered":"<p>Des de l&#8217;Escola Verda ens fem ress\u00f2 de l&#8217;activitat, basada en el voluntariat, que ha organitzat Rub\u00ed d&#8217;Arrel, el Centre excursionista i el CRAC per a la neteja, desbrossament i plantada d&#8217;arbres a la font de sant Mu\u00e7 i Torrent del Mut. A continuaci\u00f3 teniu el cartell amb les dates i horaris. Us deixem enlla\u00e7 [&hellip;]<\/p>\n","protected":false},"author":287,"featured_media":8115,"comment_status":"open","ping_status":"closed","sticky":false,"template":"","format":"standard","meta":{"_bbp_topic_count":0,"_bbp_reply_count":0,"_bbp_total_topic_count":0,"_bbp_total_reply_count":0,"_bbp_voice_count":0,"_bbp_anonymous_reply_count":0,"_bbp_topic_count_hidden":0,"_bbp_reply_count_hidden":0,"_bbp_forum_subforum_count":0,"site-sidebar-layout":"default","site-content-layout":"","ast-site-content-layout":"","site-content-style":"default","site-sidebar-style":"default","ast-global-header-display":"","ast-banner-title-visibility":"","ast-main-header-display":"","ast-hfb-above-header-display":"","ast-hfb-below-header-display":"","ast-hfb-mobile-header-display":"","site-post-title":"","ast-breadcrumbs-content":"","ast-featured-img":"","footer-sml-layout":"","theme-transparent-header-meta":"","adv-header-id-meta":"","stick-header-meta":"","header-above-stick-meta":"","header-main-stick-meta":"","header-below-stick-meta":"","astra-migrate-meta-layouts":"default","ast-page-background-enabled":"default","ast-page-background-meta":{"desktop":{"background-color":"var(--ast-global-color-5)","background-image":"","background-repeat":"repeat","background-position":"center center","background-size":"auto","background-attachment":"scroll","background-type":"","background-media":"","overlay-type":"","overlay-color":"","overlay-opacity":"","overlay-gradient":""},"tablet":{"background-color":"","background-image":"","background-repeat":"repeat","background-position":"center center","background-size":"auto","background-attachment":"scroll","background-type":"","background-media":"","overlay-type":"","overlay-color":"","overlay-opacity":"","overlay-gradient":""},"mobile":{"background-color":"","background-image":"","background-repeat":"repeat","background-position":"center center","background-size":"auto","background-attachment":"scroll","background-type":"","background-media":"","overlay-type":"","overlay-color":"","overlay-opacity":"","overlay-gradient":""}},"ast-content-background-meta":{"desktop":{"background-color":"var(--ast-global-color-4)","background-image":"","background-repeat":"repeat","background-position":"center center","background-size":"auto","background-attachment":"scroll","background-type":"","background-media":"","overlay-type":"","overlay-color":"","overlay-opacity":"","overlay-gradient":""},"tablet":{"background-color":"var(--ast-global-color-4)","background-image":"","background-repeat":"repeat","background-position":"center center","background-size":"auto","background-attachment":"scroll","background-type":"","background-media":"","overlay-type":"","overlay-color":"","overlay-opacity":"","overlay-gradient":""},"mobile":{"background-color":"var(--ast-global-color-4)","background-image":"","background-repeat":"repeat","background-position":"center center","background-size":"auto","background-attachment":"scroll","background-type":"","background-media":"","overlay-type":"","overlay-color":"","overlay-opacity":"","overlay-gradient":""}},"footnotes":""},"categories":[1],"tags":[334,56],"class_list":["post-8113","post","type-post","status-publish","format-standard","has-post-thumbnail","hentry","category-general","tag-curs2021","tag-escola-verda"],"post_mailing_queue_ids":[],"_links":{"self":[{"href":"https:\/\/agora.xtec.cat\/insjvfoix\/wp-json\/wp\/v2\/posts\/8113","targetHints":{"allow":["GET"]}}],"collection":[{"href":"https:\/\/agora.xtec.cat\/insjvfoix\/wp-json\/wp\/v2\/posts"}],"about":[{"href":"https:\/\/agora.xtec.cat\/insjvfoix\/wp-json\/wp\/v2\/types\/post"}],"author":[{"embeddable":true,"href":"https:\/\/agora.xtec.cat\/insjvfoix\/wp-json\/wp\/v2\/users\/287"}],"replies":[{"embeddable":true,"href":"https:\/\/agora.xtec.cat\/insjvfoix\/wp-json\/wp\/v2\/comments?post=8113"}],"version-history":[{"count":2,"href":"https:\/\/agora.xtec.cat\/insjvfoix\/wp-json\/wp\/v2\/posts\/8113\/revisions"}],"predecessor-version":[{"id":8116,"href":"https:\/\/agora.xtec.cat\/insjvfoix\/wp-json\/wp\/v2\/posts\/8113\/revisions\/8116"}],"wp:featuredmedia":[{"embeddable":true,"href":"https:\/\/agora.xtec.cat\/insjvfoix\/wp-json\/wp\/v2\/media\/8115"}],"wp:attachment":[{"href":"https:\/\/agora.xtec.cat\/insjvfoix\/wp-json\/wp\/v2\/media?parent=8113"}],"wp:term":[{"taxonomy":"category","embeddable":true,"href":"https:\/\/agora.xtec.cat\/insjvfoix\/wp-json\/wp\/v2\/categories?post=8113"},{"taxonomy":"post_tag","embeddable":true,"href":"https:\/\/agora.xtec.cat\/insjvfoix\/wp-json\/wp\/v2\/tags?post=8113"}],"curies":[{"name":"wp","href":"https:\/\/api.w.org\/{rel}","templated":true}]}}