{"id":8060,"date":"2021-02-12T09:00:46","date_gmt":"2021-02-12T08:00:46","guid":{"rendered":"http:\/\/agora.xtec.cat\/insjvfoix\/?p=8060"},"modified":"2021-03-25T08:53:37","modified_gmt":"2021-03-25T07:53:37","slug":"30-de-gener-dia-escolar-de-la-no-violencia-i-la-pau","status":"publish","type":"post","link":"https:\/\/agora.xtec.cat\/insjvfoix\/general\/30-de-gener-dia-escolar-de-la-no-violencia-i-la-pau\/","title":{"rendered":"30 de gener- Dia Escolar de la No-Viol\u00e8ncia i la Pau"},"content":{"rendered":"<p style=\"text-align: justify;\">El dia <b>30 de gener \u00e9s el Dia Escolar de la No-Viol\u00e8ncia i de la Pau<\/b>.<\/p>\n<p style=\"text-align: justify;\">Per qu\u00e8 se celebra aquest dia? Se celebra aquest dia en commemoraci\u00f3 de l&#8217;aniversari de la mort de Mahatma Gandhi, assassinat el 30 de gener de 1948.<\/p>\n<p style=\"text-align: justify;\">Mahatma Gandhi (\u00cdndia 1969- 1948) va ser un l\u00edder pacifista que va defensar i promoure la NO-VIOL\u00c8NCIA i la RESIST\u00c8NCIA PAC\u00cdFICA envers tota mena d&#8217;injust\u00edcia.<\/p>\n<p style=\"text-align: justify;\">Aix\u00ed doncs, hem fet un recorregut per la seva vida, les seves accions, el seu missatge i hem recordat la import\u00e0ncia dels VALORS com la PAU i la JUST\u00cdCIA com a motor per aconseguir un m\u00f3n millor.<\/p>\n<p style=\"text-align: justify;\">Com a resultat els i les alumnes han elaborat un mural on han recollit els fets destacats de la seva biografia, les frases i missatges que m\u00e9s els ha agradat de Gandhi i la paraula PAU en 20 idiomes.<\/p>\n<p style=\"text-align: justify;\">Aqu\u00ed us deixem algunes frases destacades de Gandhi escollides pels i les alumnes sobre les quals hem reflexionat:<\/p>\n<p style=\"text-align: justify;\"><em>Ull per ull i el m\u00f3n quedar\u00e0 cec.<\/em><\/p>\n<p style=\"text-align: justify;\"><em> Tu i jo no som m\u00e9s que una sola cosa. No et puc fer mal sense ferir-me.<\/em><\/p>\n<p style=\"text-align: justify;\"><em>No hi ha camins per la pau, la pau \u00e9s el cam\u00ed.<\/em><\/p>\n<p style=\"text-align: justify;\"><em>Sigues el canvi que vols veure al m\u00f3n.<\/em><\/p>\n<p><em>Sigues el canvi que vols veure al m\u00f3n.<\/em><\/p>\n<p style=\"text-align: justify;\"><em>El futur dep\u00e8n del que facis avui.<\/em><\/p>\n<p style=\"text-align: justify;\"><em>La meva vida \u00e9s el missatge.<\/em><\/p>\n<p><em>La viol\u00e8ncia \u00e9s la por als ideals de l&#8217;altre.<\/em><\/p>\n<p style=\"text-align: justify;\">Si en voleu saber m\u00e9s, doneu un cop d&#8217;ull al mural!<\/p>\n<p style=\"text-align: justify;\">Professora: Salut Dom\u00e8nech<\/p>\n<div id='gallery-1' class='gallery galleryid-8060 gallery-columns-3 gallery-size-thumbnail'><figure class='gallery-item'>\n\t\t\t<div class='gallery-icon landscape'>\n\t\t\t\t<a href='https:\/\/agora.xtec.cat\/insjvfoix\/general\/30-de-gener-dia-escolar-de-la-no-violencia-i-la-pau\/attachment\/dav-9\/'><img loading=\"lazy\" decoding=\"async\" width=\"150\" height=\"150\" src=\"https:\/\/agora.xtec.cat\/insjvfoix\/wp-content\/uploads\/usu394\/2021\/02\/IMG_20210205_185449-150x150.jpg\" class=\"attachment-thumbnail size-thumbnail\" alt=\"\" aria-describedby=\"gallery-1-8062\" \/><\/a>\n\t\t\t<\/div>\n\t\t\t\t<figcaption class='wp-caption-text gallery-caption' id='gallery-1-8062'>\n\t\t\t\tMural\n\t\t\t\t<\/figcaption><\/figure><figure class='gallery-item'>\n\t\t\t<div class='gallery-icon landscape'>\n\t\t\t\t<a href='https:\/\/agora.xtec.cat\/insjvfoix\/general\/30-de-gener-dia-escolar-de-la-no-violencia-i-la-pau\/attachment\/dav-8\/'><img loading=\"lazy\" decoding=\"async\" width=\"150\" height=\"150\" src=\"https:\/\/agora.xtec.cat\/insjvfoix\/wp-content\/uploads\/usu394\/2021\/02\/IMG_20210205_191250-150x150.jpg\" class=\"attachment-thumbnail size-thumbnail\" alt=\"\" aria-describedby=\"gallery-1-8061\" \/><\/a>\n\t\t\t<\/div>\n\t\t\t\t<figcaption class='wp-caption-text gallery-caption' id='gallery-1-8061'>\n\t\t\t\tDetall\n\t\t\t\t<\/figcaption><\/figure><figure class='gallery-item'>\n\t\t\t<div class='gallery-icon portrait'>\n\t\t\t\t<a href='https:\/\/agora.xtec.cat\/insjvfoix\/general\/30-de-gener-dia-escolar-de-la-no-violencia-i-la-pau\/attachment\/dav-10\/'><img loading=\"lazy\" decoding=\"async\" width=\"150\" height=\"150\" src=\"https:\/\/agora.xtec.cat\/insjvfoix\/wp-content\/uploads\/usu394\/2021\/02\/IMG_20210205_191444-150x150.jpg\" class=\"attachment-thumbnail size-thumbnail\" alt=\"\" aria-describedby=\"gallery-1-8063\" \/><\/a>\n\t\t\t<\/div>\n\t\t\t\t<figcaption class='wp-caption-text gallery-caption' id='gallery-1-8063'>\n\t\t\t\tDetall\n\t\t\t\t<\/figcaption><\/figure>\n\t\t<\/div>\n\n","protected":false},"excerpt":{"rendered":"<p>El dia 30 de gener \u00e9s el Dia Escolar de la No-Viol\u00e8ncia i de la Pau. Per qu\u00e8 se celebra aquest dia? Se celebra aquest dia en commemoraci\u00f3 de l&#8217;aniversari de la mort de Mahatma Gandhi, assassinat el 30 de gener de 1948. Mahatma Gandhi (\u00cdndia 1969- 1948) va ser un l\u00edder pacifista que va [&hellip;]<\/p>\n","protected":false},"author":287,"featured_media":8063,"comment_status":"open","ping_status":"closed","sticky":false,"template":"","format":"standard","meta":{"_bbp_topic_count":0,"_bbp_reply_count":0,"_bbp_total_topic_count":0,"_bbp_total_reply_count":0,"_bbp_voice_count":0,"_bbp_anonymous_reply_count":0,"_bbp_topic_count_hidden":0,"_bbp_reply_count_hidden":0,"_bbp_forum_subforum_count":0,"site-sidebar-layout":"default","site-content-layout":"","ast-site-content-layout":"","site-content-style":"default","site-sidebar-style":"default","ast-global-header-display":"","ast-banner-title-visibility":"","ast-main-header-display":"","ast-hfb-above-header-display":"","ast-hfb-below-header-display":"","ast-hfb-mobile-header-display":"","site-post-title":"","ast-breadcrumbs-content":"","ast-featured-img":"","footer-sml-layout":"","theme-transparent-header-meta":"","adv-header-id-meta":"","stick-header-meta":"","header-above-stick-meta":"","header-main-stick-meta":"","header-below-stick-meta":"","astra-migrate-meta-layouts":"default","ast-page-background-enabled":"default","ast-page-background-meta":{"desktop":{"background-color":"var(--ast-global-color-5)","background-image":"","background-repeat":"repeat","background-position":"center center","background-size":"auto","background-attachment":"scroll","background-type":"","background-media":"","overlay-type":"","overlay-color":"","overlay-opacity":"","overlay-gradient":""},"tablet":{"background-color":"","background-image":"","background-repeat":"repeat","background-position":"center center","background-size":"auto","background-attachment":"scroll","background-type":"","background-media":"","overlay-type":"","overlay-color":"","overlay-opacity":"","overlay-gradient":""},"mobile":{"background-color":"","background-image":"","background-repeat":"repeat","background-position":"center center","background-size":"auto","background-attachment":"scroll","background-type":"","background-media":"","overlay-type":"","overlay-color":"","overlay-opacity":"","overlay-gradient":""}},"ast-content-background-meta":{"desktop":{"background-color":"var(--ast-global-color-4)","background-image":"","background-repeat":"repeat","background-position":"center center","background-size":"auto","background-attachment":"scroll","background-type":"","background-media":"","overlay-type":"","overlay-color":"","overlay-opacity":"","overlay-gradient":""},"tablet":{"background-color":"var(--ast-global-color-4)","background-image":"","background-repeat":"repeat","background-position":"center center","background-size":"auto","background-attachment":"scroll","background-type":"","background-media":"","overlay-type":"","overlay-color":"","overlay-opacity":"","overlay-gradient":""},"mobile":{"background-color":"var(--ast-global-color-4)","background-image":"","background-repeat":"repeat","background-position":"center center","background-size":"auto","background-attachment":"scroll","background-type":"","background-media":"","overlay-type":"","overlay-color":"","overlay-opacity":"","overlay-gradient":""}},"footnotes":""},"categories":[333,315,316,1,29,373],"tags":[398,430,334,441],"class_list":["post-8060","post","type-post","status-publish","format-standard","has-post-thumbnail","hentry","category-curs2021","category-1r-c","category-eso-1r-d","category-general","category-portada","category-valors-etics-i-ciutadans","tag-1r-eso-c","tag-1r-eso-d","tag-curs2021","tag-valors-etics"],"post_mailing_queue_ids":[],"_links":{"self":[{"href":"https:\/\/agora.xtec.cat\/insjvfoix\/wp-json\/wp\/v2\/posts\/8060","targetHints":{"allow":["GET"]}}],"collection":[{"href":"https:\/\/agora.xtec.cat\/insjvfoix\/wp-json\/wp\/v2\/posts"}],"about":[{"href":"https:\/\/agora.xtec.cat\/insjvfoix\/wp-json\/wp\/v2\/types\/post"}],"author":[{"embeddable":true,"href":"https:\/\/agora.xtec.cat\/insjvfoix\/wp-json\/wp\/v2\/users\/287"}],"replies":[{"embeddable":true,"href":"https:\/\/agora.xtec.cat\/insjvfoix\/wp-json\/wp\/v2\/comments?post=8060"}],"version-history":[{"count":1,"href":"https:\/\/agora.xtec.cat\/insjvfoix\/wp-json\/wp\/v2\/posts\/8060\/revisions"}],"predecessor-version":[{"id":8064,"href":"https:\/\/agora.xtec.cat\/insjvfoix\/wp-json\/wp\/v2\/posts\/8060\/revisions\/8064"}],"wp:featuredmedia":[{"embeddable":true,"href":"https:\/\/agora.xtec.cat\/insjvfoix\/wp-json\/wp\/v2\/media\/8063"}],"wp:attachment":[{"href":"https:\/\/agora.xtec.cat\/insjvfoix\/wp-json\/wp\/v2\/media?parent=8060"}],"wp:term":[{"taxonomy":"category","embeddable":true,"href":"https:\/\/agora.xtec.cat\/insjvfoix\/wp-json\/wp\/v2\/categories?post=8060"},{"taxonomy":"post_tag","embeddable":true,"href":"https:\/\/agora.xtec.cat\/insjvfoix\/wp-json\/wp\/v2\/tags?post=8060"}],"curies":[{"name":"wp","href":"https:\/\/api.w.org\/{rel}","templated":true}]}}