{"id":7349,"date":"2020-10-27T17:28:11","date_gmt":"2020-10-27T16:28:11","guid":{"rendered":"http:\/\/agora.xtec.cat\/insjvfoix\/?p=7349"},"modified":"2020-11-13T13:01:37","modified_gmt":"2020-11-13T12:01:37","slug":"visita-en-linia-de-la-fundacio-de-la-marato-de-tv3","status":"publish","type":"post","link":"https:\/\/agora.xtec.cat\/insjvfoix\/general\/visita-en-linia-de-la-fundacio-de-la-marato-de-tv3\/","title":{"rendered":"Visita en l\u00ednia de la Fundaci\u00f3 de La Marat\u00f3 de TV3"},"content":{"rendered":"<p style=\"text-align: center;\"><a href=\"https:\/\/agora.xtec.cat\/insjvfoix\/wp-content\/uploads\/usu394\/2020\/10\/imagen-art\u00edculo-xerrada-marat\u00f3-20.jpg\"><img loading=\"lazy\" decoding=\"async\" class=\"size-medium wp-image-7366 aligncenter\" src=\"https:\/\/agora.xtec.cat\/insjvfoix\/wp-content\/uploads\/usu394\/2020\/10\/imagen-art\u00edculo-xerrada-marat\u00f3-20-300x169.jpg\" alt=\"\" width=\"300\" height=\"169\" srcset=\"https:\/\/agora.xtec.cat\/insjvfoix\/wp-content\/uploads\/usu394\/2020\/10\/imagen-art\u00edculo-xerrada-marat\u00f3-20-300x169.jpg 300w, https:\/\/agora.xtec.cat\/insjvfoix\/wp-content\/uploads\/usu394\/2020\/10\/imagen-art\u00edculo-xerrada-marat\u00f3-20.jpg 640w\" sizes=\"auto, (max-width: 300px) 100vw, 300px\" \/><\/a><\/p>\n<p>L&#8217;edici\u00f3 del 2020 de la Marat\u00f3 s&#8217;ha dedicat a la Covid-19, com no podria ser d\u2019una altra manera, en aquests moments dif\u00edcils i incerts dels darrers mesos.<\/p>\n<p>L\u2019Enric Font Planells, llicenciat en psicologia social per la UAB,\u00a0 ha realitzat unes xerrades\u00a0 virtuals informatives dirigides a\u00a0 l&#8217;alumnat de 2n d\u2019ESO, 3\u00e8 d\u2019ESO, 4t d&#8217;ESO i\u00a0 Batxillerat cient\u00edfic. Els alumnes van veure un v\u00eddeo divulgatiu on diferents joves explicaven les seves\u00a0 experi\u00e8ncies en relaci\u00f3 a la malaltia produ\u00efda pel virus SARS-coV2.\u00a0 Posteriorment van consultar amb l\u2019Enric tots els dubtes que tenien i van fer un petit debat.<\/p>\n<p>L&#8217;objectiu d&#8217;aquestes confer\u00e8ncies divulgatives \u00e9s acostar als joves la realitat m\u00e8dica i humana de la Covid-19.<\/p>\n<p>Davant la necessitat d\u2019avan\u00e7ar en la recerca de la Covid-19, TV3, Catalunya R\u00e0dio i la Fundaci\u00f3 La Marat\u00f3 fins al dia 20 de desembre, centraran tots els esfor\u00e7os per sensibilitzar i divulgar sobre el virus i s\u2019apel\u00b7lar\u00e0 a la solidaritat dels ciutadans, per sumar recursos econ\u00f2mics que permetin avan\u00e7ar en la investigaci\u00f3 i aix\u00ed millorar la qualitat i l\u2019esperan\u00e7a de vida de les persones afectades per aquesta malaltia de gran abast.<\/p>\n<p><strong>L\u2019activitat ha estat promoguda per la Rosa Rodr\u00edguez i la M\u00aa Cinta Quintero, professores de biologia de l\u2019institut.<\/strong><\/p>\n","protected":false},"excerpt":{"rendered":"<p>L&#8217;edici\u00f3 del 2020 de la Marat\u00f3 s&#8217;ha dedicat a la Covid-19, com no podria ser d\u2019una altra manera, en aquests moments dif\u00edcils i incerts dels darrers mesos. L\u2019Enric Font Planells, llicenciat en psicologia social per la UAB,\u00a0 ha realitzat unes xerrades\u00a0 virtuals informatives dirigides a\u00a0 l&#8217;alumnat de 2n d\u2019ESO, 3\u00e8 d\u2019ESO, 4t d&#8217;ESO i\u00a0 Batxillerat [&hellip;]<\/p>\n","protected":false},"author":1,"featured_media":7366,"comment_status":"open","ping_status":"closed","sticky":false,"template":"","format":"standard","meta":{"_bbp_topic_count":0,"_bbp_reply_count":0,"_bbp_total_topic_count":0,"_bbp_total_reply_count":0,"_bbp_voice_count":0,"_bbp_anonymous_reply_count":0,"_bbp_topic_count_hidden":0,"_bbp_reply_count_hidden":0,"_bbp_forum_subforum_count":0,"site-sidebar-layout":"default","site-content-layout":"","ast-site-content-layout":"","site-content-style":"default","site-sidebar-style":"default","ast-global-header-display":"","ast-banner-title-visibility":"","ast-main-header-display":"","ast-hfb-above-header-display":"","ast-hfb-below-header-display":"","ast-hfb-mobile-header-display":"","site-post-title":"","ast-breadcrumbs-content":"","ast-featured-img":"","footer-sml-layout":"","theme-transparent-header-meta":"","adv-header-id-meta":"","stick-header-meta":"","header-above-stick-meta":"","header-main-stick-meta":"","header-below-stick-meta":"","astra-migrate-meta-layouts":"default","ast-page-background-enabled":"default","ast-page-background-meta":{"desktop":{"background-color":"var(--ast-global-color-5)","background-image":"","background-repeat":"repeat","background-position":"center center","background-size":"auto","background-attachment":"scroll","background-type":"","background-media":"","overlay-type":"","overlay-color":"","overlay-opacity":"","overlay-gradient":""},"tablet":{"background-color":"","background-image":"","background-repeat":"repeat","background-position":"center center","background-size":"auto","background-attachment":"scroll","background-type":"","background-media":"","overlay-type":"","overlay-color":"","overlay-opacity":"","overlay-gradient":""},"mobile":{"background-color":"","background-image":"","background-repeat":"repeat","background-position":"center center","background-size":"auto","background-attachment":"scroll","background-type":"","background-media":"","overlay-type":"","overlay-color":"","overlay-opacity":"","overlay-gradient":""}},"ast-content-background-meta":{"desktop":{"background-color":"var(--ast-global-color-4)","background-image":"","background-repeat":"repeat","background-position":"center center","background-size":"auto","background-attachment":"scroll","background-type":"","background-media":"","overlay-type":"","overlay-color":"","overlay-opacity":"","overlay-gradient":""},"tablet":{"background-color":"var(--ast-global-color-4)","background-image":"","background-repeat":"repeat","background-position":"center center","background-size":"auto","background-attachment":"scroll","background-type":"","background-media":"","overlay-type":"","overlay-color":"","overlay-opacity":"","overlay-gradient":""},"mobile":{"background-color":"var(--ast-global-color-4)","background-image":"","background-repeat":"repeat","background-position":"center center","background-size":"auto","background-attachment":"scroll","background-type":"","background-media":"","overlay-type":"","overlay-color":"","overlay-opacity":"","overlay-gradient":""}},"footnotes":""},"categories":[348,349,8,83,333,3,14,15,317,318,19,20,319,24,25,320,1],"tags":[340,142,334,132,343],"class_list":["post-7349","post","type-post","status-publish","format-standard","has-post-thumbnail","hentry","category-1rbatx","category-2nbatx","category-batxillerat","category-ciencies","category-curs2021","category-eso","category-eso-2a","category-eso-2b","category-eso-2c","category-eso-2d","category-eso-3a","category-eso-3b","category-eso-3c","category-eso-4a","category-eso-4b","category-eso-4c","category-general","tag-batxillerat","tag-ciencies","tag-curs2021","tag-eso","tag-la-marato"],"post_mailing_queue_ids":[],"_links":{"self":[{"href":"https:\/\/agora.xtec.cat\/insjvfoix\/wp-json\/wp\/v2\/posts\/7349","targetHints":{"allow":["GET"]}}],"collection":[{"href":"https:\/\/agora.xtec.cat\/insjvfoix\/wp-json\/wp\/v2\/posts"}],"about":[{"href":"https:\/\/agora.xtec.cat\/insjvfoix\/wp-json\/wp\/v2\/types\/post"}],"author":[{"embeddable":true,"href":"https:\/\/agora.xtec.cat\/insjvfoix\/wp-json\/wp\/v2\/users\/1"}],"replies":[{"embeddable":true,"href":"https:\/\/agora.xtec.cat\/insjvfoix\/wp-json\/wp\/v2\/comments?post=7349"}],"version-history":[{"count":4,"href":"https:\/\/agora.xtec.cat\/insjvfoix\/wp-json\/wp\/v2\/posts\/7349\/revisions"}],"predecessor-version":[{"id":7608,"href":"https:\/\/agora.xtec.cat\/insjvfoix\/wp-json\/wp\/v2\/posts\/7349\/revisions\/7608"}],"wp:featuredmedia":[{"embeddable":true,"href":"https:\/\/agora.xtec.cat\/insjvfoix\/wp-json\/wp\/v2\/media\/7366"}],"wp:attachment":[{"href":"https:\/\/agora.xtec.cat\/insjvfoix\/wp-json\/wp\/v2\/media?parent=7349"}],"wp:term":[{"taxonomy":"category","embeddable":true,"href":"https:\/\/agora.xtec.cat\/insjvfoix\/wp-json\/wp\/v2\/categories?post=7349"},{"taxonomy":"post_tag","embeddable":true,"href":"https:\/\/agora.xtec.cat\/insjvfoix\/wp-json\/wp\/v2\/tags?post=7349"}],"curies":[{"name":"wp","href":"https:\/\/api.w.org\/{rel}","templated":true}]}}