{"id":6885,"date":"2020-02-19T07:51:05","date_gmt":"2020-02-19T06:51:05","guid":{"rendered":"http:\/\/agora.xtec.cat\/insjvfoix\/?p=6885"},"modified":"2021-03-25T08:54:59","modified_gmt":"2021-03-25T07:54:59","slug":"continuem-amb-el-projecte-escoles-ambaixadores-de-la-unio-europea","status":"publish","type":"post","link":"https:\/\/agora.xtec.cat\/insjvfoix\/general\/continuem-amb-el-projecte-escoles-ambaixadores-de-la-unio-europea\/","title":{"rendered":"Continuem amb el projecte Escoles Ambaixadores de la Uni\u00f3 Europea"},"content":{"rendered":"<div>Els alumnes de 4rt continuen fent activitats relacionades amb el programa <i>Escola Ambaixadora de la Uni\u00f3 Europea<\/i>.<\/div>\n<div><\/div>\n<div>Han fet una activitat en la que per grups, han buscat informaci\u00f3 sobre un tema relacionat amb la Uni\u00f3 Europea (les institucions, els valors, la hist\u00f2ria, els s\u00edmbols&#8230;) per despr\u00e9s fer una<\/div>\n<div><\/div>\n<div>presentaci\u00f3 a l&#8217;aula. Amb la informaci\u00f3 que han presentat anirem actualitzant el punt d&#8217;informaci\u00f3 del vest\u00edbul.<\/div>\n<div><\/div>\n<div>Els alumnes de l&#8217;Aula Oberta de 4rt tamb\u00e9 han realitzat un punt d&#8217;informaci\u00f3 que est\u00e0 situat a l&#8217;edifici annex de l&#8217;institut.\u00a0<span style=\"color: #888888;\"><br clear=\"all\" \/><\/span><\/div>\n<div><\/div>\n<div>\n<div id='gallery-1' class='gallery galleryid-6885 gallery-columns-2 gallery-size-full'><figure class='gallery-item'>\n\t\t\t<div class='gallery-icon landscape'>\n\t\t\t\t<a href='https:\/\/agora.xtec.cat\/insjvfoix\/general\/continuem-amb-el-projecte-escoles-ambaixadores-de-la-unio-europea\/attachment\/20200122_135209\/'><img loading=\"lazy\" decoding=\"async\" width=\"577\" height=\"433\" src=\"https:\/\/agora.xtec.cat\/insjvfoix\/wp-content\/uploads\/usu394\/2020\/02\/20200122_135209.jpg\" class=\"attachment-full size-full\" alt=\"\" srcset=\"https:\/\/agora.xtec.cat\/insjvfoix\/wp-content\/uploads\/usu394\/2020\/02\/20200122_135209.jpg 577w, https:\/\/agora.xtec.cat\/insjvfoix\/wp-content\/uploads\/usu394\/2020\/02\/20200122_135209-300x225.jpg 300w, https:\/\/agora.xtec.cat\/insjvfoix\/wp-content\/uploads\/usu394\/2020\/02\/20200122_135209-200x150.jpg 200w\" sizes=\"auto, (max-width: 577px) 100vw, 577px\" \/><\/a>\n\t\t\t<\/div><\/figure><figure class='gallery-item'>\n\t\t\t<div class='gallery-icon landscape'>\n\t\t\t\t<a href='https:\/\/agora.xtec.cat\/insjvfoix\/general\/continuem-amb-el-projecte-escoles-ambaixadores-de-la-unio-europea\/attachment\/20200122_140505\/'><img loading=\"lazy\" decoding=\"async\" width=\"577\" height=\"433\" src=\"https:\/\/agora.xtec.cat\/insjvfoix\/wp-content\/uploads\/usu394\/2020\/02\/20200122_140505.jpg\" class=\"attachment-full size-full\" alt=\"\" srcset=\"https:\/\/agora.xtec.cat\/insjvfoix\/wp-content\/uploads\/usu394\/2020\/02\/20200122_140505.jpg 577w, https:\/\/agora.xtec.cat\/insjvfoix\/wp-content\/uploads\/usu394\/2020\/02\/20200122_140505-300x225.jpg 300w, https:\/\/agora.xtec.cat\/insjvfoix\/wp-content\/uploads\/usu394\/2020\/02\/20200122_140505-200x150.jpg 200w\" sizes=\"auto, (max-width: 577px) 100vw, 577px\" \/><\/a>\n\t\t\t<\/div><\/figure><figure class='gallery-item'>\n\t\t\t<div class='gallery-icon landscape'>\n\t\t\t\t<a href='https:\/\/agora.xtec.cat\/insjvfoix\/general\/continuem-amb-el-projecte-escoles-ambaixadores-de-la-unio-europea\/attachment\/20200127_114754\/'><img loading=\"lazy\" decoding=\"async\" width=\"577\" height=\"433\" src=\"https:\/\/agora.xtec.cat\/insjvfoix\/wp-content\/uploads\/usu394\/2020\/02\/20200127_114754.jpg\" class=\"attachment-full size-full\" alt=\"\" srcset=\"https:\/\/agora.xtec.cat\/insjvfoix\/wp-content\/uploads\/usu394\/2020\/02\/20200127_114754.jpg 577w, https:\/\/agora.xtec.cat\/insjvfoix\/wp-content\/uploads\/usu394\/2020\/02\/20200127_114754-300x225.jpg 300w, https:\/\/agora.xtec.cat\/insjvfoix\/wp-content\/uploads\/usu394\/2020\/02\/20200127_114754-200x150.jpg 200w\" sizes=\"auto, (max-width: 577px) 100vw, 577px\" \/><\/a>\n\t\t\t<\/div><\/figure><figure class='gallery-item'>\n\t\t\t<div class='gallery-icon landscape'>\n\t\t\t\t<a href='https:\/\/agora.xtec.cat\/insjvfoix\/general\/continuem-amb-el-projecte-escoles-ambaixadores-de-la-unio-europea\/attachment\/20200127_120059\/'><img loading=\"lazy\" decoding=\"async\" width=\"577\" height=\"433\" src=\"https:\/\/agora.xtec.cat\/insjvfoix\/wp-content\/uploads\/usu394\/2020\/02\/20200127_120059.jpg\" class=\"attachment-full size-full\" alt=\"\" srcset=\"https:\/\/agora.xtec.cat\/insjvfoix\/wp-content\/uploads\/usu394\/2020\/02\/20200127_120059.jpg 577w, https:\/\/agora.xtec.cat\/insjvfoix\/wp-content\/uploads\/usu394\/2020\/02\/20200127_120059-300x225.jpg 300w, https:\/\/agora.xtec.cat\/insjvfoix\/wp-content\/uploads\/usu394\/2020\/02\/20200127_120059-200x150.jpg 200w\" sizes=\"auto, (max-width: 577px) 100vw, 577px\" \/><\/a>\n\t\t\t<\/div><\/figure><figure class='gallery-item'>\n\t\t\t<div class='gallery-icon landscape'>\n\t\t\t\t<a href='https:\/\/agora.xtec.cat\/insjvfoix\/general\/continuem-amb-el-projecte-escoles-ambaixadores-de-la-unio-europea\/attachment\/20200127_120712\/'><img loading=\"lazy\" decoding=\"async\" width=\"577\" height=\"433\" src=\"https:\/\/agora.xtec.cat\/insjvfoix\/wp-content\/uploads\/usu394\/2020\/02\/20200127_120712.jpg\" class=\"attachment-full size-full\" alt=\"\" srcset=\"https:\/\/agora.xtec.cat\/insjvfoix\/wp-content\/uploads\/usu394\/2020\/02\/20200127_120712.jpg 577w, https:\/\/agora.xtec.cat\/insjvfoix\/wp-content\/uploads\/usu394\/2020\/02\/20200127_120712-300x225.jpg 300w, https:\/\/agora.xtec.cat\/insjvfoix\/wp-content\/uploads\/usu394\/2020\/02\/20200127_120712-200x150.jpg 200w\" sizes=\"auto, (max-width: 577px) 100vw, 577px\" \/><\/a>\n\t\t\t<\/div><\/figure><figure class='gallery-item'>\n\t\t\t<div class='gallery-icon landscape'>\n\t\t\t\t<a href='https:\/\/agora.xtec.cat\/insjvfoix\/general\/continuem-amb-el-projecte-escoles-ambaixadores-de-la-unio-europea\/attachment\/ao\/'><img loading=\"lazy\" decoding=\"async\" width=\"1600\" height=\"1200\" src=\"https:\/\/agora.xtec.cat\/insjvfoix\/wp-content\/uploads\/usu394\/2020\/02\/AO.jpeg\" class=\"attachment-full size-full\" alt=\"\" srcset=\"https:\/\/agora.xtec.cat\/insjvfoix\/wp-content\/uploads\/usu394\/2020\/02\/AO.jpeg 1600w, https:\/\/agora.xtec.cat\/insjvfoix\/wp-content\/uploads\/usu394\/2020\/02\/AO-300x225.jpeg 300w, https:\/\/agora.xtec.cat\/insjvfoix\/wp-content\/uploads\/usu394\/2020\/02\/AO-768x576.jpeg 768w, https:\/\/agora.xtec.cat\/insjvfoix\/wp-content\/uploads\/usu394\/2020\/02\/AO-1024x768.jpeg 1024w, https:\/\/agora.xtec.cat\/insjvfoix\/wp-content\/uploads\/usu394\/2020\/02\/AO-200x150.jpeg 200w\" sizes=\"auto, (max-width: 1600px) 100vw, 1600px\" \/><\/a>\n\t\t\t<\/div><\/figure>\n\t\t<\/div>\n\n<\/div>\n","protected":false},"excerpt":{"rendered":"<p>Els alumnes de 4rt continuen fent activitats relacionades amb el programa Escola Ambaixadora de la Uni\u00f3 Europea. Han fet una activitat en la que per grups, han buscat informaci\u00f3 sobre un tema relacionat amb la Uni\u00f3 Europea (les institucions, els valors, la hist\u00f2ria, els s\u00edmbols&#8230;) per despr\u00e9s fer una presentaci\u00f3 a l&#8217;aula. Amb la informaci\u00f3 [&hellip;]<\/p>\n","protected":false},"author":51,"featured_media":6891,"comment_status":"open","ping_status":"closed","sticky":false,"template":"","format":"standard","meta":{"_bbp_topic_count":0,"_bbp_reply_count":0,"_bbp_total_topic_count":0,"_bbp_total_reply_count":0,"_bbp_voice_count":0,"_bbp_anonymous_reply_count":0,"_bbp_topic_count_hidden":0,"_bbp_reply_count_hidden":0,"_bbp_forum_subforum_count":0,"site-sidebar-layout":"default","site-content-layout":"","ast-site-content-layout":"","site-content-style":"default","site-sidebar-style":"default","ast-global-header-display":"","ast-banner-title-visibility":"","ast-main-header-display":"","ast-hfb-above-header-display":"","ast-hfb-below-header-display":"","ast-hfb-mobile-header-display":"","site-post-title":"","ast-breadcrumbs-content":"","ast-featured-img":"","footer-sml-layout":"","theme-transparent-header-meta":"","adv-header-id-meta":"","stick-header-meta":"","header-above-stick-meta":"","header-main-stick-meta":"","header-below-stick-meta":"","astra-migrate-meta-layouts":"default","ast-page-background-enabled":"default","ast-page-background-meta":{"desktop":{"background-color":"var(--ast-global-color-5)","background-image":"","background-repeat":"repeat","background-position":"center center","background-size":"auto","background-attachment":"scroll","background-type":"","background-media":"","overlay-type":"","overlay-color":"","overlay-opacity":"","overlay-gradient":""},"tablet":{"background-color":"","background-image":"","background-repeat":"repeat","background-position":"center center","background-size":"auto","background-attachment":"scroll","background-type":"","background-media":"","overlay-type":"","overlay-color":"","overlay-opacity":"","overlay-gradient":""},"mobile":{"background-color":"","background-image":"","background-repeat":"repeat","background-position":"center center","background-size":"auto","background-attachment":"scroll","background-type":"","background-media":"","overlay-type":"","overlay-color":"","overlay-opacity":"","overlay-gradient":""}},"ast-content-background-meta":{"desktop":{"background-color":"var(--ast-global-color-4)","background-image":"","background-repeat":"repeat","background-position":"center center","background-size":"auto","background-attachment":"scroll","background-type":"","background-media":"","overlay-type":"","overlay-color":"","overlay-opacity":"","overlay-gradient":""},"tablet":{"background-color":"var(--ast-global-color-4)","background-image":"","background-repeat":"repeat","background-position":"center center","background-size":"auto","background-attachment":"scroll","background-type":"","background-media":"","overlay-type":"","overlay-color":"","overlay-opacity":"","overlay-gradient":""},"mobile":{"background-color":"var(--ast-global-color-4)","background-image":"","background-repeat":"repeat","background-position":"center center","background-size":"auto","background-attachment":"scroll","background-type":"","background-media":"","overlay-type":"","overlay-color":"","overlay-opacity":"","overlay-gradient":""}},"footnotes":""},"categories":[310,360,3,24,25,1,29,129,373],"tags":[400,402,312,342,441],"class_list":["post-6885","post","type-post","status-publish","format-standard","has-post-thumbnail","hentry","category-curs-2019-2020","category-escoles-ambaixadores-ue","category-eso","category-eso-4a","category-eso-4b","category-general","category-portada","category-socials","category-valors-etics-i-ciutadans","tag-4t-eso-a","tag-4t-eso-b","tag-curs-2019-2020","tag-socials","tag-valors-etics"],"post_mailing_queue_ids":[],"_links":{"self":[{"href":"https:\/\/agora.xtec.cat\/insjvfoix\/wp-json\/wp\/v2\/posts\/6885","targetHints":{"allow":["GET"]}}],"collection":[{"href":"https:\/\/agora.xtec.cat\/insjvfoix\/wp-json\/wp\/v2\/posts"}],"about":[{"href":"https:\/\/agora.xtec.cat\/insjvfoix\/wp-json\/wp\/v2\/types\/post"}],"author":[{"embeddable":true,"href":"https:\/\/agora.xtec.cat\/insjvfoix\/wp-json\/wp\/v2\/users\/51"}],"replies":[{"embeddable":true,"href":"https:\/\/agora.xtec.cat\/insjvfoix\/wp-json\/wp\/v2\/comments?post=6885"}],"version-history":[{"count":1,"href":"https:\/\/agora.xtec.cat\/insjvfoix\/wp-json\/wp\/v2\/posts\/6885\/revisions"}],"predecessor-version":[{"id":6892,"href":"https:\/\/agora.xtec.cat\/insjvfoix\/wp-json\/wp\/v2\/posts\/6885\/revisions\/6892"}],"wp:featuredmedia":[{"embeddable":true,"href":"https:\/\/agora.xtec.cat\/insjvfoix\/wp-json\/wp\/v2\/media\/6891"}],"wp:attachment":[{"href":"https:\/\/agora.xtec.cat\/insjvfoix\/wp-json\/wp\/v2\/media?parent=6885"}],"wp:term":[{"taxonomy":"category","embeddable":true,"href":"https:\/\/agora.xtec.cat\/insjvfoix\/wp-json\/wp\/v2\/categories?post=6885"},{"taxonomy":"post_tag","embeddable":true,"href":"https:\/\/agora.xtec.cat\/insjvfoix\/wp-json\/wp\/v2\/tags?post=6885"}],"curies":[{"name":"wp","href":"https:\/\/api.w.org\/{rel}","templated":true}]}}